{"id":84695,"date":"2026-08-30T12:00:24","date_gmt":"2026-08-30T10:00:24","guid":{"rendered":"https:\/\/www.parmacalcio1913.com\/?post_type=pr_news&#038;p=84695"},"modified":"2026-08-29T22:06:54","modified_gmt":"2026-08-29T20:06:54","slug":"quaderni-in-spalla-parma-calcio-al-fianco-dei-lions-per-la-raccolta-di-materiale-scolastico","status":"publish","type":"pr_news","link":"https:\/\/www.parmacalcio1913.com\/en\/main-news\/quaderni-in-spalla-parma-calcio-al-fianco-dei-lions-per-la-raccolta-di-materiale-scolastico\/","title":{"rendered":"\u201cQUADERNI IN SPALLA\u201d: PARMA CALCIO AL FIANCO DEI LIONS PER LA RACCOLTA DI MATERIALE SCOLASTICO"},"content":{"rendered":"<p>[swp_content page_og_title=&#8221;\u201cQUADERNI IN SPALLA\u201d: PARMA CALCIO AL FIANCO DEI LIONS PER LA RACCOLTA DI MATERIALE SCOLASTICO&#8221; page_og_description=&#8221;null&#8221; page_og_type=&#8221;null&#8221; page_og_image=&#8221;https:\/\/www.parmacalcio1913.com\/wp-content\/uploads\/_ogs\/Card-Logo-2026-27_SL-20260829165737.webp&#8221; page_keywords=&#8221;null&#8221; page_description=&#8221;null&#8221; page_on_app=&#8221;1&#8243; page_on_home=&#8221;1&#8243; news_cover=&#8221;https:\/\/www.parmacalcio1913.com\/wp-content\/uploads\/_news\/Card-Logo-2026-27_SL-20260829165746.webp&#8221; news_exclude=&#8221;[]&#8221; news_include=&#8221;[]&#8221; news_include_continent=&#8221;[]&#8221; ][swp_wrapper  id=&#8221;id&#8221;  order=&#8221;1&#8243;  name=&#8221;blocco 1&#8243; option_wrapper_color=&#8221;1&#8243; option_wrapper_image=&#8221;1&#8243; ][swp_hero_mini  id=&#8221;0&#8243;  type=&#8221;hero_mini&#8221;  order=&#8221;1&#8243;  name=&#8221;hero_mini&#8221; option_header_mini=&#8221;1&#8243; option_component_anchor=&#8221;null&#8221; option_component_padding=&#8221;[]&#8221; data_hero_title=&#8221;\u201cQUADERNI IN SPALLA\u201d: PARMA CALCIO AL FIANCO DEI LIONS PER LA RACCOLTA DI MATERIALE SCOLASTICO&#8221; data_hero_image=&#8221;https:\/\/www.parmacalcio1913.com\/wp-content\/uploads\/_heros\/Card-Logo-2026-27_SL-20260829165800.webp&#8221; data_hero_align_r=&#8221;1&#8243; data_hero_align=&#8221;1&#8243; data_hero_image_responsive=&#8221;https:\/\/www.parmacalcio1913.com\/wp-content\/uploads\/_heros\/Card-Logo-2026-27_SL-20260829165809.webp&#8221; data_icon_image_alt=&#8221;null&#8221; ][\/swp_hero_mini][swp_base_p  id=&#8221;1&#8243;  type=&#8221;base_p&#8221;  order=&#8221;2&#8243;  name=&#8221;base_p&#8221; option_component_anchor=&#8221;null&#8221; option_component_padding=&#8221;[]&#8221; data_box_title=&#8221;null&#8221; data_box_subtitle=&#8221;null&#8221; data_box_text=&#8221;<\/p>\n<p><em>Parma, 30 agosto 2026<\/em> \u2013 Parma Calcio sostiene \u201c<strong>Quaderni in Spalla<\/strong>\u201d, l\u2019iniziativa solidale organizzata dai <strong>Lions Club<\/strong> per raccogliere materiale scolastico da destinare all\u2019<strong>Emporio Solidale \u2013 Parma Non Spreca<\/strong>, a sostegno delle famiglie del territorio in difficolt\u00e0.<\/p>\n<p><\/p>\n<p>La raccolta si svolger\u00e0 in due giornate, gioved\u00ec 3 e domenica 6 settembre, e coinvolger\u00e0 direttamente anche lo Stadio Ennio Tardini. Il primo appuntamento sar\u00e0 in occasione di \u201cAndiamo al Parma\u201d, con un gazebo dedicato all\u2019interno dell\u2019evento. L\u2019iniziativa proseguir\u00e0 domenica 6 settembre, in occasione di Parma-Monza, con due punti di raccolta all\u2019esterno dello stadio: uno in Piazzale Risorgimento, accanto allo Store Parma Calcio, e uno in via Puccini.<\/p>\n<p><\/p>\n<p>Tifosi e cittadini potranno contribuire donando quaderni, penne, matite, astucci e zaini, anche usati purch\u00e9 in buono stato. Tutto il materiale raccolto sar\u00e0 successivamente consegnato all\u2019Emporio Solidale, con l\u2019obiettivo di fornire un aiuto concreto alle famiglie che ne hanno maggiore necessit\u00e0 in vista dell&#8217;inizio dell&#8217;anno scolastico.<\/p>\n<p><\/p>\n<p>L\u2019iniziativa potr\u00e0 contare sul supporto dei volontari dei <strong>Boys<\/strong>, del <strong>Centro Coordinamento Parma Clubs<\/strong> e sul patrocinio del <strong>Comune di Parma<\/strong>, unendo diverse realt\u00e0 cittadine attorno a un progetto dedicato alla solidariet\u00e0 e alla comunit\u00e0.<\/p>\n<p>&#8221; data_box_twitch=&#8221;null&#8221; data_box_instagram=&#8221;null&#8221; data_box_tiktok=&#8221;null&#8221; data_box_twitter=&#8221;null&#8221; data_box_youtube=&#8221;null&#8221; data_box_facebook=&#8221;null&#8221; ][\/swp_base_p][swp_image  id=&#8221;2&#8243;  type=&#8221;image&#8221;  order=&#8221;3&#8243;  name=&#8221;image&#8221; option_component_anchor=&#8221;null&#8221; option_component_padding=&#8221;[]&#8221; data_box_image=&#8221;https:\/\/www.parmacalcio1913.com\/wp-content\/uploads\/_heros\/LOCANDINA-QUADERNI-IN-SPALLA-DEFINITIVA_page-0001-20260829170300.webp&#8221; data_box_image_mini=&#8221;1&#8243; data_box_image_alt=&#8221;null&#8221; data_box_image_description=&#8221;null&#8221; ][\/swp_image][swp_base_p  id=&#8221;3&#8243;  type=&#8221;base_p&#8221;  order=&#8221;4&#8243;  name=&#8221;base_p&#8221; option_component_anchor=&#8221;null&#8221; option_component_padding=&#8221;[]&#8221; data_box_title=&#8221;null&#8221; data_box_subtitle=&#8221;null&#8221; data_box_text=&#8221;<\/p>\n<p><em>Quaderni in Spalla nasce dalla volont\u00e0 di trasformare un gesto semplice, come donare del materiale scolastico, in un aiuto concreto per le famiglie del nostro territorio <\/em>\u2013 afferma <strong>Stefano Mistrali<\/strong>, Presidente del Lions Club Parma Farnese. <em>Siamo felici di poter contare sul sostegno di Parma Calcio e di tutte le realt\u00e0 che hanno scelto di affiancarci in questa iniziativa: insieme possiamo fare la differenza e permettere a tanti bambini e ragazzi di iniziare il nuovo anno scolastico con maggiore serenit\u00e0. La solidariet\u00e0 \u00e8 davvero efficace quando diventa partecipazione e coinvolge tutta la comunit\u00e0<\/em><\/p>\n<p><\/p>\n<p>Con l\u2019adesione a \u201cQuaderni in Spalla\u201d, Parma Calcio rinnova il proprio impegno al fianco del territorio e della comunit\u00e0, sostenendo un\u2019iniziativa che attraverso un gesto semplice e concreto vuole contribuire a garantire a bambini e ragazzi gli strumenti necessari per affrontare il nuovo anno scolastico.<\/p>\n<p>&#8221; data_box_twitch=&#8221;null&#8221; data_box_instagram=&#8221;null&#8221; data_box_tiktok=&#8221;null&#8221; data_box_twitter=&#8221;null&#8221; data_box_youtube=&#8221;null&#8221; data_box_facebook=&#8221;null&#8221; ][\/swp_base_p][\/swp_wrapper][\/swp_content]<\/p>\n","protected":false},"excerpt":{"rendered":"<p>[swp_content page_og_title=&#8221;\u201cQUADERNI IN SPALLA\u201d: PARMA CALCIO AL FIANCO DEI LIONS PER LA RACCOLTA DI MATERIALE SCOLASTICO&#8221; page_og_description=&#8221;null&#8221; page_og_type=&#8221;null&#8221; page_og_image=&#8221;https:\/\/www.parmacalcio1913.com\/wp-content\/uploads\/_ogs\/Card-Logo-2026-27_SL-20260829165737.webp&#8221; page_keywords=&#8221;null&#8221; page_description=&#8221;null&#8221; page_on_app=&#8221;1&#8243; page_on_home=&#8221;1&#8243; news_cover=&#8221;https:\/\/www.parmacalcio1913.com\/wp-content\/uploads\/_news\/Card-Logo-2026-27_SL-20260829165746.webp&#8221; news_exclude=&#8221;[]&#8221; news_include=&#8221;[]&#8221; news_include_continent=&#8221;[]&#8221; ][swp_wrapper id=&#8221;id&#8221; order=&#8221;1&#8243; name=&#8221;blocco 1&#8243; option_wrapper_color=&#8221;1&#8243; option_wrapper_image=&#8221;1&#8243; ][swp_hero_mini id=&#8221;0&#8243; type=&#8221;hero_mini&#8221; order=&#8221;1&#8243; name=&#8221;hero_mini&#8221; option_header_mini=&#8221;1&#8243; option_component_anchor=&#8221;null&#8221; option_component_padding=&#8221;[]&#8221; data_hero_title=&#8221;\u201cQUADERNI IN SPALLA\u201d: PARMA CALCIO AL FIANCO DEI LIONS PER LA RACCOLTA DI [&hellip;]<\/p>\n","protected":false},"author":28,"featured_media":0,"menu_order":0,"template":"","format":"standard","meta":{"footnotes":""},"categories":[62],"tags":[39],"class_list":["post-84695","pr_news","type-pr_news","status-publish","format-standard","hentry","category-prima-squadra-maschile","tag-prima-squadra"],"yoast_head":"<!-- This site is optimized with the Yoast SEO plugin v28.3 - https:\/\/yoast.com\/product\/yoast-seo-wordpress\/ -->\n<title>\u201cQUADERNI IN SPALLA\u201d: PARMA CALCIO AL FIANCO DEI LIONS PER LA RACCOLTA DI MATERIALE SCOLASTICO - Parma Calcio 1913<\/title>\n<meta name=\"robots\" content=\"index, follow, max-snippet:-1, max-image-preview:large, max-video-preview:-1\" \/>\n<link rel=\"canonical\" href=\"https:\/\/www.parmacalcio1913.com\/en\/main-news\/quaderni-in-spalla-parma-calcio-al-fianco-dei-lions-per-la-raccolta-di-materiale-scolastico\/\" \/>\n<meta property=\"og:locale\" content=\"en_US\" \/>\n<meta property=\"og:type\" content=\"article\" \/>\n<meta property=\"og:title\" content=\"\u201cQUADERNI IN SPALLA\u201d: PARMA CALCIO AL FIANCO DEI LIONS PER LA RACCOLTA DI MATERIALE SCOLASTICO - Parma Calcio 1913\" \/>\n<meta property=\"og:description\" content=\"[swp_content page_og_title=&#8221;\u201cQUADERNI IN SPALLA\u201d: PARMA CALCIO AL FIANCO DEI LIONS PER LA RACCOLTA DI MATERIALE SCOLASTICO&#8221; page_og_description=&#8221;null&#8221; page_og_type=&#8221;null&#8221; page_og_image=&#8221;https:\/\/www.parmacalcio1913.com\/wp-content\/uploads\/_ogs\/Card-Logo-2026-27_SL-20260829165737.webp&#8221; page_keywords=&#8221;null&#8221; page_description=&#8221;null&#8221; page_on_app=&#8221;1&#8243; page_on_home=&#8221;1&#8243; news_cover=&#8221;https:\/\/www.parmacalcio1913.com\/wp-content\/uploads\/_news\/Card-Logo-2026-27_SL-20260829165746.webp&#8221; news_exclude=&#8221;[]&#8221; news_include=&#8221;[]&#8221; news_include_continent=&#8221;[]&#8221; ][swp_wrapper id=&#8221;id&#8221; order=&#8221;1&#8243; name=&#8221;blocco 1&#8243; option_wrapper_color=&#8221;1&#8243; option_wrapper_image=&#8221;1&#8243; ][swp_hero_mini id=&#8221;0&#8243; type=&#8221;hero_mini&#8221; order=&#8221;1&#8243; name=&#8221;hero_mini&#8221; option_header_mini=&#8221;1&#8243; option_component_anchor=&#8221;null&#8221; option_component_padding=&#8221;[]&#8221; data_hero_title=&#8221;\u201cQUADERNI IN SPALLA\u201d: PARMA CALCIO AL FIANCO DEI LIONS PER LA RACCOLTA DI [&hellip;]\" \/>\n<meta property=\"og:url\" content=\"https:\/\/www.parmacalcio1913.com\/en\/main-news\/quaderni-in-spalla-parma-calcio-al-fianco-dei-lions-per-la-raccolta-di-materiale-scolastico\/\" \/>\n<meta property=\"og:site_name\" content=\"Parma Calcio 1913\" \/>\n<meta property=\"article:publisher\" content=\"https:\/\/www.facebook.com\/parmacalcio1913\/yoast\" \/>\n<meta name=\"twitter:card\" content=\"summary_large_image\" \/>\n<meta name=\"twitter:label1\" content=\"Est. reading time\" \/>\n\t<meta name=\"twitter:data1\" content=\"3 minutes\" \/>\n<script type=\"application\/ld+json\" class=\"yoast-schema-graph\">{\"@context\":\"https:\\\/\\\/schema.org\",\"@graph\":[{\"@type\":\"WebPage\",\"@id\":\"https:\\\/\\\/www.parmacalcio1913.com\\\/en\\\/main-news\\\/quaderni-in-spalla-parma-calcio-al-fianco-dei-lions-per-la-raccolta-di-materiale-scolastico\\\/\",\"url\":\"https:\\\/\\\/www.parmacalcio1913.com\\\/en\\\/main-news\\\/quaderni-in-spalla-parma-calcio-al-fianco-dei-lions-per-la-raccolta-di-materiale-scolastico\\\/\",\"name\":\"\u201cQUADERNI IN SPALLA\u201d: PARMA CALCIO AL FIANCO DEI LIONS PER LA RACCOLTA DI MATERIALE SCOLASTICO - Parma Calcio 1913\",\"isPartOf\":{\"@id\":\"https:\\\/\\\/www.parmacalcio1913.com\\\/en\\\/#website\"},\"datePublished\":\"2026-08-30T10:00:24+00:00\",\"breadcrumb\":{\"@id\":\"https:\\\/\\\/www.parmacalcio1913.com\\\/en\\\/main-news\\\/quaderni-in-spalla-parma-calcio-al-fianco-dei-lions-per-la-raccolta-di-materiale-scolastico\\\/#breadcrumb\"},\"inLanguage\":\"en-US\",\"potentialAction\":[{\"@type\":\"ReadAction\",\"target\":[\"https:\\\/\\\/www.parmacalcio1913.com\\\/en\\\/main-news\\\/quaderni-in-spalla-parma-calcio-al-fianco-dei-lions-per-la-raccolta-di-materiale-scolastico\\\/\"]}]},{\"@type\":\"BreadcrumbList\",\"@id\":\"https:\\\/\\\/www.parmacalcio1913.com\\\/en\\\/main-news\\\/quaderni-in-spalla-parma-calcio-al-fianco-dei-lions-per-la-raccolta-di-materiale-scolastico\\\/#breadcrumb\",\"itemListElement\":[{\"@type\":\"ListItem\",\"position\":1,\"name\":\"Home\",\"item\":\"https:\\\/\\\/www.parmacalcio1913.com\\\/en\\\/\"},{\"@type\":\"ListItem\",\"position\":2,\"name\":\"News\",\"item\":\"https:\\\/\\\/www.parmacalcio1913.com\\\/en\\\/main-news\\\/\"},{\"@type\":\"ListItem\",\"position\":3,\"name\":\"\u201cQUADERNI IN SPALLA\u201d: PARMA CALCIO AL FIANCO DEI LIONS PER LA RACCOLTA DI MATERIALE SCOLASTICO\"}]},{\"@type\":\"WebSite\",\"@id\":\"https:\\\/\\\/www.parmacalcio1913.com\\\/en\\\/#website\",\"url\":\"https:\\\/\\\/www.parmacalcio1913.com\\\/en\\\/\",\"name\":\"Parma Calcio 1913\",\"description\":\"\",\"publisher\":{\"@id\":\"https:\\\/\\\/www.parmacalcio1913.com\\\/en\\\/#organization\"},\"potentialAction\":[{\"@type\":\"SearchAction\",\"target\":{\"@type\":\"EntryPoint\",\"urlTemplate\":\"https:\\\/\\\/www.parmacalcio1913.com\\\/en\\\/?s={search_term_string}\"},\"query-input\":{\"@type\":\"PropertyValueSpecification\",\"valueRequired\":true,\"valueName\":\"search_term_string\"}}],\"inLanguage\":\"en-US\"},{\"@type\":\"Organization\",\"@id\":\"https:\\\/\\\/www.parmacalcio1913.com\\\/en\\\/#organization\",\"name\":\"Parma Calcio 1913\",\"url\":\"https:\\\/\\\/www.parmacalcio1913.com\\\/en\\\/\",\"logo\":{\"@type\":\"ImageObject\",\"inLanguage\":\"en-US\",\"@id\":\"https:\\\/\\\/www.parmacalcio1913.com\\\/en\\\/#\\\/schema\\\/logo\\\/image\\\/\",\"url\":\"https:\\\/\\\/www.parmacalcio1913.com\\\/wp-content\\\/uploads\\\/2023\\\/04\\\/parma_logo.svg\",\"contentUrl\":\"https:\\\/\\\/www.parmacalcio1913.com\\\/wp-content\\\/uploads\\\/2023\\\/04\\\/parma_logo.svg\",\"width\":67.255,\"height\":82.323,\"caption\":\"Parma Calcio 1913\"},\"image\":{\"@id\":\"https:\\\/\\\/www.parmacalcio1913.com\\\/en\\\/#\\\/schema\\\/logo\\\/image\\\/\"},\"sameAs\":[\"https:\\\/\\\/www.facebook.com\\\/parmacalcio1913\\\/yoast\",\"https:\\\/\\\/www.tiktok.com\\\/@parmacalcio1913\\\/yoast\",\"https:\\\/\\\/www.instagram.com\\\/parmacalcio1913\\\/yoast\",\"https:\\\/\\\/it.linkedin.com\\\/company\\\/parma-calcio-1913\\\/yoast\",\"https:\\\/\\\/www.youtube.com\\\/c\\\/ParmaCalcio1913\\\/yoast\",\"https:\\\/\\\/www.threads.net\\\/@parmacalcio1913\\\/yoast\"]}]}<\/script>\n<!-- \/ Yoast SEO plugin. -->","yoast_head_json":{"title":"\u201cQUADERNI IN SPALLA\u201d: PARMA CALCIO AL FIANCO DEI LIONS PER LA RACCOLTA DI MATERIALE SCOLASTICO - Parma Calcio 1913","robots":{"index":"index","follow":"follow","max-snippet":"max-snippet:-1","max-image-preview":"max-image-preview:large","max-video-preview":"max-video-preview:-1"},"canonical":"https:\/\/www.parmacalcio1913.com\/en\/main-news\/quaderni-in-spalla-parma-calcio-al-fianco-dei-lions-per-la-raccolta-di-materiale-scolastico\/","og_locale":"en_US","og_type":"article","og_title":"\u201cQUADERNI IN SPALLA\u201d: PARMA CALCIO AL FIANCO DEI LIONS PER LA RACCOLTA DI MATERIALE SCOLASTICO - Parma Calcio 1913","og_description":"[swp_content page_og_title=&#8221;\u201cQUADERNI IN SPALLA\u201d: PARMA CALCIO AL FIANCO DEI LIONS PER LA RACCOLTA DI MATERIALE SCOLASTICO&#8221; page_og_description=&#8221;null&#8221; page_og_type=&#8221;null&#8221; page_og_image=&#8221;https:\/\/www.parmacalcio1913.com\/wp-content\/uploads\/_ogs\/Card-Logo-2026-27_SL-20260829165737.webp&#8221; page_keywords=&#8221;null&#8221; page_description=&#8221;null&#8221; page_on_app=&#8221;1&#8243; page_on_home=&#8221;1&#8243; news_cover=&#8221;https:\/\/www.parmacalcio1913.com\/wp-content\/uploads\/_news\/Card-Logo-2026-27_SL-20260829165746.webp&#8221; news_exclude=&#8221;[]&#8221; news_include=&#8221;[]&#8221; news_include_continent=&#8221;[]&#8221; ][swp_wrapper id=&#8221;id&#8221; order=&#8221;1&#8243; name=&#8221;blocco 1&#8243; option_wrapper_color=&#8221;1&#8243; option_wrapper_image=&#8221;1&#8243; ][swp_hero_mini id=&#8221;0&#8243; type=&#8221;hero_mini&#8221; order=&#8221;1&#8243; name=&#8221;hero_mini&#8221; option_header_mini=&#8221;1&#8243; option_component_anchor=&#8221;null&#8221; option_component_padding=&#8221;[]&#8221; data_hero_title=&#8221;\u201cQUADERNI IN SPALLA\u201d: PARMA CALCIO AL FIANCO DEI LIONS PER LA RACCOLTA DI [&hellip;]","og_url":"https:\/\/www.parmacalcio1913.com\/en\/main-news\/quaderni-in-spalla-parma-calcio-al-fianco-dei-lions-per-la-raccolta-di-materiale-scolastico\/","og_site_name":"Parma Calcio 1913","article_publisher":"https:\/\/www.facebook.com\/parmacalcio1913\/yoast","twitter_card":"summary_large_image","twitter_misc":{"Est. reading time":"3 minutes"},"schema":{"@context":"https:\/\/schema.org","@graph":[{"@type":"WebPage","@id":"https:\/\/www.parmacalcio1913.com\/en\/main-news\/quaderni-in-spalla-parma-calcio-al-fianco-dei-lions-per-la-raccolta-di-materiale-scolastico\/","url":"https:\/\/www.parmacalcio1913.com\/en\/main-news\/quaderni-in-spalla-parma-calcio-al-fianco-dei-lions-per-la-raccolta-di-materiale-scolastico\/","name":"\u201cQUADERNI IN SPALLA\u201d: PARMA CALCIO AL FIANCO DEI LIONS PER LA RACCOLTA DI MATERIALE SCOLASTICO - Parma Calcio 1913","isPartOf":{"@id":"https:\/\/www.parmacalcio1913.com\/en\/#website"},"datePublished":"2026-08-30T10:00:24+00:00","breadcrumb":{"@id":"https:\/\/www.parmacalcio1913.com\/en\/main-news\/quaderni-in-spalla-parma-calcio-al-fianco-dei-lions-per-la-raccolta-di-materiale-scolastico\/#breadcrumb"},"inLanguage":"en-US","potentialAction":[{"@type":"ReadAction","target":["https:\/\/www.parmacalcio1913.com\/en\/main-news\/quaderni-in-spalla-parma-calcio-al-fianco-dei-lions-per-la-raccolta-di-materiale-scolastico\/"]}]},{"@type":"BreadcrumbList","@id":"https:\/\/www.parmacalcio1913.com\/en\/main-news\/quaderni-in-spalla-parma-calcio-al-fianco-dei-lions-per-la-raccolta-di-materiale-scolastico\/#breadcrumb","itemListElement":[{"@type":"ListItem","position":1,"name":"Home","item":"https:\/\/www.parmacalcio1913.com\/en\/"},{"@type":"ListItem","position":2,"name":"News","item":"https:\/\/www.parmacalcio1913.com\/en\/main-news\/"},{"@type":"ListItem","position":3,"name":"\u201cQUADERNI IN SPALLA\u201d: PARMA CALCIO AL FIANCO DEI LIONS PER LA RACCOLTA DI MATERIALE SCOLASTICO"}]},{"@type":"WebSite","@id":"https:\/\/www.parmacalcio1913.com\/en\/#website","url":"https:\/\/www.parmacalcio1913.com\/en\/","name":"Parma Calcio 1913","description":"","publisher":{"@id":"https:\/\/www.parmacalcio1913.com\/en\/#organization"},"potentialAction":[{"@type":"SearchAction","target":{"@type":"EntryPoint","urlTemplate":"https:\/\/www.parmacalcio1913.com\/en\/?s={search_term_string}"},"query-input":{"@type":"PropertyValueSpecification","valueRequired":true,"valueName":"search_term_string"}}],"inLanguage":"en-US"},{"@type":"Organization","@id":"https:\/\/www.parmacalcio1913.com\/en\/#organization","name":"Parma Calcio 1913","url":"https:\/\/www.parmacalcio1913.com\/en\/","logo":{"@type":"ImageObject","inLanguage":"en-US","@id":"https:\/\/www.parmacalcio1913.com\/en\/#\/schema\/logo\/image\/","url":"https:\/\/www.parmacalcio1913.com\/wp-content\/uploads\/2023\/04\/parma_logo.svg","contentUrl":"https:\/\/www.parmacalcio1913.com\/wp-content\/uploads\/2023\/04\/parma_logo.svg","width":67.255,"height":82.323,"caption":"Parma Calcio 1913"},"image":{"@id":"https:\/\/www.parmacalcio1913.com\/en\/#\/schema\/logo\/image\/"},"sameAs":["https:\/\/www.facebook.com\/parmacalcio1913\/yoast","https:\/\/www.tiktok.com\/@parmacalcio1913\/yoast","https:\/\/www.instagram.com\/parmacalcio1913\/yoast","https:\/\/it.linkedin.com\/company\/parma-calcio-1913\/yoast","https:\/\/www.youtube.com\/c\/ParmaCalcio1913\/yoast","https:\/\/www.threads.net\/@parmacalcio1913\/yoast"]}]}},"_links":{"self":[{"href":"https:\/\/www.parmacalcio1913.com\/en\/wp-json\/wp\/v2\/pr_news\/84695","targetHints":{"allow":["GET"]}}],"collection":[{"href":"https:\/\/www.parmacalcio1913.com\/en\/wp-json\/wp\/v2\/pr_news"}],"about":[{"href":"https:\/\/www.parmacalcio1913.com\/en\/wp-json\/wp\/v2\/types\/pr_news"}],"author":[{"embeddable":true,"href":"https:\/\/www.parmacalcio1913.com\/en\/wp-json\/wp\/v2\/users\/28"}],"version-history":[{"count":6,"href":"https:\/\/www.parmacalcio1913.com\/en\/wp-json\/wp\/v2\/pr_news\/84695\/revisions"}],"predecessor-version":[{"id":84786,"href":"https:\/\/www.parmacalcio1913.com\/en\/wp-json\/wp\/v2\/pr_news\/84695\/revisions\/84786"}],"wp:attachment":[{"href":"https:\/\/www.parmacalcio1913.com\/en\/wp-json\/wp\/v2\/media?parent=84695"}],"wp:term":[{"taxonomy":"category","embeddable":true,"href":"https:\/\/www.parmacalcio1913.com\/en\/wp-json\/wp\/v2\/categories?post=84695"},{"taxonomy":"post_tag","embeddable":true,"href":"https:\/\/www.parmacalcio1913.com\/en\/wp-json\/wp\/v2\/tags?post=84695"}],"curies":[{"name":"wp","href":"https:\/\/api.w.org\/{rel}","templated":true}]}}