{"id":80632,"date":"2026-05-02T14:21:38","date_gmt":"2026-05-02T12:21:38","guid":{"rendered":"https:\/\/www.parmacalcio1913.com\/?post_type=pr_news&#038;p=80632"},"modified":"2026-05-02T14:21:38","modified_gmt":"2026-05-02T12:21:38","slug":"primavera-1-lallenatore-nicola-corrent-un-risultato-straordinario-di-tutti","status":"publish","type":"pr_news","link":"https:\/\/www.parmacalcio1913.com\/en\/main-news\/primavera-1-lallenatore-nicola-corrent-un-risultato-straordinario-di-tutti\/","title":{"rendered":"PRIMAVERA 1, L\u2019ALLENATORE NICOLA CORRENT: \u201cUN RISULTATO STRAORDINARIO DI TUTTI\u201d"},"content":{"rendered":"<p>[swp_content page_og_title=&#8221;PRIMAVERA 1, L\u2019ALLENATORE NICOLA CORRENT: \u201cUN RISULTATO STRAORDINARIO DI TUTTI\u201d&#8221; page_og_description=&#8221;null&#8221; page_og_type=&#8221;null&#8221; page_og_image=&#8221;https:\/\/www.parmacalcio1913.com\/wp-content\/uploads\/_ogs\/ParJuv005mister-scaled-20260412164630.webp&#8221; page_keywords=&#8221;null&#8221; page_description=&#8221;null&#8221; page_on_app=&#8221;1&#8243; page_on_home=&#8221;1&#8243; news_cover=&#8221;https:\/\/www.parmacalcio1913.com\/wp-content\/uploads\/_news\/ParJuv005mister-scaled-20260412164645.webp&#8221; news_exclude=&#8221;[]&#8221; news_include=&#8221;[]&#8221; news_include_continent=&#8221;[]&#8221; ][swp_wrapper  id=&#8221;id&#8221;  order=&#8221;1&#8243;  name=&#8221;blocco 1&#8243; option_wrapper_color=&#8221;1&#8243; option_wrapper_image=&#8221;1&#8243; ][swp_hero_mini  id=&#8221;0&#8243;  type=&#8221;hero_mini&#8221;  order=&#8221;1&#8243;  name=&#8221;hero_mini&#8221; option_header_mini=&#8221;1&#8243; option_component_anchor=&#8221;null&#8221; option_component_padding=&#8221;[]&#8221; data_hero_title=&#8221;PRIMAVERA 1, L\u2019ALLENATORE NICOLA CORRENT: \u201cUN RISULTATO STRAORDINARIO DI TUTTI\u201d&#8221; data_hero_image=&#8221;https:\/\/www.parmacalcio1913.com\/wp-content\/uploads\/_heros\/ParJuv005mister-scaled-20260412164708.webp&#8221; data_hero_align_r=&#8221;1&#8243; data_hero_align=&#8221;1&#8243; data_hero_image_responsive=&#8221;https:\/\/www.parmacalcio1913.com\/wp-content\/uploads\/_heros\/ParJuv005mister-scaled-20260412164713.webp&#8221; data_icon_image_alt=&#8221;null&#8221; ][\/swp_hero_mini][swp_base_p  id=&#8221;1&#8243;  type=&#8221;base_p&#8221;  order=&#8221;2&#8243;  name=&#8221;base_p&#8221; option_component_anchor=&#8221;null&#8221; option_component_padding=&#8221;[]&#8221; data_box_title=&#8221;null&#8221; data_box_subtitle=&#8221;null&#8221; data_box_text=&#8221;<\/p>\n<p><em>Roma, 2 maggio 2026<\/em> \u2013 Le dichiarazioni dell\u2019allenatore Nicola Corrent, rilasciate al termine della partita Lazio-Parma, valida per la diciassettesima giornata di ritorno del Campionato Primavera 1.<\/p>\n<p><\/p>\n<p>\u201cAbbiamo fatto una grande vittoria e abbiamo raggiunto matematicamente l\u2019accesso ai playoff. Penso che questo sia un risultato straordinario, ottenuto dalla squadra, dal gruppo, dallo staff e dalla societ\u00e0, che ci mette a disposizione tutto il meglio per lavorare nelle condizioni migliori. Credo che debba essere rimarcato perch\u00e9, per la prima volta, il Parma disputava il campionato Primavera 1 ed \u00e8 riuscito ad arrivare ai playoff a due partite dalla fine. Credo che sia qualcosa di fantastico. Per quanto riguarda la partita, \u00e8 stata difficile perch\u00e9 la Lazio \u00e8 una squadra fisica, con calciatori forti, verticale; per\u00f2 nel primo tempo abbiamo fatto molto bene. Peccato averla riaperta all\u2019inizio del secondo tempo, con il gol che hanno segnato nei primissimi minuti e che ha dato loro fiducia. I ragazzi sono stati bravi perch\u00e9 hanno sofferto quando bisognava soffrire, hanno reagito anche nei momenti caotici e confusi della partita. La Lazio \u00e8 una squadra che ti porta nell\u2019aggressivit\u00e0, nella provocazione, a creare episodi che possono determinare l\u2019andamento della gara, per\u00f2 siamo rimasti sempre molto lucidi, pur soffrendo. I ragazzi hanno fatto una partita consapevole e di alto livello, il gruppo ha lavorato alla grande. Sono veramente soddisfatto e voglio fare i complimenti a tutti\u201d.<\/p>\n<p>&#8221; data_box_twitch=&#8221;null&#8221; data_box_instagram=&#8221;null&#8221; data_box_tiktok=&#8221;null&#8221; data_box_twitter=&#8221;null&#8221; data_box_youtube=&#8221;null&#8221; data_box_facebook=&#8221;null&#8221; ][\/swp_base_p][\/swp_wrapper][\/swp_content]<\/p>\n","protected":false},"excerpt":{"rendered":"<p>[swp_content page_og_title=&#8221;PRIMAVERA 1, L\u2019ALLENATORE NICOLA CORRENT: \u201cUN RISULTATO STRAORDINARIO DI TUTTI\u201d&#8221; page_og_description=&#8221;null&#8221; page_og_type=&#8221;null&#8221; page_og_image=&#8221;https:\/\/www.parmacalcio1913.com\/wp-content\/uploads\/_ogs\/ParJuv005mister-scaled-20260412164630.webp&#8221; page_keywords=&#8221;null&#8221; page_description=&#8221;null&#8221; page_on_app=&#8221;1&#8243; page_on_home=&#8221;1&#8243; news_cover=&#8221;https:\/\/www.parmacalcio1913.com\/wp-content\/uploads\/_news\/ParJuv005mister-scaled-20260412164645.webp&#8221; news_exclude=&#8221;[]&#8221; news_include=&#8221;[]&#8221; news_include_continent=&#8221;[]&#8221; ][swp_wrapper id=&#8221;id&#8221; order=&#8221;1&#8243; name=&#8221;blocco 1&#8243; option_wrapper_color=&#8221;1&#8243; option_wrapper_image=&#8221;1&#8243; ][swp_hero_mini id=&#8221;0&#8243; type=&#8221;hero_mini&#8221; order=&#8221;1&#8243; name=&#8221;hero_mini&#8221; option_header_mini=&#8221;1&#8243; option_component_anchor=&#8221;null&#8221; option_component_padding=&#8221;[]&#8221; data_hero_title=&#8221;PRIMAVERA 1, L\u2019ALLENATORE NICOLA CORRENT: \u201cUN RISULTATO STRAORDINARIO DI TUTTI\u201d&#8221; data_hero_image=&#8221;https:\/\/www.parmacalcio1913.com\/wp-content\/uploads\/_heros\/ParJuv005mister-scaled-20260412164708.webp&#8221; data_hero_align_r=&#8221;1&#8243; data_hero_align=&#8221;1&#8243; data_hero_image_responsive=&#8221;https:\/\/www.parmacalcio1913.com\/wp-content\/uploads\/_heros\/ParJuv005mister-scaled-20260412164713.webp&#8221; data_icon_image_alt=&#8221;null&#8221; ][\/swp_hero_mini][swp_base_p id=&#8221;1&#8243; type=&#8221;base_p&#8221; [&hellip;]<\/p>\n","protected":false},"author":27,"featured_media":0,"menu_order":0,"template":"","format":"standard","meta":{"footnotes":""},"categories":[65],"tags":[59],"class_list":["post-80632","pr_news","type-pr_news","status-publish","format-standard","hentry","category-giovanili","tag-giovanili"],"yoast_head":"<!-- This site is optimized with the Yoast SEO plugin v27.4 - https:\/\/yoast.com\/product\/yoast-seo-wordpress\/ -->\n<title>PRIMAVERA 1, L\u2019ALLENATORE NICOLA CORRENT: \u201cUN RISULTATO STRAORDINARIO DI TUTTI\u201d - Parma Calcio 1913<\/title>\n<meta name=\"robots\" content=\"index, follow, max-snippet:-1, max-image-preview:large, max-video-preview:-1\" \/>\n<link rel=\"canonical\" href=\"https:\/\/www.parmacalcio1913.com\/en\/main-news\/primavera-1-lallenatore-nicola-corrent-un-risultato-straordinario-di-tutti\/\" \/>\n<meta property=\"og:locale\" content=\"en_US\" \/>\n<meta property=\"og:type\" content=\"article\" \/>\n<meta property=\"og:title\" content=\"PRIMAVERA 1, L\u2019ALLENATORE NICOLA CORRENT: \u201cUN RISULTATO STRAORDINARIO DI TUTTI\u201d - Parma Calcio 1913\" \/>\n<meta property=\"og:description\" content=\"[swp_content page_og_title=&#8221;PRIMAVERA 1, L\u2019ALLENATORE NICOLA CORRENT: \u201cUN RISULTATO STRAORDINARIO DI TUTTI\u201d&#8221; page_og_description=&#8221;null&#8221; page_og_type=&#8221;null&#8221; page_og_image=&#8221;https:\/\/www.parmacalcio1913.com\/wp-content\/uploads\/_ogs\/ParJuv005mister-scaled-20260412164630.webp&#8221; page_keywords=&#8221;null&#8221; page_description=&#8221;null&#8221; page_on_app=&#8221;1&#8243; page_on_home=&#8221;1&#8243; news_cover=&#8221;https:\/\/www.parmacalcio1913.com\/wp-content\/uploads\/_news\/ParJuv005mister-scaled-20260412164645.webp&#8221; news_exclude=&#8221;[]&#8221; news_include=&#8221;[]&#8221; news_include_continent=&#8221;[]&#8221; ][swp_wrapper id=&#8221;id&#8221; order=&#8221;1&#8243; name=&#8221;blocco 1&#8243; option_wrapper_color=&#8221;1&#8243; option_wrapper_image=&#8221;1&#8243; ][swp_hero_mini id=&#8221;0&#8243; type=&#8221;hero_mini&#8221; order=&#8221;1&#8243; name=&#8221;hero_mini&#8221; option_header_mini=&#8221;1&#8243; option_component_anchor=&#8221;null&#8221; option_component_padding=&#8221;[]&#8221; data_hero_title=&#8221;PRIMAVERA 1, L\u2019ALLENATORE NICOLA CORRENT: \u201cUN RISULTATO STRAORDINARIO DI TUTTI\u201d&#8221; data_hero_image=&#8221;https:\/\/www.parmacalcio1913.com\/wp-content\/uploads\/_heros\/ParJuv005mister-scaled-20260412164708.webp&#8221; data_hero_align_r=&#8221;1&#8243; data_hero_align=&#8221;1&#8243; data_hero_image_responsive=&#8221;https:\/\/www.parmacalcio1913.com\/wp-content\/uploads\/_heros\/ParJuv005mister-scaled-20260412164713.webp&#8221; data_icon_image_alt=&#8221;null&#8221; ][\/swp_hero_mini][swp_base_p id=&#8221;1&#8243; type=&#8221;base_p&#8221; [&hellip;]\" \/>\n<meta property=\"og:url\" content=\"https:\/\/www.parmacalcio1913.com\/en\/main-news\/primavera-1-lallenatore-nicola-corrent-un-risultato-straordinario-di-tutti\/\" \/>\n<meta property=\"og:site_name\" content=\"Parma Calcio 1913\" \/>\n<meta property=\"article:publisher\" content=\"https:\/\/www.facebook.com\/parmacalcio1913\/yoast\" \/>\n<meta name=\"twitter:card\" content=\"summary_large_image\" \/>\n<meta name=\"twitter:label1\" content=\"Est. reading time\" \/>\n\t<meta name=\"twitter:data1\" content=\"2 minutes\" \/>\n<script type=\"application\/ld+json\" class=\"yoast-schema-graph\">{\"@context\":\"https:\\\/\\\/schema.org\",\"@graph\":[{\"@type\":\"WebPage\",\"@id\":\"https:\\\/\\\/www.parmacalcio1913.com\\\/en\\\/main-news\\\/primavera-1-lallenatore-nicola-corrent-un-risultato-straordinario-di-tutti\\\/\",\"url\":\"https:\\\/\\\/www.parmacalcio1913.com\\\/en\\\/main-news\\\/primavera-1-lallenatore-nicola-corrent-un-risultato-straordinario-di-tutti\\\/\",\"name\":\"PRIMAVERA 1, L\u2019ALLENATORE NICOLA CORRENT: \u201cUN RISULTATO STRAORDINARIO DI TUTTI\u201d - Parma Calcio 1913\",\"isPartOf\":{\"@id\":\"https:\\\/\\\/www.parmacalcio1913.com\\\/en\\\/#website\"},\"datePublished\":\"2026-05-02T12:21:38+00:00\",\"breadcrumb\":{\"@id\":\"https:\\\/\\\/www.parmacalcio1913.com\\\/en\\\/main-news\\\/primavera-1-lallenatore-nicola-corrent-un-risultato-straordinario-di-tutti\\\/#breadcrumb\"},\"inLanguage\":\"en-US\",\"potentialAction\":[{\"@type\":\"ReadAction\",\"target\":[\"https:\\\/\\\/www.parmacalcio1913.com\\\/en\\\/main-news\\\/primavera-1-lallenatore-nicola-corrent-un-risultato-straordinario-di-tutti\\\/\"]}]},{\"@type\":\"BreadcrumbList\",\"@id\":\"https:\\\/\\\/www.parmacalcio1913.com\\\/en\\\/main-news\\\/primavera-1-lallenatore-nicola-corrent-un-risultato-straordinario-di-tutti\\\/#breadcrumb\",\"itemListElement\":[{\"@type\":\"ListItem\",\"position\":1,\"name\":\"Home\",\"item\":\"https:\\\/\\\/www.parmacalcio1913.com\\\/en\\\/\"},{\"@type\":\"ListItem\",\"position\":2,\"name\":\"News\",\"item\":\"https:\\\/\\\/www.parmacalcio1913.com\\\/en\\\/main-news\\\/\"},{\"@type\":\"ListItem\",\"position\":3,\"name\":\"PRIMAVERA 1, L\u2019ALLENATORE NICOLA CORRENT: \u201cUN RISULTATO STRAORDINARIO DI TUTTI\u201d\"}]},{\"@type\":\"WebSite\",\"@id\":\"https:\\\/\\\/www.parmacalcio1913.com\\\/en\\\/#website\",\"url\":\"https:\\\/\\\/www.parmacalcio1913.com\\\/en\\\/\",\"name\":\"Parma Calcio 1913\",\"description\":\"\",\"publisher\":{\"@id\":\"https:\\\/\\\/www.parmacalcio1913.com\\\/en\\\/#organization\"},\"potentialAction\":[{\"@type\":\"SearchAction\",\"target\":{\"@type\":\"EntryPoint\",\"urlTemplate\":\"https:\\\/\\\/www.parmacalcio1913.com\\\/en\\\/?s={search_term_string}\"},\"query-input\":{\"@type\":\"PropertyValueSpecification\",\"valueRequired\":true,\"valueName\":\"search_term_string\"}}],\"inLanguage\":\"en-US\"},{\"@type\":\"Organization\",\"@id\":\"https:\\\/\\\/www.parmacalcio1913.com\\\/en\\\/#organization\",\"name\":\"Parma Calcio 1913\",\"url\":\"https:\\\/\\\/www.parmacalcio1913.com\\\/en\\\/\",\"logo\":{\"@type\":\"ImageObject\",\"inLanguage\":\"en-US\",\"@id\":\"https:\\\/\\\/www.parmacalcio1913.com\\\/en\\\/#\\\/schema\\\/logo\\\/image\\\/\",\"url\":\"https:\\\/\\\/www.parmacalcio1913.com\\\/wp-content\\\/uploads\\\/2023\\\/04\\\/parma_logo.svg\",\"contentUrl\":\"https:\\\/\\\/www.parmacalcio1913.com\\\/wp-content\\\/uploads\\\/2023\\\/04\\\/parma_logo.svg\",\"width\":67.255,\"height\":82.323,\"caption\":\"Parma Calcio 1913\"},\"image\":{\"@id\":\"https:\\\/\\\/www.parmacalcio1913.com\\\/en\\\/#\\\/schema\\\/logo\\\/image\\\/\"},\"sameAs\":[\"https:\\\/\\\/www.facebook.com\\\/parmacalcio1913\\\/yoast\",\"https:\\\/\\\/www.tiktok.com\\\/@parmacalcio1913\\\/yoast\",\"https:\\\/\\\/www.instagram.com\\\/parmacalcio1913\\\/yoast\",\"https:\\\/\\\/it.linkedin.com\\\/company\\\/parma-calcio-1913\\\/yoast\",\"https:\\\/\\\/www.youtube.com\\\/c\\\/ParmaCalcio1913\\\/yoast\",\"https:\\\/\\\/www.threads.net\\\/@parmacalcio1913\\\/yoast\"]}]}<\/script>\n<!-- \/ Yoast SEO plugin. -->","yoast_head_json":{"title":"PRIMAVERA 1, L\u2019ALLENATORE NICOLA CORRENT: \u201cUN RISULTATO STRAORDINARIO DI TUTTI\u201d - Parma Calcio 1913","robots":{"index":"index","follow":"follow","max-snippet":"max-snippet:-1","max-image-preview":"max-image-preview:large","max-video-preview":"max-video-preview:-1"},"canonical":"https:\/\/www.parmacalcio1913.com\/en\/main-news\/primavera-1-lallenatore-nicola-corrent-un-risultato-straordinario-di-tutti\/","og_locale":"en_US","og_type":"article","og_title":"PRIMAVERA 1, L\u2019ALLENATORE NICOLA CORRENT: \u201cUN RISULTATO STRAORDINARIO DI TUTTI\u201d - Parma Calcio 1913","og_description":"[swp_content page_og_title=&#8221;PRIMAVERA 1, L\u2019ALLENATORE NICOLA CORRENT: \u201cUN RISULTATO STRAORDINARIO DI TUTTI\u201d&#8221; page_og_description=&#8221;null&#8221; page_og_type=&#8221;null&#8221; page_og_image=&#8221;https:\/\/www.parmacalcio1913.com\/wp-content\/uploads\/_ogs\/ParJuv005mister-scaled-20260412164630.webp&#8221; page_keywords=&#8221;null&#8221; page_description=&#8221;null&#8221; page_on_app=&#8221;1&#8243; page_on_home=&#8221;1&#8243; news_cover=&#8221;https:\/\/www.parmacalcio1913.com\/wp-content\/uploads\/_news\/ParJuv005mister-scaled-20260412164645.webp&#8221; news_exclude=&#8221;[]&#8221; news_include=&#8221;[]&#8221; news_include_continent=&#8221;[]&#8221; ][swp_wrapper id=&#8221;id&#8221; order=&#8221;1&#8243; name=&#8221;blocco 1&#8243; option_wrapper_color=&#8221;1&#8243; option_wrapper_image=&#8221;1&#8243; ][swp_hero_mini id=&#8221;0&#8243; type=&#8221;hero_mini&#8221; order=&#8221;1&#8243; name=&#8221;hero_mini&#8221; option_header_mini=&#8221;1&#8243; option_component_anchor=&#8221;null&#8221; option_component_padding=&#8221;[]&#8221; data_hero_title=&#8221;PRIMAVERA 1, L\u2019ALLENATORE NICOLA CORRENT: \u201cUN RISULTATO STRAORDINARIO DI TUTTI\u201d&#8221; data_hero_image=&#8221;https:\/\/www.parmacalcio1913.com\/wp-content\/uploads\/_heros\/ParJuv005mister-scaled-20260412164708.webp&#8221; data_hero_align_r=&#8221;1&#8243; data_hero_align=&#8221;1&#8243; data_hero_image_responsive=&#8221;https:\/\/www.parmacalcio1913.com\/wp-content\/uploads\/_heros\/ParJuv005mister-scaled-20260412164713.webp&#8221; data_icon_image_alt=&#8221;null&#8221; ][\/swp_hero_mini][swp_base_p id=&#8221;1&#8243; type=&#8221;base_p&#8221; [&hellip;]","og_url":"https:\/\/www.parmacalcio1913.com\/en\/main-news\/primavera-1-lallenatore-nicola-corrent-un-risultato-straordinario-di-tutti\/","og_site_name":"Parma Calcio 1913","article_publisher":"https:\/\/www.facebook.com\/parmacalcio1913\/yoast","twitter_card":"summary_large_image","twitter_misc":{"Est. reading time":"2 minutes"},"schema":{"@context":"https:\/\/schema.org","@graph":[{"@type":"WebPage","@id":"https:\/\/www.parmacalcio1913.com\/en\/main-news\/primavera-1-lallenatore-nicola-corrent-un-risultato-straordinario-di-tutti\/","url":"https:\/\/www.parmacalcio1913.com\/en\/main-news\/primavera-1-lallenatore-nicola-corrent-un-risultato-straordinario-di-tutti\/","name":"PRIMAVERA 1, L\u2019ALLENATORE NICOLA CORRENT: \u201cUN RISULTATO STRAORDINARIO DI TUTTI\u201d - Parma Calcio 1913","isPartOf":{"@id":"https:\/\/www.parmacalcio1913.com\/en\/#website"},"datePublished":"2026-05-02T12:21:38+00:00","breadcrumb":{"@id":"https:\/\/www.parmacalcio1913.com\/en\/main-news\/primavera-1-lallenatore-nicola-corrent-un-risultato-straordinario-di-tutti\/#breadcrumb"},"inLanguage":"en-US","potentialAction":[{"@type":"ReadAction","target":["https:\/\/www.parmacalcio1913.com\/en\/main-news\/primavera-1-lallenatore-nicola-corrent-un-risultato-straordinario-di-tutti\/"]}]},{"@type":"BreadcrumbList","@id":"https:\/\/www.parmacalcio1913.com\/en\/main-news\/primavera-1-lallenatore-nicola-corrent-un-risultato-straordinario-di-tutti\/#breadcrumb","itemListElement":[{"@type":"ListItem","position":1,"name":"Home","item":"https:\/\/www.parmacalcio1913.com\/en\/"},{"@type":"ListItem","position":2,"name":"News","item":"https:\/\/www.parmacalcio1913.com\/en\/main-news\/"},{"@type":"ListItem","position":3,"name":"PRIMAVERA 1, L\u2019ALLENATORE NICOLA CORRENT: \u201cUN RISULTATO STRAORDINARIO DI TUTTI\u201d"}]},{"@type":"WebSite","@id":"https:\/\/www.parmacalcio1913.com\/en\/#website","url":"https:\/\/www.parmacalcio1913.com\/en\/","name":"Parma Calcio 1913","description":"","publisher":{"@id":"https:\/\/www.parmacalcio1913.com\/en\/#organization"},"potentialAction":[{"@type":"SearchAction","target":{"@type":"EntryPoint","urlTemplate":"https:\/\/www.parmacalcio1913.com\/en\/?s={search_term_string}"},"query-input":{"@type":"PropertyValueSpecification","valueRequired":true,"valueName":"search_term_string"}}],"inLanguage":"en-US"},{"@type":"Organization","@id":"https:\/\/www.parmacalcio1913.com\/en\/#organization","name":"Parma Calcio 1913","url":"https:\/\/www.parmacalcio1913.com\/en\/","logo":{"@type":"ImageObject","inLanguage":"en-US","@id":"https:\/\/www.parmacalcio1913.com\/en\/#\/schema\/logo\/image\/","url":"https:\/\/www.parmacalcio1913.com\/wp-content\/uploads\/2023\/04\/parma_logo.svg","contentUrl":"https:\/\/www.parmacalcio1913.com\/wp-content\/uploads\/2023\/04\/parma_logo.svg","width":67.255,"height":82.323,"caption":"Parma Calcio 1913"},"image":{"@id":"https:\/\/www.parmacalcio1913.com\/en\/#\/schema\/logo\/image\/"},"sameAs":["https:\/\/www.facebook.com\/parmacalcio1913\/yoast","https:\/\/www.tiktok.com\/@parmacalcio1913\/yoast","https:\/\/www.instagram.com\/parmacalcio1913\/yoast","https:\/\/it.linkedin.com\/company\/parma-calcio-1913\/yoast","https:\/\/www.youtube.com\/c\/ParmaCalcio1913\/yoast","https:\/\/www.threads.net\/@parmacalcio1913\/yoast"]}]}},"_links":{"self":[{"href":"https:\/\/www.parmacalcio1913.com\/en\/wp-json\/wp\/v2\/pr_news\/80632","targetHints":{"allow":["GET"]}}],"collection":[{"href":"https:\/\/www.parmacalcio1913.com\/en\/wp-json\/wp\/v2\/pr_news"}],"about":[{"href":"https:\/\/www.parmacalcio1913.com\/en\/wp-json\/wp\/v2\/types\/pr_news"}],"author":[{"embeddable":true,"href":"https:\/\/www.parmacalcio1913.com\/en\/wp-json\/wp\/v2\/users\/27"}],"version-history":[{"count":3,"href":"https:\/\/www.parmacalcio1913.com\/en\/wp-json\/wp\/v2\/pr_news\/80632\/revisions"}],"predecessor-version":[{"id":80641,"href":"https:\/\/www.parmacalcio1913.com\/en\/wp-json\/wp\/v2\/pr_news\/80632\/revisions\/80641"}],"wp:attachment":[{"href":"https:\/\/www.parmacalcio1913.com\/en\/wp-json\/wp\/v2\/media?parent=80632"}],"wp:term":[{"taxonomy":"category","embeddable":true,"href":"https:\/\/www.parmacalcio1913.com\/en\/wp-json\/wp\/v2\/categories?post=80632"},{"taxonomy":"post_tag","embeddable":true,"href":"https:\/\/www.parmacalcio1913.com\/en\/wp-json\/wp\/v2\/tags?post=80632"}],"curies":[{"name":"wp","href":"https:\/\/api.w.org\/{rel}","templated":true}]}}