{"id":80215,"date":"2026-04-25T18:05:12","date_gmt":"2026-04-25T16:05:12","guid":{"rendered":"https:\/\/www.parmacalcio1913.com\/?post_type=pr_news&#038;p=80215"},"modified":"2026-04-25T18:05:12","modified_gmt":"2026-04-25T16:05:12","slug":"primavera-1-lallenatore-nicola-corrent-non-era-semplice-grande-risposta-del-gruppo","status":"publish","type":"pr_news","link":"https:\/\/www.parmacalcio1913.com\/en\/main-news\/primavera-1-lallenatore-nicola-corrent-non-era-semplice-grande-risposta-del-gruppo\/","title":{"rendered":"PRIMAVERA 1, L\u2019ALLENATORE NICOLA CORRENT: \u201cNON ERA SEMPLICE, GRANDE RISPOSTA DEL GRUPPO\u201d"},"content":{"rendered":"<p>[swp_content page_og_title=&#8221;PRIMAVERA 1, L\u2019ALLENATORE NICOLA CORRENT: \u201cNON ERA SEMPLICE, GRANDE RISPOSTA DEL GRUPPO\u201d&#8221; page_og_description=&#8221;null&#8221; page_og_type=&#8221;null&#8221; page_og_image=&#8221;https:\/\/www.parmacalcio1913.com\/wp-content\/uploads\/_ogs\/ParJuv005mister-scaled-20260412164630.webp&#8221; page_keywords=&#8221;null&#8221; page_description=&#8221;null&#8221; page_on_app=&#8221;1&#8243; page_on_home=&#8221;1&#8243; news_cover=&#8221;https:\/\/www.parmacalcio1913.com\/wp-content\/uploads\/_news\/ParJuv005mister-scaled-20260412164645.webp&#8221; news_exclude=&#8221;[]&#8221; news_include=&#8221;[]&#8221; news_include_continent=&#8221;[]&#8221; ][swp_wrapper  id=&#8221;id&#8221;  order=&#8221;1&#8243;  name=&#8221;blocco 1&#8243; option_wrapper_color=&#8221;1&#8243; option_wrapper_image=&#8221;1&#8243; ][swp_hero_mini  id=&#8221;0&#8243;  type=&#8221;hero_mini&#8221;  order=&#8221;1&#8243;  name=&#8221;hero_mini&#8221; option_header_mini=&#8221;1&#8243; option_component_anchor=&#8221;null&#8221; option_component_padding=&#8221;[]&#8221; data_hero_title=&#8221;PRIMAVERA 1, L\u2019ALLENATORE NICOLA CORRENT: \u201cNON ERA SEMPLICE, GRANDE RISPOSTA DEL GRUPPO\u201d&#8221; data_hero_image=&#8221;https:\/\/www.parmacalcio1913.com\/wp-content\/uploads\/_heros\/ParJuv005mister-scaled-20260412164708.webp&#8221; data_hero_align_r=&#8221;1&#8243; data_hero_align=&#8221;1&#8243; data_hero_image_responsive=&#8221;https:\/\/www.parmacalcio1913.com\/wp-content\/uploads\/_heros\/ParJuv005mister-scaled-20260412164713.webp&#8221; data_icon_image_alt=&#8221;null&#8221; ][\/swp_hero_mini][swp_base_p  id=&#8221;1&#8243;  type=&#8221;base_p&#8221;  order=&#8221;2&#8243;  name=&#8221;base_p&#8221; option_component_anchor=&#8221;null&#8221; option_component_padding=&#8221;[]&#8221; data_box_title=&#8221;null&#8221; data_box_subtitle=&#8221;null&#8221; data_box_text=&#8221;<\/p>\n<p><em>Noceto, 25 aprile 2026<\/em> \u2013 Le dichiarazioni dell\u2019allenatore Nicola Corrent, rilasciate al termine della partita Parma-Cremonese, valida per la sedicesima giornata di ritorno del campionato Primavera 1.<\/p>\n<p><\/p>\n<p>\u201c\u00c8 stata una vittoria importante, ma quello che dico sempre ai ragazzi \u00e8 che dobbiamo concentrarci sul fare il meglio possibile nelle nostre partite. Su ci\u00f2 che accade negli altri campi possiamo fare ben poco. Sono consapevole che oggi abbiamo vinto una gara molto difficile. La Cremonese, e non \u00e8 retorica, \u00e8 una squadra che raramente ho visto perdere, anche nelle situazioni pi\u00f9 complicate o con difficolt\u00e0 numeriche. Era una partita impegnativa, contro un avversario forte e organizzato, e noi siamo stati bravi a reagire alle difficolt\u00e0 quando si sono presentate. Nel secondo tempo siamo riusciti a trovare il gol su calcio piazzato e i calciatori entrati dalla panchina hanno dato grande energia e supporto: questo \u00e8 un aspetto importante per tutto il gruppo. Sapendo che la Cremonese dispone di attaccanti molto veloci, il nostro obiettivo era replicare un po\u2019 la partita giocata contro la Juventus, pur con caratteristiche diverse negli interpreti. L\u2019idea era quella e ho deciso di non cambiarla, perch\u00e9 mi sembrava la strada migliore per arrivare alla vittoria. Abbiamo modificato qualcosa negli uomini, inserendo un attaccante pi\u00f9 vicino a Miko (Mikolajewski), e i ragazzi sono stati bravi: sono molto contento. Felice per il gol di Daniel? Sicuramente s\u00ec. A un attaccante il gol pu\u00f2 mancare, ma resta fondamentale per la fiducia. Siamo contenti che lo abbia ritrovato. Adesso ci godiamo questa vittoria per un giorno, poi inizieremo gradualmente a preparare la sfida contro la Lazio\u201d.<\/p>\n<p>&#8221; data_box_twitch=&#8221;null&#8221; data_box_instagram=&#8221;null&#8221; data_box_tiktok=&#8221;null&#8221; data_box_twitter=&#8221;null&#8221; data_box_youtube=&#8221;null&#8221; data_box_facebook=&#8221;null&#8221; ][\/swp_base_p][\/swp_wrapper][\/swp_content]<\/p>\n","protected":false},"excerpt":{"rendered":"<p>[swp_content page_og_title=&#8221;PRIMAVERA 1, L\u2019ALLENATORE NICOLA CORRENT: \u201cNON ERA SEMPLICE, GRANDE RISPOSTA DEL GRUPPO\u201d&#8221; page_og_description=&#8221;null&#8221; page_og_type=&#8221;null&#8221; page_og_image=&#8221;https:\/\/www.parmacalcio1913.com\/wp-content\/uploads\/_ogs\/ParJuv005mister-scaled-20260412164630.webp&#8221; page_keywords=&#8221;null&#8221; page_description=&#8221;null&#8221; page_on_app=&#8221;1&#8243; page_on_home=&#8221;1&#8243; news_cover=&#8221;https:\/\/www.parmacalcio1913.com\/wp-content\/uploads\/_news\/ParJuv005mister-scaled-20260412164645.webp&#8221; news_exclude=&#8221;[]&#8221; news_include=&#8221;[]&#8221; news_include_continent=&#8221;[]&#8221; ][swp_wrapper id=&#8221;id&#8221; order=&#8221;1&#8243; name=&#8221;blocco 1&#8243; option_wrapper_color=&#8221;1&#8243; option_wrapper_image=&#8221;1&#8243; ][swp_hero_mini id=&#8221;0&#8243; type=&#8221;hero_mini&#8221; order=&#8221;1&#8243; name=&#8221;hero_mini&#8221; option_header_mini=&#8221;1&#8243; option_component_anchor=&#8221;null&#8221; option_component_padding=&#8221;[]&#8221; data_hero_title=&#8221;PRIMAVERA 1, L\u2019ALLENATORE NICOLA CORRENT: \u201cNON ERA SEMPLICE, GRANDE RISPOSTA DEL GRUPPO\u201d&#8221; data_hero_image=&#8221;https:\/\/www.parmacalcio1913.com\/wp-content\/uploads\/_heros\/ParJuv005mister-scaled-20260412164708.webp&#8221; data_hero_align_r=&#8221;1&#8243; data_hero_align=&#8221;1&#8243; data_hero_image_responsive=&#8221;https:\/\/www.parmacalcio1913.com\/wp-content\/uploads\/_heros\/ParJuv005mister-scaled-20260412164713.webp&#8221; [&hellip;]<\/p>\n","protected":false},"author":27,"featured_media":0,"menu_order":0,"template":"","format":"standard","meta":{"footnotes":""},"categories":[65],"tags":[59],"class_list":["post-80215","pr_news","type-pr_news","status-publish","format-standard","hentry","category-giovanili","tag-giovanili"],"yoast_head":"<!-- This site is optimized with the Yoast SEO plugin v27.4 - https:\/\/yoast.com\/product\/yoast-seo-wordpress\/ -->\n<title>PRIMAVERA 1, L\u2019ALLENATORE NICOLA CORRENT: \u201cNON ERA SEMPLICE, GRANDE RISPOSTA DEL GRUPPO\u201d - Parma Calcio 1913<\/title>\n<meta name=\"robots\" content=\"index, follow, max-snippet:-1, max-image-preview:large, max-video-preview:-1\" \/>\n<link rel=\"canonical\" href=\"https:\/\/www.parmacalcio1913.com\/en\/main-news\/primavera-1-lallenatore-nicola-corrent-non-era-semplice-grande-risposta-del-gruppo\/\" \/>\n<meta property=\"og:locale\" content=\"en_US\" \/>\n<meta property=\"og:type\" content=\"article\" \/>\n<meta property=\"og:title\" content=\"PRIMAVERA 1, L\u2019ALLENATORE NICOLA CORRENT: \u201cNON ERA SEMPLICE, GRANDE RISPOSTA DEL GRUPPO\u201d - Parma Calcio 1913\" \/>\n<meta property=\"og:description\" content=\"[swp_content page_og_title=&#8221;PRIMAVERA 1, L\u2019ALLENATORE NICOLA CORRENT: \u201cNON ERA SEMPLICE, GRANDE RISPOSTA DEL GRUPPO\u201d&#8221; page_og_description=&#8221;null&#8221; page_og_type=&#8221;null&#8221; page_og_image=&#8221;https:\/\/www.parmacalcio1913.com\/wp-content\/uploads\/_ogs\/ParJuv005mister-scaled-20260412164630.webp&#8221; page_keywords=&#8221;null&#8221; page_description=&#8221;null&#8221; page_on_app=&#8221;1&#8243; page_on_home=&#8221;1&#8243; news_cover=&#8221;https:\/\/www.parmacalcio1913.com\/wp-content\/uploads\/_news\/ParJuv005mister-scaled-20260412164645.webp&#8221; news_exclude=&#8221;[]&#8221; news_include=&#8221;[]&#8221; news_include_continent=&#8221;[]&#8221; ][swp_wrapper id=&#8221;id&#8221; order=&#8221;1&#8243; name=&#8221;blocco 1&#8243; option_wrapper_color=&#8221;1&#8243; option_wrapper_image=&#8221;1&#8243; ][swp_hero_mini id=&#8221;0&#8243; type=&#8221;hero_mini&#8221; order=&#8221;1&#8243; name=&#8221;hero_mini&#8221; option_header_mini=&#8221;1&#8243; option_component_anchor=&#8221;null&#8221; option_component_padding=&#8221;[]&#8221; data_hero_title=&#8221;PRIMAVERA 1, L\u2019ALLENATORE NICOLA CORRENT: \u201cNON ERA SEMPLICE, GRANDE RISPOSTA DEL GRUPPO\u201d&#8221; data_hero_image=&#8221;https:\/\/www.parmacalcio1913.com\/wp-content\/uploads\/_heros\/ParJuv005mister-scaled-20260412164708.webp&#8221; data_hero_align_r=&#8221;1&#8243; data_hero_align=&#8221;1&#8243; data_hero_image_responsive=&#8221;https:\/\/www.parmacalcio1913.com\/wp-content\/uploads\/_heros\/ParJuv005mister-scaled-20260412164713.webp&#8221; [&hellip;]\" \/>\n<meta property=\"og:url\" content=\"https:\/\/www.parmacalcio1913.com\/en\/main-news\/primavera-1-lallenatore-nicola-corrent-non-era-semplice-grande-risposta-del-gruppo\/\" \/>\n<meta property=\"og:site_name\" content=\"Parma Calcio 1913\" \/>\n<meta property=\"article:publisher\" content=\"https:\/\/www.facebook.com\/parmacalcio1913\/yoast\" \/>\n<meta name=\"twitter:card\" content=\"summary_large_image\" \/>\n<meta name=\"twitter:label1\" content=\"Est. reading time\" \/>\n\t<meta name=\"twitter:data1\" content=\"2 minutes\" \/>\n<script type=\"application\/ld+json\" class=\"yoast-schema-graph\">{\"@context\":\"https:\\\/\\\/schema.org\",\"@graph\":[{\"@type\":\"WebPage\",\"@id\":\"https:\\\/\\\/www.parmacalcio1913.com\\\/en\\\/main-news\\\/primavera-1-lallenatore-nicola-corrent-non-era-semplice-grande-risposta-del-gruppo\\\/\",\"url\":\"https:\\\/\\\/www.parmacalcio1913.com\\\/en\\\/main-news\\\/primavera-1-lallenatore-nicola-corrent-non-era-semplice-grande-risposta-del-gruppo\\\/\",\"name\":\"PRIMAVERA 1, L\u2019ALLENATORE NICOLA CORRENT: \u201cNON ERA SEMPLICE, GRANDE RISPOSTA DEL GRUPPO\u201d - Parma Calcio 1913\",\"isPartOf\":{\"@id\":\"https:\\\/\\\/www.parmacalcio1913.com\\\/en\\\/#website\"},\"datePublished\":\"2026-04-25T16:05:12+00:00\",\"breadcrumb\":{\"@id\":\"https:\\\/\\\/www.parmacalcio1913.com\\\/en\\\/main-news\\\/primavera-1-lallenatore-nicola-corrent-non-era-semplice-grande-risposta-del-gruppo\\\/#breadcrumb\"},\"inLanguage\":\"en-US\",\"potentialAction\":[{\"@type\":\"ReadAction\",\"target\":[\"https:\\\/\\\/www.parmacalcio1913.com\\\/en\\\/main-news\\\/primavera-1-lallenatore-nicola-corrent-non-era-semplice-grande-risposta-del-gruppo\\\/\"]}]},{\"@type\":\"BreadcrumbList\",\"@id\":\"https:\\\/\\\/www.parmacalcio1913.com\\\/en\\\/main-news\\\/primavera-1-lallenatore-nicola-corrent-non-era-semplice-grande-risposta-del-gruppo\\\/#breadcrumb\",\"itemListElement\":[{\"@type\":\"ListItem\",\"position\":1,\"name\":\"Home\",\"item\":\"https:\\\/\\\/www.parmacalcio1913.com\\\/en\\\/\"},{\"@type\":\"ListItem\",\"position\":2,\"name\":\"News\",\"item\":\"https:\\\/\\\/www.parmacalcio1913.com\\\/en\\\/main-news\\\/\"},{\"@type\":\"ListItem\",\"position\":3,\"name\":\"PRIMAVERA 1, L\u2019ALLENATORE NICOLA CORRENT: \u201cNON ERA SEMPLICE, GRANDE RISPOSTA DEL GRUPPO\u201d\"}]},{\"@type\":\"WebSite\",\"@id\":\"https:\\\/\\\/www.parmacalcio1913.com\\\/en\\\/#website\",\"url\":\"https:\\\/\\\/www.parmacalcio1913.com\\\/en\\\/\",\"name\":\"Parma Calcio 1913\",\"description\":\"\",\"publisher\":{\"@id\":\"https:\\\/\\\/www.parmacalcio1913.com\\\/en\\\/#organization\"},\"potentialAction\":[{\"@type\":\"SearchAction\",\"target\":{\"@type\":\"EntryPoint\",\"urlTemplate\":\"https:\\\/\\\/www.parmacalcio1913.com\\\/en\\\/?s={search_term_string}\"},\"query-input\":{\"@type\":\"PropertyValueSpecification\",\"valueRequired\":true,\"valueName\":\"search_term_string\"}}],\"inLanguage\":\"en-US\"},{\"@type\":\"Organization\",\"@id\":\"https:\\\/\\\/www.parmacalcio1913.com\\\/en\\\/#organization\",\"name\":\"Parma Calcio 1913\",\"url\":\"https:\\\/\\\/www.parmacalcio1913.com\\\/en\\\/\",\"logo\":{\"@type\":\"ImageObject\",\"inLanguage\":\"en-US\",\"@id\":\"https:\\\/\\\/www.parmacalcio1913.com\\\/en\\\/#\\\/schema\\\/logo\\\/image\\\/\",\"url\":\"https:\\\/\\\/www.parmacalcio1913.com\\\/wp-content\\\/uploads\\\/2023\\\/04\\\/parma_logo.svg\",\"contentUrl\":\"https:\\\/\\\/www.parmacalcio1913.com\\\/wp-content\\\/uploads\\\/2023\\\/04\\\/parma_logo.svg\",\"width\":67.255,\"height\":82.323,\"caption\":\"Parma Calcio 1913\"},\"image\":{\"@id\":\"https:\\\/\\\/www.parmacalcio1913.com\\\/en\\\/#\\\/schema\\\/logo\\\/image\\\/\"},\"sameAs\":[\"https:\\\/\\\/www.facebook.com\\\/parmacalcio1913\\\/yoast\",\"https:\\\/\\\/www.tiktok.com\\\/@parmacalcio1913\\\/yoast\",\"https:\\\/\\\/www.instagram.com\\\/parmacalcio1913\\\/yoast\",\"https:\\\/\\\/it.linkedin.com\\\/company\\\/parma-calcio-1913\\\/yoast\",\"https:\\\/\\\/www.youtube.com\\\/c\\\/ParmaCalcio1913\\\/yoast\",\"https:\\\/\\\/www.threads.net\\\/@parmacalcio1913\\\/yoast\"]}]}<\/script>\n<!-- \/ Yoast SEO plugin. -->","yoast_head_json":{"title":"PRIMAVERA 1, L\u2019ALLENATORE NICOLA CORRENT: \u201cNON ERA SEMPLICE, GRANDE RISPOSTA DEL GRUPPO\u201d - Parma Calcio 1913","robots":{"index":"index","follow":"follow","max-snippet":"max-snippet:-1","max-image-preview":"max-image-preview:large","max-video-preview":"max-video-preview:-1"},"canonical":"https:\/\/www.parmacalcio1913.com\/en\/main-news\/primavera-1-lallenatore-nicola-corrent-non-era-semplice-grande-risposta-del-gruppo\/","og_locale":"en_US","og_type":"article","og_title":"PRIMAVERA 1, L\u2019ALLENATORE NICOLA CORRENT: \u201cNON ERA SEMPLICE, GRANDE RISPOSTA DEL GRUPPO\u201d - Parma Calcio 1913","og_description":"[swp_content page_og_title=&#8221;PRIMAVERA 1, L\u2019ALLENATORE NICOLA CORRENT: \u201cNON ERA SEMPLICE, GRANDE RISPOSTA DEL GRUPPO\u201d&#8221; page_og_description=&#8221;null&#8221; page_og_type=&#8221;null&#8221; page_og_image=&#8221;https:\/\/www.parmacalcio1913.com\/wp-content\/uploads\/_ogs\/ParJuv005mister-scaled-20260412164630.webp&#8221; page_keywords=&#8221;null&#8221; page_description=&#8221;null&#8221; page_on_app=&#8221;1&#8243; page_on_home=&#8221;1&#8243; news_cover=&#8221;https:\/\/www.parmacalcio1913.com\/wp-content\/uploads\/_news\/ParJuv005mister-scaled-20260412164645.webp&#8221; news_exclude=&#8221;[]&#8221; news_include=&#8221;[]&#8221; news_include_continent=&#8221;[]&#8221; ][swp_wrapper id=&#8221;id&#8221; order=&#8221;1&#8243; name=&#8221;blocco 1&#8243; option_wrapper_color=&#8221;1&#8243; option_wrapper_image=&#8221;1&#8243; ][swp_hero_mini id=&#8221;0&#8243; type=&#8221;hero_mini&#8221; order=&#8221;1&#8243; name=&#8221;hero_mini&#8221; option_header_mini=&#8221;1&#8243; option_component_anchor=&#8221;null&#8221; option_component_padding=&#8221;[]&#8221; data_hero_title=&#8221;PRIMAVERA 1, L\u2019ALLENATORE NICOLA CORRENT: \u201cNON ERA SEMPLICE, GRANDE RISPOSTA DEL GRUPPO\u201d&#8221; data_hero_image=&#8221;https:\/\/www.parmacalcio1913.com\/wp-content\/uploads\/_heros\/ParJuv005mister-scaled-20260412164708.webp&#8221; data_hero_align_r=&#8221;1&#8243; data_hero_align=&#8221;1&#8243; data_hero_image_responsive=&#8221;https:\/\/www.parmacalcio1913.com\/wp-content\/uploads\/_heros\/ParJuv005mister-scaled-20260412164713.webp&#8221; [&hellip;]","og_url":"https:\/\/www.parmacalcio1913.com\/en\/main-news\/primavera-1-lallenatore-nicola-corrent-non-era-semplice-grande-risposta-del-gruppo\/","og_site_name":"Parma Calcio 1913","article_publisher":"https:\/\/www.facebook.com\/parmacalcio1913\/yoast","twitter_card":"summary_large_image","twitter_misc":{"Est. reading time":"2 minutes"},"schema":{"@context":"https:\/\/schema.org","@graph":[{"@type":"WebPage","@id":"https:\/\/www.parmacalcio1913.com\/en\/main-news\/primavera-1-lallenatore-nicola-corrent-non-era-semplice-grande-risposta-del-gruppo\/","url":"https:\/\/www.parmacalcio1913.com\/en\/main-news\/primavera-1-lallenatore-nicola-corrent-non-era-semplice-grande-risposta-del-gruppo\/","name":"PRIMAVERA 1, L\u2019ALLENATORE NICOLA CORRENT: \u201cNON ERA SEMPLICE, GRANDE RISPOSTA DEL GRUPPO\u201d - Parma Calcio 1913","isPartOf":{"@id":"https:\/\/www.parmacalcio1913.com\/en\/#website"},"datePublished":"2026-04-25T16:05:12+00:00","breadcrumb":{"@id":"https:\/\/www.parmacalcio1913.com\/en\/main-news\/primavera-1-lallenatore-nicola-corrent-non-era-semplice-grande-risposta-del-gruppo\/#breadcrumb"},"inLanguage":"en-US","potentialAction":[{"@type":"ReadAction","target":["https:\/\/www.parmacalcio1913.com\/en\/main-news\/primavera-1-lallenatore-nicola-corrent-non-era-semplice-grande-risposta-del-gruppo\/"]}]},{"@type":"BreadcrumbList","@id":"https:\/\/www.parmacalcio1913.com\/en\/main-news\/primavera-1-lallenatore-nicola-corrent-non-era-semplice-grande-risposta-del-gruppo\/#breadcrumb","itemListElement":[{"@type":"ListItem","position":1,"name":"Home","item":"https:\/\/www.parmacalcio1913.com\/en\/"},{"@type":"ListItem","position":2,"name":"News","item":"https:\/\/www.parmacalcio1913.com\/en\/main-news\/"},{"@type":"ListItem","position":3,"name":"PRIMAVERA 1, L\u2019ALLENATORE NICOLA CORRENT: \u201cNON ERA SEMPLICE, GRANDE RISPOSTA DEL GRUPPO\u201d"}]},{"@type":"WebSite","@id":"https:\/\/www.parmacalcio1913.com\/en\/#website","url":"https:\/\/www.parmacalcio1913.com\/en\/","name":"Parma Calcio 1913","description":"","publisher":{"@id":"https:\/\/www.parmacalcio1913.com\/en\/#organization"},"potentialAction":[{"@type":"SearchAction","target":{"@type":"EntryPoint","urlTemplate":"https:\/\/www.parmacalcio1913.com\/en\/?s={search_term_string}"},"query-input":{"@type":"PropertyValueSpecification","valueRequired":true,"valueName":"search_term_string"}}],"inLanguage":"en-US"},{"@type":"Organization","@id":"https:\/\/www.parmacalcio1913.com\/en\/#organization","name":"Parma Calcio 1913","url":"https:\/\/www.parmacalcio1913.com\/en\/","logo":{"@type":"ImageObject","inLanguage":"en-US","@id":"https:\/\/www.parmacalcio1913.com\/en\/#\/schema\/logo\/image\/","url":"https:\/\/www.parmacalcio1913.com\/wp-content\/uploads\/2023\/04\/parma_logo.svg","contentUrl":"https:\/\/www.parmacalcio1913.com\/wp-content\/uploads\/2023\/04\/parma_logo.svg","width":67.255,"height":82.323,"caption":"Parma Calcio 1913"},"image":{"@id":"https:\/\/www.parmacalcio1913.com\/en\/#\/schema\/logo\/image\/"},"sameAs":["https:\/\/www.facebook.com\/parmacalcio1913\/yoast","https:\/\/www.tiktok.com\/@parmacalcio1913\/yoast","https:\/\/www.instagram.com\/parmacalcio1913\/yoast","https:\/\/it.linkedin.com\/company\/parma-calcio-1913\/yoast","https:\/\/www.youtube.com\/c\/ParmaCalcio1913\/yoast","https:\/\/www.threads.net\/@parmacalcio1913\/yoast"]}]}},"_links":{"self":[{"href":"https:\/\/www.parmacalcio1913.com\/en\/wp-json\/wp\/v2\/pr_news\/80215","targetHints":{"allow":["GET"]}}],"collection":[{"href":"https:\/\/www.parmacalcio1913.com\/en\/wp-json\/wp\/v2\/pr_news"}],"about":[{"href":"https:\/\/www.parmacalcio1913.com\/en\/wp-json\/wp\/v2\/types\/pr_news"}],"author":[{"embeddable":true,"href":"https:\/\/www.parmacalcio1913.com\/en\/wp-json\/wp\/v2\/users\/27"}],"version-history":[{"count":2,"href":"https:\/\/www.parmacalcio1913.com\/en\/wp-json\/wp\/v2\/pr_news\/80215\/revisions"}],"predecessor-version":[{"id":80217,"href":"https:\/\/www.parmacalcio1913.com\/en\/wp-json\/wp\/v2\/pr_news\/80215\/revisions\/80217"}],"wp:attachment":[{"href":"https:\/\/www.parmacalcio1913.com\/en\/wp-json\/wp\/v2\/media?parent=80215"}],"wp:term":[{"taxonomy":"category","embeddable":true,"href":"https:\/\/www.parmacalcio1913.com\/en\/wp-json\/wp\/v2\/categories?post=80215"},{"taxonomy":"post_tag","embeddable":true,"href":"https:\/\/www.parmacalcio1913.com\/en\/wp-json\/wp\/v2\/tags?post=80215"}],"curies":[{"name":"wp","href":"https:\/\/api.w.org\/{rel}","templated":true}]}}