{"id":72197,"date":"2025-12-02T19:58:40","date_gmt":"2025-12-02T18:58:40","guid":{"rendered":"https:\/\/www.parmacalcio1913.com\/?post_type=pr_news&#038;p=72197"},"modified":"2025-12-02T19:58:40","modified_gmt":"2025-12-02T18:58:40","slug":"parma-calcio-e-anolino-solidale-uniti-nella-solidarieta-per-il-territorio","status":"publish","type":"pr_news","link":"https:\/\/www.parmacalcio1913.com\/en\/main-news\/parma-calcio-e-anolino-solidale-uniti-nella-solidarieta-per-il-territorio\/","title":{"rendered":"PARMA CALCIO E ANOLINO SOLIDALE, UNITI NELLA SOLIDARIET\u00c0 PER IL TERRITORIO"},"content":{"rendered":"<p>[swp_content page_og_title=&#8221;PARMA CALCIO E ANOLINO SOLIDALE, UNITI NELLA SOLIDARIET\u00c0 PER IL TERRITORIO&#8221; page_og_description=&#8221;null&#8221; page_og_type=&#8221;null&#8221; page_og_image=&#8221;https:\/\/www.parmacalcio1913.com\/wp-content\/uploads\/_ogs\/AnolinoSolidale_HD-002-20251202195322.webp&#8221; page_keywords=&#8221;null&#8221; page_description=&#8221;null&#8221; page_on_app=&#8221;1&#8243; page_on_home=&#8221;1&#8243; news_cover=&#8221;https:\/\/www.parmacalcio1913.com\/wp-content\/uploads\/_news\/AnolinoSolidale_HD-002-20251202195331.webp&#8221; news_exclude=&#8221;[]&#8221; news_include=&#8221;[]&#8221; news_include_continent=&#8221;[]&#8221; ][swp_wrapper  id=&#8221;id&#8221;  order=&#8221;1&#8243;  name=&#8221;blocco 1&#8243; option_wrapper_color=&#8221;1&#8243; option_wrapper_image=&#8221;1&#8243; ][swp_gallery  id=&#8221;2&#8243;  type=&#8221;gallery&#8221;  order=&#8221;3&#8243;  name=&#8221;gallery&#8221; option_component_anchor=&#8221;null&#8221; option_component_padding=&#8221;[]&#8221; data_gallery_preview=&#8221;0&#8243; data_gallery_title=&#8221;PARMA CALCIO E ANOLINO SOLIDALE, UNITI NELLA SOLIDARIET\u00c0 PER IL TERRITORIO&#8221; data_gallery_symbol=&#8221;0&#8243; ][swp_data name=&#8221;gallery_medias&#8221;][swp_item media_image=&#8221;https:\/\/www.parmacalcio1913.com\/wp-content\/uploads\/_massives\/AnolinoSolidale_HD-038_20251202185818.webp&#8221; media_video=&#8221;null&#8221; media_title=&#8221;null&#8221; media_preview=&#8221;0&#8243; media_cover=&#8221;0&#8243; ][\/swp_item][swp_item media_image=&#8221;https:\/\/www.parmacalcio1913.com\/wp-content\/uploads\/_massives\/AnolinoSolidale_HD-023_20251202185819.webp&#8221; media_video=&#8221;null&#8221; media_title=&#8221;null&#8221; media_preview=&#8221;0&#8243; media_cover=&#8221;0&#8243; ][\/swp_item][swp_item media_image=&#8221;https:\/\/www.parmacalcio1913.com\/wp-content\/uploads\/_massives\/AnolinoSolidale_HD-014_20251202185820.webp&#8221; media_video=&#8221;null&#8221; media_title=&#8221;null&#8221; media_preview=&#8221;0&#8243; media_cover=&#8221;0&#8243; ][\/swp_item][swp_item media_image=&#8221;https:\/\/www.parmacalcio1913.com\/wp-content\/uploads\/_massives\/AnolinoSolidale_HD-012_20251202185821.webp&#8221; media_video=&#8221;null&#8221; media_title=&#8221;null&#8221; media_preview=&#8221;0&#8243; media_cover=&#8221;0&#8243; ][\/swp_item][swp_item media_image=&#8221;https:\/\/www.parmacalcio1913.com\/wp-content\/uploads\/_massives\/AnolinoSolidale_HD-011_20251202185822.webp&#8221; media_video=&#8221;null&#8221; media_title=&#8221;null&#8221; media_preview=&#8221;0&#8243; media_cover=&#8221;0&#8243; ][\/swp_item][swp_item media_image=&#8221;https:\/\/www.parmacalcio1913.com\/wp-content\/uploads\/_massives\/AnolinoSolidale_HD-001_20251202185823.webp&#8221; media_video=&#8221;null&#8221; media_title=&#8221;null&#8221; media_preview=&#8221;0&#8243; media_cover=&#8221;0&#8243; ][\/swp_item][swp_item media_image=&#8221;https:\/\/www.parmacalcio1913.com\/wp-content\/uploads\/_massives\/AnolinoSolidale_HD-085_20251202185824.webp&#8221; media_video=&#8221;null&#8221; media_title=&#8221;null&#8221; media_preview=&#8221;0&#8243; media_cover=&#8221;0&#8243; ][\/swp_item][swp_item media_image=&#8221;https:\/\/www.parmacalcio1913.com\/wp-content\/uploads\/_massives\/AnolinoSolidale_HD-084_20251202185825.webp&#8221; media_video=&#8221;null&#8221; media_title=&#8221;null&#8221; media_preview=&#8221;0&#8243; media_cover=&#8221;0&#8243; ][\/swp_item][swp_item media_image=&#8221;https:\/\/www.parmacalcio1913.com\/wp-content\/uploads\/_massives\/AnolinoSolidale_HD-073_20251202185826.webp&#8221; media_video=&#8221;null&#8221; media_title=&#8221;null&#8221; media_preview=&#8221;0&#8243; media_cover=&#8221;0&#8243; ][\/swp_item][swp_item media_image=&#8221;https:\/\/www.parmacalcio1913.com\/wp-content\/uploads\/_massives\/AnolinoSolidale_HD-071_20251202185827.webp&#8221; media_video=&#8221;null&#8221; media_title=&#8221;null&#8221; media_preview=&#8221;0&#8243; media_cover=&#8221;0&#8243; ][\/swp_item][swp_item media_image=&#8221;https:\/\/www.parmacalcio1913.com\/wp-content\/uploads\/_massives\/AnolinoSolidale_HD-067_20251202185828.webp&#8221; media_video=&#8221;null&#8221; media_title=&#8221;null&#8221; media_preview=&#8221;0&#8243; media_cover=&#8221;0&#8243; ][\/swp_item][swp_item media_image=&#8221;https:\/\/www.parmacalcio1913.com\/wp-content\/uploads\/_massives\/AnolinoSolidale_HD-064_20251202185829.webp&#8221; media_video=&#8221;null&#8221; media_title=&#8221;null&#8221; media_preview=&#8221;0&#8243; media_cover=&#8221;0&#8243; ][\/swp_item][swp_item media_image=&#8221;https:\/\/www.parmacalcio1913.com\/wp-content\/uploads\/_massives\/AnolinoSolidale_HD-062_20251202185830.webp&#8221; media_video=&#8221;null&#8221; media_title=&#8221;null&#8221; media_preview=&#8221;0&#8243; media_cover=&#8221;0&#8243; ][\/swp_item][swp_item media_image=&#8221;https:\/\/www.parmacalcio1913.com\/wp-content\/uploads\/_massives\/AnolinoSolidale_HD-057_20251202185831.webp&#8221; media_video=&#8221;null&#8221; media_title=&#8221;null&#8221; media_preview=&#8221;0&#8243; media_cover=&#8221;0&#8243; ][\/swp_item][swp_item media_image=&#8221;https:\/\/www.parmacalcio1913.com\/wp-content\/uploads\/_massives\/AnolinoSolidale_HD-055_20251202185831.webp&#8221; media_video=&#8221;null&#8221; media_title=&#8221;null&#8221; media_preview=&#8221;0&#8243; media_cover=&#8221;0&#8243; ][\/swp_item][swp_item media_image=&#8221;https:\/\/www.parmacalcio1913.com\/wp-content\/uploads\/_massives\/AnolinoSolidale_HD-049_20251202185832.webp&#8221; media_video=&#8221;null&#8221; media_title=&#8221;null&#8221; media_preview=&#8221;0&#8243; media_cover=&#8221;0&#8243; ][\/swp_item][swp_item media_image=&#8221;https:\/\/www.parmacalcio1913.com\/wp-content\/uploads\/_massives\/AnolinoSolidale_HD-044_20251202185833.webp&#8221; media_video=&#8221;null&#8221; media_title=&#8221;null&#8221; media_preview=&#8221;0&#8243; media_cover=&#8221;0&#8243; ][\/swp_item][swp_item media_image=&#8221;https:\/\/www.parmacalcio1913.com\/wp-content\/uploads\/_massives\/AnolinoSolidale_HD-039_20251202185834.webp&#8221; media_video=&#8221;null&#8221; media_title=&#8221;null&#8221; media_preview=&#8221;0&#8243; media_cover=&#8221;0&#8243; ][\/swp_item][swp_item media_image=&#8221;https:\/\/www.parmacalcio1913.com\/wp-content\/uploads\/_massives\/AnolinoSolidale_HD-002_20251202185835.webp&#8221; media_video=&#8221;null&#8221; media_title=&#8221;null&#8221; media_preview=&#8221;0&#8243; media_cover=&#8221;0&#8243; ][\/swp_item][\/swp_data][\/swp_gallery][swp_hero_mini  id=&#8221;0&#8243;  type=&#8221;hero_mini&#8221;  order=&#8221;1&#8243;  name=&#8221;hero_mini&#8221; option_header_mini=&#8221;1&#8243; option_component_anchor=&#8221;null&#8221; option_component_padding=&#8221;[]&#8221; data_hero_title=&#8221;PARMA CALCIO E ANOLINO SOLIDALE, UNITI NELLA SOLIDARIET\u00c0 PER IL TERRITORIO&#8221; data_hero_image=&#8221;https:\/\/www.parmacalcio1913.com\/wp-content\/uploads\/_heros\/AnolinoSolidale_HD-002-20251202195344.webp&#8221; data_hero_align_r=&#8221;1&#8243; data_hero_align=&#8221;1&#8243; data_hero_image_responsive=&#8221;https:\/\/www.parmacalcio1913.com\/wp-content\/uploads\/_heros\/AnolinoSolidale_HD-002-20251202195357.webp&#8221; data_icon_image_alt=&#8221;null&#8221; ][\/swp_hero_mini][swp_base_p  id=&#8221;1&#8243;  type=&#8221;base_p&#8221;  order=&#8221;2&#8243;  name=&#8221;base_p&#8221; option_component_anchor=&#8221;null&#8221; option_component_padding=&#8221;[]&#8221; data_box_title=&#8221;null&#8221; data_box_subtitle=&#8221;null&#8221; data_box_text=&#8221;<\/p>\n<p><em>Parma, 2 dicembre 2025<\/em> &#8211; Da sempre sostenitore fin dalla prima edizione, fattivamente presente con un vero e proprio volontariato d\u2019impresa dal 2022 partecipando con una ricca rappresentanza di calciatori, calciatrici e dipendenti, Parma Calcio \u00e8 tornato a \u201cfare squadra\u201d con l\u2019iniziativa <strong>Anolino Solidale<\/strong>. Una tradizione ormai consolidata che unisce e rafforza l\u2019impegno di responsabilit\u00e0 sociale del Club gialloblu con il territorio.&nbsp;<\/p>\n<p>&nbsp;<\/p>\n<p>Una delegazione di oltre 40 persone ha preso parte, questo pomeriggio, a un turno di preparazione e produzione degli anolini, rappresentando tutte le aree del Club (Football, Corporate e calcio Paralimpico). A testimonianza di quanto il legame con \u201c<strong>Parma Facciamo Squadra<\/strong>\u201d sia forte, erano presenti i calciatori della Prima Squadra Maschile Alessandro Circati e Adrian Bernab\u00e9, la calciatrice della Prima Squadra Femminile Camilla Cini e una rappresentanza del Parma Special, la squadra di calcio paralimpico accompagnata dall\u2019allenatore Stefano Cavalli.&nbsp;<\/p>\n<p>&nbsp;<\/p>\n<p>Dopo essere passato da numerosi Comuni della provincia parmense, l\u2019Anolino Solidale \u00e8 arrivato a Parma, dove, al Centro Sociale il Tulipano, fino a domenica pi\u00f9 di mille volontarie e volontari aiuteranno nella produzione dei piccoli dischi di pasta ripiena che rappresentano un simbolo di solidariet\u00e0 e di inclusione con il territorio.<\/p>\n<p>&nbsp;<\/p>\n<p>Parma Calcio, insieme a istituzioni, aziende, enti e associazioni, singoli cittadini, ha portato il proprio contributo per sostenere la crescita educativa dei pi\u00f9 fragili attraverso il metodo del progetto Laboratorio Compiti, un\u2019esperienza che a Parma \u00e8 coordinata dall\u2019associazione LiberaMente APS con il supporto del Centro per le Famiglie del Comune di Parma, e che Parma Facciamo Squadra vuole ampliare portandolo in tutta la provincia, coinvolgendo ragazzi di tutte le et\u00e0, fino alle scuole superiori. Non \u00e8 un semplice doposcuola ma una rete educativa diffusa che mette in relazione famiglie, scuole e comunit\u00e0, trasformando la difficolt\u00e0 individuale in forza collettiva. La campagna di quest\u2019anno, coordinata da CSV Emilia e Consorzio Solidariet\u00e0 Sociale, \u201cImparare \u00e8 un gioco di squadra\u201d, rappresenta fedelmente i valori sociali del Club che da sempre sostiene la comunit\u00e0 attraverso solidariet\u00e0, educazione civica e rispetto.<\/p>\n<p>&#8221; data_box_twitch=&#8221;null&#8221; data_box_instagram=&#8221;null&#8221; data_box_tiktok=&#8221;null&#8221; data_box_twitter=&#8221;null&#8221; data_box_youtube=&#8221;null&#8221; data_box_facebook=&#8221;null&#8221; ][\/swp_base_p][\/swp_wrapper][\/swp_content]<\/p>\n","protected":false},"excerpt":{"rendered":"<p>[swp_content page_og_title=&#8221;PARMA CALCIO E ANOLINO SOLIDALE, UNITI NELLA SOLIDARIET\u00c0 PER IL TERRITORIO&#8221; page_og_description=&#8221;null&#8221; page_og_type=&#8221;null&#8221; page_og_image=&#8221;https:\/\/www.parmacalcio1913.com\/wp-content\/uploads\/_ogs\/AnolinoSolidale_HD-002-20251202195322.webp&#8221; page_keywords=&#8221;null&#8221; page_description=&#8221;null&#8221; page_on_app=&#8221;1&#8243; page_on_home=&#8221;1&#8243; news_cover=&#8221;https:\/\/www.parmacalcio1913.com\/wp-content\/uploads\/_news\/AnolinoSolidale_HD-002-20251202195331.webp&#8221; news_exclude=&#8221;[]&#8221; news_include=&#8221;[]&#8221; news_include_continent=&#8221;[]&#8221; ][swp_wrapper id=&#8221;id&#8221; order=&#8221;1&#8243; name=&#8221;blocco 1&#8243; option_wrapper_color=&#8221;1&#8243; option_wrapper_image=&#8221;1&#8243; ][swp_gallery id=&#8221;2&#8243; type=&#8221;gallery&#8221; order=&#8221;3&#8243; name=&#8221;gallery&#8221; option_component_anchor=&#8221;null&#8221; option_component_padding=&#8221;[]&#8221; data_gallery_preview=&#8221;0&#8243; data_gallery_title=&#8221;PARMA CALCIO E ANOLINO SOLIDALE, UNITI NELLA SOLIDARIET\u00c0 PER IL TERRITORIO&#8221; data_gallery_symbol=&#8221;0&#8243; ][swp_data name=&#8221;gallery_medias&#8221;][swp_item media_image=&#8221;https:\/\/www.parmacalcio1913.com\/wp-content\/uploads\/_massives\/AnolinoSolidale_HD-038_20251202185818.webp&#8221; media_video=&#8221;null&#8221; media_title=&#8221;null&#8221; [&hellip;]<\/p>\n","protected":false},"author":11,"featured_media":0,"menu_order":0,"template":"","format":"standard","meta":{"footnotes":""},"categories":[64],"tags":[184],"class_list":["post-72197","pr_news","type-pr_news","status-publish","format-standard","hentry","category-club","tag-club"],"yoast_head":"<!-- This site is optimized with the Yoast SEO plugin v27.4 - https:\/\/yoast.com\/product\/yoast-seo-wordpress\/ -->\n<title>PARMA CALCIO E ANOLINO SOLIDALE, UNITI NELLA SOLIDARIET\u00c0 PER IL TERRITORIO - Parma Calcio 1913<\/title>\n<meta name=\"robots\" content=\"index, follow, max-snippet:-1, max-image-preview:large, max-video-preview:-1\" \/>\n<link rel=\"canonical\" href=\"https:\/\/www.parmacalcio1913.com\/en\/main-news\/parma-calcio-e-anolino-solidale-uniti-nella-solidarieta-per-il-territorio\/\" \/>\n<meta property=\"og:locale\" content=\"en_US\" \/>\n<meta property=\"og:type\" content=\"article\" \/>\n<meta property=\"og:title\" content=\"PARMA CALCIO E ANOLINO SOLIDALE, UNITI NELLA SOLIDARIET\u00c0 PER IL TERRITORIO - Parma Calcio 1913\" \/>\n<meta property=\"og:description\" content=\"[swp_content page_og_title=&#8221;PARMA CALCIO E ANOLINO SOLIDALE, UNITI NELLA SOLIDARIET\u00c0 PER IL TERRITORIO&#8221; page_og_description=&#8221;null&#8221; page_og_type=&#8221;null&#8221; page_og_image=&#8221;https:\/\/www.parmacalcio1913.com\/wp-content\/uploads\/_ogs\/AnolinoSolidale_HD-002-20251202195322.webp&#8221; page_keywords=&#8221;null&#8221; page_description=&#8221;null&#8221; page_on_app=&#8221;1&#8243; page_on_home=&#8221;1&#8243; news_cover=&#8221;https:\/\/www.parmacalcio1913.com\/wp-content\/uploads\/_news\/AnolinoSolidale_HD-002-20251202195331.webp&#8221; news_exclude=&#8221;[]&#8221; news_include=&#8221;[]&#8221; news_include_continent=&#8221;[]&#8221; ][swp_wrapper id=&#8221;id&#8221; order=&#8221;1&#8243; name=&#8221;blocco 1&#8243; option_wrapper_color=&#8221;1&#8243; option_wrapper_image=&#8221;1&#8243; ][swp_gallery id=&#8221;2&#8243; type=&#8221;gallery&#8221; order=&#8221;3&#8243; name=&#8221;gallery&#8221; option_component_anchor=&#8221;null&#8221; option_component_padding=&#8221;[]&#8221; data_gallery_preview=&#8221;0&#8243; data_gallery_title=&#8221;PARMA CALCIO E ANOLINO SOLIDALE, UNITI NELLA SOLIDARIET\u00c0 PER IL TERRITORIO&#8221; data_gallery_symbol=&#8221;0&#8243; ][swp_data name=&#8221;gallery_medias&#8221;][swp_item media_image=&#8221;https:\/\/www.parmacalcio1913.com\/wp-content\/uploads\/_massives\/AnolinoSolidale_HD-038_20251202185818.webp&#8221; media_video=&#8221;null&#8221; media_title=&#8221;null&#8221; [&hellip;]\" \/>\n<meta property=\"og:url\" content=\"https:\/\/www.parmacalcio1913.com\/en\/main-news\/parma-calcio-e-anolino-solidale-uniti-nella-solidarieta-per-il-territorio\/\" \/>\n<meta property=\"og:site_name\" content=\"Parma Calcio 1913\" \/>\n<meta property=\"article:publisher\" content=\"https:\/\/www.facebook.com\/parmacalcio1913\/yoast\" \/>\n<meta name=\"twitter:card\" content=\"summary_large_image\" \/>\n<meta name=\"twitter:label1\" content=\"Est. reading time\" \/>\n\t<meta name=\"twitter:data1\" content=\"3 minutes\" \/>\n<script type=\"application\/ld+json\" class=\"yoast-schema-graph\">{\"@context\":\"https:\\\/\\\/schema.org\",\"@graph\":[{\"@type\":\"WebPage\",\"@id\":\"https:\\\/\\\/www.parmacalcio1913.com\\\/en\\\/main-news\\\/parma-calcio-e-anolino-solidale-uniti-nella-solidarieta-per-il-territorio\\\/\",\"url\":\"https:\\\/\\\/www.parmacalcio1913.com\\\/en\\\/main-news\\\/parma-calcio-e-anolino-solidale-uniti-nella-solidarieta-per-il-territorio\\\/\",\"name\":\"PARMA CALCIO E ANOLINO SOLIDALE, UNITI NELLA SOLIDARIET\u00c0 PER IL TERRITORIO - Parma Calcio 1913\",\"isPartOf\":{\"@id\":\"https:\\\/\\\/www.parmacalcio1913.com\\\/en\\\/#website\"},\"datePublished\":\"2025-12-02T18:58:40+00:00\",\"breadcrumb\":{\"@id\":\"https:\\\/\\\/www.parmacalcio1913.com\\\/en\\\/main-news\\\/parma-calcio-e-anolino-solidale-uniti-nella-solidarieta-per-il-territorio\\\/#breadcrumb\"},\"inLanguage\":\"en-US\",\"potentialAction\":[{\"@type\":\"ReadAction\",\"target\":[\"https:\\\/\\\/www.parmacalcio1913.com\\\/en\\\/main-news\\\/parma-calcio-e-anolino-solidale-uniti-nella-solidarieta-per-il-territorio\\\/\"]}]},{\"@type\":\"BreadcrumbList\",\"@id\":\"https:\\\/\\\/www.parmacalcio1913.com\\\/en\\\/main-news\\\/parma-calcio-e-anolino-solidale-uniti-nella-solidarieta-per-il-territorio\\\/#breadcrumb\",\"itemListElement\":[{\"@type\":\"ListItem\",\"position\":1,\"name\":\"Home\",\"item\":\"https:\\\/\\\/www.parmacalcio1913.com\\\/en\\\/\"},{\"@type\":\"ListItem\",\"position\":2,\"name\":\"News\",\"item\":\"https:\\\/\\\/www.parmacalcio1913.com\\\/en\\\/main-news\\\/\"},{\"@type\":\"ListItem\",\"position\":3,\"name\":\"PARMA CALCIO E ANOLINO SOLIDALE, UNITI NELLA SOLIDARIET\u00c0 PER IL TERRITORIO\"}]},{\"@type\":\"WebSite\",\"@id\":\"https:\\\/\\\/www.parmacalcio1913.com\\\/en\\\/#website\",\"url\":\"https:\\\/\\\/www.parmacalcio1913.com\\\/en\\\/\",\"name\":\"Parma Calcio 1913\",\"description\":\"\",\"publisher\":{\"@id\":\"https:\\\/\\\/www.parmacalcio1913.com\\\/en\\\/#organization\"},\"potentialAction\":[{\"@type\":\"SearchAction\",\"target\":{\"@type\":\"EntryPoint\",\"urlTemplate\":\"https:\\\/\\\/www.parmacalcio1913.com\\\/en\\\/?s={search_term_string}\"},\"query-input\":{\"@type\":\"PropertyValueSpecification\",\"valueRequired\":true,\"valueName\":\"search_term_string\"}}],\"inLanguage\":\"en-US\"},{\"@type\":\"Organization\",\"@id\":\"https:\\\/\\\/www.parmacalcio1913.com\\\/en\\\/#organization\",\"name\":\"Parma Calcio 1913\",\"url\":\"https:\\\/\\\/www.parmacalcio1913.com\\\/en\\\/\",\"logo\":{\"@type\":\"ImageObject\",\"inLanguage\":\"en-US\",\"@id\":\"https:\\\/\\\/www.parmacalcio1913.com\\\/en\\\/#\\\/schema\\\/logo\\\/image\\\/\",\"url\":\"https:\\\/\\\/www.parmacalcio1913.com\\\/wp-content\\\/uploads\\\/2023\\\/04\\\/parma_logo.svg\",\"contentUrl\":\"https:\\\/\\\/www.parmacalcio1913.com\\\/wp-content\\\/uploads\\\/2023\\\/04\\\/parma_logo.svg\",\"width\":67.255,\"height\":82.323,\"caption\":\"Parma Calcio 1913\"},\"image\":{\"@id\":\"https:\\\/\\\/www.parmacalcio1913.com\\\/en\\\/#\\\/schema\\\/logo\\\/image\\\/\"},\"sameAs\":[\"https:\\\/\\\/www.facebook.com\\\/parmacalcio1913\\\/yoast\",\"https:\\\/\\\/www.tiktok.com\\\/@parmacalcio1913\\\/yoast\",\"https:\\\/\\\/www.instagram.com\\\/parmacalcio1913\\\/yoast\",\"https:\\\/\\\/it.linkedin.com\\\/company\\\/parma-calcio-1913\\\/yoast\",\"https:\\\/\\\/www.youtube.com\\\/c\\\/ParmaCalcio1913\\\/yoast\",\"https:\\\/\\\/www.threads.net\\\/@parmacalcio1913\\\/yoast\"]}]}<\/script>\n<!-- \/ Yoast SEO plugin. -->","yoast_head_json":{"title":"PARMA CALCIO E ANOLINO SOLIDALE, UNITI NELLA SOLIDARIET\u00c0 PER IL TERRITORIO - Parma Calcio 1913","robots":{"index":"index","follow":"follow","max-snippet":"max-snippet:-1","max-image-preview":"max-image-preview:large","max-video-preview":"max-video-preview:-1"},"canonical":"https:\/\/www.parmacalcio1913.com\/en\/main-news\/parma-calcio-e-anolino-solidale-uniti-nella-solidarieta-per-il-territorio\/","og_locale":"en_US","og_type":"article","og_title":"PARMA CALCIO E ANOLINO SOLIDALE, UNITI NELLA SOLIDARIET\u00c0 PER IL TERRITORIO - Parma Calcio 1913","og_description":"[swp_content page_og_title=&#8221;PARMA CALCIO E ANOLINO SOLIDALE, UNITI NELLA SOLIDARIET\u00c0 PER IL TERRITORIO&#8221; page_og_description=&#8221;null&#8221; page_og_type=&#8221;null&#8221; page_og_image=&#8221;https:\/\/www.parmacalcio1913.com\/wp-content\/uploads\/_ogs\/AnolinoSolidale_HD-002-20251202195322.webp&#8221; page_keywords=&#8221;null&#8221; page_description=&#8221;null&#8221; page_on_app=&#8221;1&#8243; page_on_home=&#8221;1&#8243; news_cover=&#8221;https:\/\/www.parmacalcio1913.com\/wp-content\/uploads\/_news\/AnolinoSolidale_HD-002-20251202195331.webp&#8221; news_exclude=&#8221;[]&#8221; news_include=&#8221;[]&#8221; news_include_continent=&#8221;[]&#8221; ][swp_wrapper id=&#8221;id&#8221; order=&#8221;1&#8243; name=&#8221;blocco 1&#8243; option_wrapper_color=&#8221;1&#8243; option_wrapper_image=&#8221;1&#8243; ][swp_gallery id=&#8221;2&#8243; type=&#8221;gallery&#8221; order=&#8221;3&#8243; name=&#8221;gallery&#8221; option_component_anchor=&#8221;null&#8221; option_component_padding=&#8221;[]&#8221; data_gallery_preview=&#8221;0&#8243; data_gallery_title=&#8221;PARMA CALCIO E ANOLINO SOLIDALE, UNITI NELLA SOLIDARIET\u00c0 PER IL TERRITORIO&#8221; data_gallery_symbol=&#8221;0&#8243; ][swp_data name=&#8221;gallery_medias&#8221;][swp_item media_image=&#8221;https:\/\/www.parmacalcio1913.com\/wp-content\/uploads\/_massives\/AnolinoSolidale_HD-038_20251202185818.webp&#8221; media_video=&#8221;null&#8221; media_title=&#8221;null&#8221; [&hellip;]","og_url":"https:\/\/www.parmacalcio1913.com\/en\/main-news\/parma-calcio-e-anolino-solidale-uniti-nella-solidarieta-per-il-territorio\/","og_site_name":"Parma Calcio 1913","article_publisher":"https:\/\/www.facebook.com\/parmacalcio1913\/yoast","twitter_card":"summary_large_image","twitter_misc":{"Est. reading time":"3 minutes"},"schema":{"@context":"https:\/\/schema.org","@graph":[{"@type":"WebPage","@id":"https:\/\/www.parmacalcio1913.com\/en\/main-news\/parma-calcio-e-anolino-solidale-uniti-nella-solidarieta-per-il-territorio\/","url":"https:\/\/www.parmacalcio1913.com\/en\/main-news\/parma-calcio-e-anolino-solidale-uniti-nella-solidarieta-per-il-territorio\/","name":"PARMA CALCIO E ANOLINO SOLIDALE, UNITI NELLA SOLIDARIET\u00c0 PER IL TERRITORIO - Parma Calcio 1913","isPartOf":{"@id":"https:\/\/www.parmacalcio1913.com\/en\/#website"},"datePublished":"2025-12-02T18:58:40+00:00","breadcrumb":{"@id":"https:\/\/www.parmacalcio1913.com\/en\/main-news\/parma-calcio-e-anolino-solidale-uniti-nella-solidarieta-per-il-territorio\/#breadcrumb"},"inLanguage":"en-US","potentialAction":[{"@type":"ReadAction","target":["https:\/\/www.parmacalcio1913.com\/en\/main-news\/parma-calcio-e-anolino-solidale-uniti-nella-solidarieta-per-il-territorio\/"]}]},{"@type":"BreadcrumbList","@id":"https:\/\/www.parmacalcio1913.com\/en\/main-news\/parma-calcio-e-anolino-solidale-uniti-nella-solidarieta-per-il-territorio\/#breadcrumb","itemListElement":[{"@type":"ListItem","position":1,"name":"Home","item":"https:\/\/www.parmacalcio1913.com\/en\/"},{"@type":"ListItem","position":2,"name":"News","item":"https:\/\/www.parmacalcio1913.com\/en\/main-news\/"},{"@type":"ListItem","position":3,"name":"PARMA CALCIO E ANOLINO SOLIDALE, UNITI NELLA SOLIDARIET\u00c0 PER IL TERRITORIO"}]},{"@type":"WebSite","@id":"https:\/\/www.parmacalcio1913.com\/en\/#website","url":"https:\/\/www.parmacalcio1913.com\/en\/","name":"Parma Calcio 1913","description":"","publisher":{"@id":"https:\/\/www.parmacalcio1913.com\/en\/#organization"},"potentialAction":[{"@type":"SearchAction","target":{"@type":"EntryPoint","urlTemplate":"https:\/\/www.parmacalcio1913.com\/en\/?s={search_term_string}"},"query-input":{"@type":"PropertyValueSpecification","valueRequired":true,"valueName":"search_term_string"}}],"inLanguage":"en-US"},{"@type":"Organization","@id":"https:\/\/www.parmacalcio1913.com\/en\/#organization","name":"Parma Calcio 1913","url":"https:\/\/www.parmacalcio1913.com\/en\/","logo":{"@type":"ImageObject","inLanguage":"en-US","@id":"https:\/\/www.parmacalcio1913.com\/en\/#\/schema\/logo\/image\/","url":"https:\/\/www.parmacalcio1913.com\/wp-content\/uploads\/2023\/04\/parma_logo.svg","contentUrl":"https:\/\/www.parmacalcio1913.com\/wp-content\/uploads\/2023\/04\/parma_logo.svg","width":67.255,"height":82.323,"caption":"Parma Calcio 1913"},"image":{"@id":"https:\/\/www.parmacalcio1913.com\/en\/#\/schema\/logo\/image\/"},"sameAs":["https:\/\/www.facebook.com\/parmacalcio1913\/yoast","https:\/\/www.tiktok.com\/@parmacalcio1913\/yoast","https:\/\/www.instagram.com\/parmacalcio1913\/yoast","https:\/\/it.linkedin.com\/company\/parma-calcio-1913\/yoast","https:\/\/www.youtube.com\/c\/ParmaCalcio1913\/yoast","https:\/\/www.threads.net\/@parmacalcio1913\/yoast"]}]}},"_links":{"self":[{"href":"https:\/\/www.parmacalcio1913.com\/en\/wp-json\/wp\/v2\/pr_news\/72197","targetHints":{"allow":["GET"]}}],"collection":[{"href":"https:\/\/www.parmacalcio1913.com\/en\/wp-json\/wp\/v2\/pr_news"}],"about":[{"href":"https:\/\/www.parmacalcio1913.com\/en\/wp-json\/wp\/v2\/types\/pr_news"}],"author":[{"embeddable":true,"href":"https:\/\/www.parmacalcio1913.com\/en\/wp-json\/wp\/v2\/users\/11"}],"version-history":[{"count":2,"href":"https:\/\/www.parmacalcio1913.com\/en\/wp-json\/wp\/v2\/pr_news\/72197\/revisions"}],"predecessor-version":[{"id":72246,"href":"https:\/\/www.parmacalcio1913.com\/en\/wp-json\/wp\/v2\/pr_news\/72197\/revisions\/72246"}],"wp:attachment":[{"href":"https:\/\/www.parmacalcio1913.com\/en\/wp-json\/wp\/v2\/media?parent=72197"}],"wp:term":[{"taxonomy":"category","embeddable":true,"href":"https:\/\/www.parmacalcio1913.com\/en\/wp-json\/wp\/v2\/categories?post=72197"},{"taxonomy":"post_tag","embeddable":true,"href":"https:\/\/www.parmacalcio1913.com\/en\/wp-json\/wp\/v2\/tags?post=72197"}],"curies":[{"name":"wp","href":"https:\/\/api.w.org\/{rel}","templated":true}]}}