{"id":6895,"date":"2023-09-12T18:20:36","date_gmt":"2023-09-12T16:20:36","guid":{"rendered":"https:\/\/www.parmacalcio1913.com\/?post_type=pr_news&#038;p=6895"},"modified":"2023-09-13T10:09:49","modified_gmt":"2023-09-13T08:09:49","slug":"donne-in-corsa","status":"publish","type":"pr_news","link":"https:\/\/www.parmacalcio1913.com\/en\/main-news\/donne-in-corsa\/","title":{"rendered":"PARMA CALCIO SOSTIENE &#8220;DONNE IN CORSA&#8221;, INIZIATIVA BENEFICA CHE TUTELA I DIRITTI E L&#8217;EQUITA DI GENERE"},"content":{"rendered":"<p>[swp_content page_og_title=&#8221;null&#8221; page_og_description=&#8221;null&#8221; page_og_type=&#8221;null&#8221; page_og_image=&#8221;https:\/\/www.parmacalcio1913.com\/wp-content\/uploads\/_ogs\/donne_in_corsa-20230912190249.png&#8221; page_keywords=&#8221;null&#8221; page_description=&#8221;null&#8221; page_on_app=&#8221;1&#8243; news_cover=&#8221;https:\/\/www.parmacalcio1913.com\/wp-content\/uploads\/_news\/donne_in_corsa-20230912191423.png&#8221; ][swp_wrapper  id=&#8221;id&#8221;  order=&#8221;1&#8243;  name=&#8221;blocco 1&#8243; option_wrapper_color=&#8221;1&#8243; option_wrapper_image=&#8221;1&#8243; ][swp_hero_mini  id=&#8221;0&#8243;  type=&#8221;hero_mini&#8221;  order=&#8221;1&#8243;  name=&#8221;hero_mini&#8221; option_header_mini=&#8221;1&#8243; option_component_anchor=&#8221;null&#8221; option_component_padding=&#8221;[]&#8221; data_hero_title=&#8221;PARMA CALCIO SOSTIENE \u201dDONNE IN CORSA\u201d, INIZIATIVA BENEFICA CHE TUTELA I DIRITTI E L&#8217;EQUITA DI GENERE&#8221; data_hero_image=&#8221;https:\/\/www.parmacalcio1913.com\/wp-content\/uploads\/_heros\/donne_in_corsa-20230912190440.png&#8221; data_hero_image_responsive=&#8221;https:\/\/www.parmacalcio1913.com\/wp-content\/uploads\/_heros\/donne_in_corsa-20230912190521.png&#8221; data_icon_image_alt=&#8221;null&#8221; ][\/swp_hero_mini][swp_base_p  id=&#8221;1&#8243;  type=&#8221;base_p&#8221;  order=&#8221;2&#8243;  name=&#8221;base_p&#8221; option_component_anchor=&#8221;null&#8221; option_component_padding=&#8221;[]&#8221; data_box_title=&#8221;null&#8221; data_box_subtitle=&#8221;null&#8221; data_box_text=&#8221;<\/p>\n<p><em>Parma, 12 settembre 2023<\/em> &#8211; Domenica 8 ottobre&nbsp;torna \u201c<strong>Donne in Corsa 2023<\/strong>\u201d, la decima edizione&nbsp;della camminata benefica non competitiva per i diritti e l\u2019equit\u00e0 di genere lungo le strade del&nbsp;centro di Parma: donne e uomini, di ogni et\u00e0 e provenienza, cammineranno o correranno insieme&nbsp;per tenere alta l\u2019attenzione sul tema dei <strong>diritti e dell\u2019equit\u00e0 di genere<\/strong>. Ne hanno parlato, durante la presentazione, in Municipio,&nbsp;<strong>Caterina Bonetti<\/strong>, Assessora con delega Diritti e pari opportunit\u00e0;&nbsp;<strong>Elena Dondi<\/strong>, Presidente di CSV Emilia; le volontarie delle associazioni della rete di Donne in Corsa;&nbsp;<strong>Stefano Munari<\/strong>, Conad Centro Nord e <strong>Luca Martines<\/strong>,&nbsp;Managing Director Corporate del Parma Calcio.<\/p>\n<p>Donne in Corsa \u00e8 un evento promosso da&nbsp;CSV Emilia, dal&nbsp;Comune di Parma&nbsp;e da&nbsp;dodici&nbsp;associazioni&nbsp;del territorio.&nbsp;Si tratta di una camminata nel centro storico di Parma che vuole essere&nbsp;un invito a riflettere sulle gravi carenze ancora esistenti nella tutela dei diritti delle donne nella sfera&nbsp;pubblica, lavorativa e privata.&nbsp;L\u2019iniziativa benefica nel tempo \u00e8 diventata molto pi\u00f9 di una camminata nel cuore di Parma. Oggi, Donne in Corsa \u00e8&nbsp;una rete solida&nbsp;composta da associazioni del territorio che lavorano insieme per la tutela dei diritti delle donne e per una societ\u00e0 in cui il genere non rappresenti pi\u00f9 un&nbsp;elemento di discriminazione e i diritti siano tali per tutti. Le associazioni sono il cuore di una rete&nbsp;molto pi\u00f9 ampia che coinvolge anche numerose aziende legate al territorio e il&nbsp;Comune di&nbsp;Parma.&nbsp;&nbsp;<\/p>\n<p>Parma Calcio \u00e8 sostenitore dell\u2019iniziativa e il Managing Director Corporate, <strong>Luca Martines<\/strong>, ne ha sottolineato i valori: \u201c<em>Siamo molto contenti di aver aderito a questa edizione di Donne in Corsa, nel segno dell\u2019inclusione e della promozione della parit\u00e0 di genere. Per noi sono valori fondamentali in un anno in cui celebriamo i 110 anni di fondazione del Club. Siamo felici di dare il nostro contributo per promuovere questa causa, affinch\u00e9 ci sia sempre pi\u00f9 integrazione, anche all\u2019interno della societ\u00e0, andando oltre qualsiasi forma di discriminazione<\/em>\u201d.<\/p>\n<p>L\u2019appuntamento \u00e8 per <strong>domenica&nbsp;8 ottobre<\/strong>, in piazza Duomo, dove&nbsp;sar\u00e0 presente anche una&nbsp;postazione per le ultime iscrizioni e dove alle ore 15 aprir\u00e0 l\u2019Open Village con gli stand delle&nbsp;associazioni e le attivit\u00e0 di animazione per grandi e per bambini. La partenza della camminata \u00e8 prevista per le&nbsp;16.30&nbsp;e le premiazioni finali alle&nbsp;ore 18.&nbsp;&nbsp;<\/p>\n<p>Donne in Corsa \u00e8 una manifestazione sportiva benefica non competitiva promossa da&nbsp;CSV&nbsp;Emilia&nbsp;e&nbsp;Comune di Parma,&nbsp;insieme alle associazioni&nbsp;ADOS Associazione Donne Operate al&nbsp;Seno, APE Associazione Progetto Endometriosi, ACISJF Casa della Giovane, AL-AMAL,&nbsp;Centro di Aiuto alla Vita, Centro Antiviolenza, Famiglia Pi\u00f9, Futura, MOICA, Per&nbsp;Ricominciare, Pozzo di Sicar e Women for Women.&nbsp;&nbsp;<\/p>\n<p>Oltre al Parma Calcio, la manifestazione \u00e8 realizzata con il contributo di Chiesi Farmaceutici, Conad Centro Nord, Comitato pari opportunit\u00e0 ODEC Parma, Cavarretta assicurazioni, Davines Group, Iren, Rolly &amp; Co, Stardea, SYStab- sistemi di consolidamento, Martini spa, Youship.it- corrieri espresso.&nbsp;\u201cDonne in corsa\u201d ha il supporto di:&nbsp;Cabiria cooperativa sociale, Metronotte Vigilanza, Netface, EMC2 cooperativa sociale, Berenato&amp;Garro &#8211; servizi per l\u2019ambiente, Federmanager Minerva, Comitato pari opportunit\u00e0 del consiglio dell\u2019Ordine degli avvocati di Parma.&nbsp;I partner tecnici sono&nbsp;De Simoni, CUS Parma, FW illustrazioni, Go! Athletic studio e Caj\u00f9, Francesca Bocchia ed Enrico Grassi.<\/p>\n<p>&#8221; ][\/swp_base_p][\/swp_wrapper][\/swp_content]<\/p>\n","protected":false},"excerpt":{"rendered":"<p>[swp_content page_og_title=&#8221;null&#8221; page_og_description=&#8221;null&#8221; page_og_type=&#8221;null&#8221; page_og_image=&#8221;https:\/\/www.parmacalcio1913.com\/wp-content\/uploads\/_ogs\/donne_in_corsa-20230912190249.png&#8221; page_keywords=&#8221;null&#8221; page_description=&#8221;null&#8221; page_on_app=&#8221;1&#8243; news_cover=&#8221;https:\/\/www.parmacalcio1913.com\/wp-content\/uploads\/_news\/donne_in_corsa-20230912191423.png&#8221; ][swp_wrapper id=&#8221;id&#8221; order=&#8221;1&#8243; name=&#8221;blocco 1&#8243; option_wrapper_color=&#8221;1&#8243; option_wrapper_image=&#8221;1&#8243; ][swp_hero_mini id=&#8221;0&#8243; type=&#8221;hero_mini&#8221; order=&#8221;1&#8243; name=&#8221;hero_mini&#8221; option_header_mini=&#8221;1&#8243; option_component_anchor=&#8221;null&#8221; option_component_padding=&#8221;[]&#8221; data_hero_title=&#8221;PARMA CALCIO SOSTIENE \u201dDONNE IN CORSA\u201d, INIZIATIVA BENEFICA CHE TUTELA I DIRITTI E L&#8217;EQUITA DI GENERE&#8221; data_hero_image=&#8221;https:\/\/www.parmacalcio1913.com\/wp-content\/uploads\/_heros\/donne_in_corsa-20230912190440.png&#8221; data_hero_image_responsive=&#8221;https:\/\/www.parmacalcio1913.com\/wp-content\/uploads\/_heros\/donne_in_corsa-20230912190521.png&#8221; data_icon_image_alt=&#8221;null&#8221; ][\/swp_hero_mini][swp_base_p id=&#8221;1&#8243; type=&#8221;base_p&#8221; order=&#8221;2&#8243; name=&#8221;base_p&#8221; option_component_anchor=&#8221;null&#8221; option_component_padding=&#8221;[]&#8221; data_box_title=&#8221;null&#8221; data_box_subtitle=&#8221;null&#8221; data_box_text=&#8221; Parma, 12 [&hellip;]<\/p>\n","protected":false},"author":11,"featured_media":0,"menu_order":0,"template":"","format":"standard","meta":{"footnotes":""},"categories":[64],"tags":[40],"class_list":["post-6895","pr_news","type-pr_news","status-publish","format-standard","hentry","category-club","tag-societa"],"yoast_head":"<!-- This site is optimized with the Yoast SEO plugin v27.4 - https:\/\/yoast.com\/product\/yoast-seo-wordpress\/ -->\n<title>PARMA CALCIO SOSTIENE &quot;DONNE IN CORSA&quot;, INIZIATIVA BENEFICA CHE TUTELA I DIRITTI E L&#039;EQUITA DI GENERE - Parma Calcio 1913<\/title>\n<meta name=\"robots\" content=\"index, follow, max-snippet:-1, max-image-preview:large, max-video-preview:-1\" \/>\n<link rel=\"canonical\" href=\"https:\/\/www.parmacalcio1913.com\/en\/main-news\/donne-in-corsa\/\" \/>\n<meta property=\"og:locale\" content=\"en_US\" \/>\n<meta property=\"og:type\" content=\"article\" \/>\n<meta property=\"og:title\" content=\"PARMA CALCIO SOSTIENE &quot;DONNE IN CORSA&quot;, INIZIATIVA BENEFICA CHE TUTELA I DIRITTI E L&#039;EQUITA DI GENERE - Parma Calcio 1913\" \/>\n<meta property=\"og:description\" content=\"[swp_content page_og_title=&#8221;null&#8221; page_og_description=&#8221;null&#8221; page_og_type=&#8221;null&#8221; page_og_image=&#8221;https:\/\/www.parmacalcio1913.com\/wp-content\/uploads\/_ogs\/donne_in_corsa-20230912190249.png&#8221; page_keywords=&#8221;null&#8221; page_description=&#8221;null&#8221; page_on_app=&#8221;1&#8243; news_cover=&#8221;https:\/\/www.parmacalcio1913.com\/wp-content\/uploads\/_news\/donne_in_corsa-20230912191423.png&#8221; ][swp_wrapper id=&#8221;id&#8221; order=&#8221;1&#8243; name=&#8221;blocco 1&#8243; option_wrapper_color=&#8221;1&#8243; option_wrapper_image=&#8221;1&#8243; ][swp_hero_mini id=&#8221;0&#8243; type=&#8221;hero_mini&#8221; order=&#8221;1&#8243; name=&#8221;hero_mini&#8221; option_header_mini=&#8221;1&#8243; option_component_anchor=&#8221;null&#8221; option_component_padding=&#8221;[]&#8221; data_hero_title=&#8221;PARMA CALCIO SOSTIENE \u201dDONNE IN CORSA\u201d, INIZIATIVA BENEFICA CHE TUTELA I DIRITTI E L&#8217;EQUITA DI GENERE&#8221; data_hero_image=&#8221;https:\/\/www.parmacalcio1913.com\/wp-content\/uploads\/_heros\/donne_in_corsa-20230912190440.png&#8221; data_hero_image_responsive=&#8221;https:\/\/www.parmacalcio1913.com\/wp-content\/uploads\/_heros\/donne_in_corsa-20230912190521.png&#8221; data_icon_image_alt=&#8221;null&#8221; ][\/swp_hero_mini][swp_base_p id=&#8221;1&#8243; type=&#8221;base_p&#8221; order=&#8221;2&#8243; name=&#8221;base_p&#8221; option_component_anchor=&#8221;null&#8221; option_component_padding=&#8221;[]&#8221; data_box_title=&#8221;null&#8221; data_box_subtitle=&#8221;null&#8221; data_box_text=&#8221; Parma, 12 [&hellip;]\" \/>\n<meta property=\"og:url\" content=\"https:\/\/www.parmacalcio1913.com\/en\/main-news\/donne-in-corsa\/\" \/>\n<meta property=\"og:site_name\" content=\"Parma Calcio 1913\" \/>\n<meta property=\"article:publisher\" content=\"https:\/\/www.facebook.com\/parmacalcio1913\/yoast\" \/>\n<meta property=\"article:modified_time\" content=\"2023-09-13T08:09:49+00:00\" \/>\n<meta name=\"twitter:card\" content=\"summary_large_image\" \/>\n<meta name=\"twitter:label1\" content=\"Est. reading time\" \/>\n\t<meta name=\"twitter:data1\" content=\"4 minutes\" \/>\n<script type=\"application\/ld+json\" class=\"yoast-schema-graph\">{\"@context\":\"https:\\\/\\\/schema.org\",\"@graph\":[{\"@type\":\"WebPage\",\"@id\":\"https:\\\/\\\/www.parmacalcio1913.com\\\/en\\\/main-news\\\/donne-in-corsa\\\/\",\"url\":\"https:\\\/\\\/www.parmacalcio1913.com\\\/en\\\/main-news\\\/donne-in-corsa\\\/\",\"name\":\"PARMA CALCIO SOSTIENE \\\"DONNE IN CORSA\\\", INIZIATIVA BENEFICA CHE TUTELA I DIRITTI E L'EQUITA DI GENERE - Parma Calcio 1913\",\"isPartOf\":{\"@id\":\"https:\\\/\\\/www.parmacalcio1913.com\\\/en\\\/#website\"},\"datePublished\":\"2023-09-12T16:20:36+00:00\",\"dateModified\":\"2023-09-13T08:09:49+00:00\",\"breadcrumb\":{\"@id\":\"https:\\\/\\\/www.parmacalcio1913.com\\\/en\\\/main-news\\\/donne-in-corsa\\\/#breadcrumb\"},\"inLanguage\":\"en-US\",\"potentialAction\":[{\"@type\":\"ReadAction\",\"target\":[\"https:\\\/\\\/www.parmacalcio1913.com\\\/en\\\/main-news\\\/donne-in-corsa\\\/\"]}]},{\"@type\":\"BreadcrumbList\",\"@id\":\"https:\\\/\\\/www.parmacalcio1913.com\\\/en\\\/main-news\\\/donne-in-corsa\\\/#breadcrumb\",\"itemListElement\":[{\"@type\":\"ListItem\",\"position\":1,\"name\":\"Home\",\"item\":\"https:\\\/\\\/www.parmacalcio1913.com\\\/en\\\/\"},{\"@type\":\"ListItem\",\"position\":2,\"name\":\"News\",\"item\":\"https:\\\/\\\/www.parmacalcio1913.com\\\/en\\\/main-news\\\/\"},{\"@type\":\"ListItem\",\"position\":3,\"name\":\"PARMA CALCIO SOSTIENE &#8220;DONNE IN CORSA&#8221;, INIZIATIVA BENEFICA CHE TUTELA I DIRITTI E L&#8217;EQUITA DI GENERE\"}]},{\"@type\":\"WebSite\",\"@id\":\"https:\\\/\\\/www.parmacalcio1913.com\\\/en\\\/#website\",\"url\":\"https:\\\/\\\/www.parmacalcio1913.com\\\/en\\\/\",\"name\":\"Parma Calcio 1913\",\"description\":\"\",\"publisher\":{\"@id\":\"https:\\\/\\\/www.parmacalcio1913.com\\\/en\\\/#organization\"},\"potentialAction\":[{\"@type\":\"SearchAction\",\"target\":{\"@type\":\"EntryPoint\",\"urlTemplate\":\"https:\\\/\\\/www.parmacalcio1913.com\\\/en\\\/?s={search_term_string}\"},\"query-input\":{\"@type\":\"PropertyValueSpecification\",\"valueRequired\":true,\"valueName\":\"search_term_string\"}}],\"inLanguage\":\"en-US\"},{\"@type\":\"Organization\",\"@id\":\"https:\\\/\\\/www.parmacalcio1913.com\\\/en\\\/#organization\",\"name\":\"Parma Calcio 1913\",\"url\":\"https:\\\/\\\/www.parmacalcio1913.com\\\/en\\\/\",\"logo\":{\"@type\":\"ImageObject\",\"inLanguage\":\"en-US\",\"@id\":\"https:\\\/\\\/www.parmacalcio1913.com\\\/en\\\/#\\\/schema\\\/logo\\\/image\\\/\",\"url\":\"https:\\\/\\\/www.parmacalcio1913.com\\\/wp-content\\\/uploads\\\/2023\\\/04\\\/parma_logo.svg\",\"contentUrl\":\"https:\\\/\\\/www.parmacalcio1913.com\\\/wp-content\\\/uploads\\\/2023\\\/04\\\/parma_logo.svg\",\"width\":67.255,\"height\":82.323,\"caption\":\"Parma Calcio 1913\"},\"image\":{\"@id\":\"https:\\\/\\\/www.parmacalcio1913.com\\\/en\\\/#\\\/schema\\\/logo\\\/image\\\/\"},\"sameAs\":[\"https:\\\/\\\/www.facebook.com\\\/parmacalcio1913\\\/yoast\",\"https:\\\/\\\/www.tiktok.com\\\/@parmacalcio1913\\\/yoast\",\"https:\\\/\\\/www.instagram.com\\\/parmacalcio1913\\\/yoast\",\"https:\\\/\\\/it.linkedin.com\\\/company\\\/parma-calcio-1913\\\/yoast\",\"https:\\\/\\\/www.youtube.com\\\/c\\\/ParmaCalcio1913\\\/yoast\",\"https:\\\/\\\/www.threads.net\\\/@parmacalcio1913\\\/yoast\"]}]}<\/script>\n<!-- \/ Yoast SEO plugin. -->","yoast_head_json":{"title":"PARMA CALCIO SOSTIENE \"DONNE IN CORSA\", INIZIATIVA BENEFICA CHE TUTELA I DIRITTI E L'EQUITA DI GENERE - Parma Calcio 1913","robots":{"index":"index","follow":"follow","max-snippet":"max-snippet:-1","max-image-preview":"max-image-preview:large","max-video-preview":"max-video-preview:-1"},"canonical":"https:\/\/www.parmacalcio1913.com\/en\/main-news\/donne-in-corsa\/","og_locale":"en_US","og_type":"article","og_title":"PARMA CALCIO SOSTIENE \"DONNE IN CORSA\", INIZIATIVA BENEFICA CHE TUTELA I DIRITTI E L'EQUITA DI GENERE - Parma Calcio 1913","og_description":"[swp_content page_og_title=&#8221;null&#8221; page_og_description=&#8221;null&#8221; page_og_type=&#8221;null&#8221; page_og_image=&#8221;https:\/\/www.parmacalcio1913.com\/wp-content\/uploads\/_ogs\/donne_in_corsa-20230912190249.png&#8221; page_keywords=&#8221;null&#8221; page_description=&#8221;null&#8221; page_on_app=&#8221;1&#8243; news_cover=&#8221;https:\/\/www.parmacalcio1913.com\/wp-content\/uploads\/_news\/donne_in_corsa-20230912191423.png&#8221; ][swp_wrapper id=&#8221;id&#8221; order=&#8221;1&#8243; name=&#8221;blocco 1&#8243; option_wrapper_color=&#8221;1&#8243; option_wrapper_image=&#8221;1&#8243; ][swp_hero_mini id=&#8221;0&#8243; type=&#8221;hero_mini&#8221; order=&#8221;1&#8243; name=&#8221;hero_mini&#8221; option_header_mini=&#8221;1&#8243; option_component_anchor=&#8221;null&#8221; option_component_padding=&#8221;[]&#8221; data_hero_title=&#8221;PARMA CALCIO SOSTIENE \u201dDONNE IN CORSA\u201d, INIZIATIVA BENEFICA CHE TUTELA I DIRITTI E L&#8217;EQUITA DI GENERE&#8221; data_hero_image=&#8221;https:\/\/www.parmacalcio1913.com\/wp-content\/uploads\/_heros\/donne_in_corsa-20230912190440.png&#8221; data_hero_image_responsive=&#8221;https:\/\/www.parmacalcio1913.com\/wp-content\/uploads\/_heros\/donne_in_corsa-20230912190521.png&#8221; data_icon_image_alt=&#8221;null&#8221; ][\/swp_hero_mini][swp_base_p id=&#8221;1&#8243; type=&#8221;base_p&#8221; order=&#8221;2&#8243; name=&#8221;base_p&#8221; option_component_anchor=&#8221;null&#8221; option_component_padding=&#8221;[]&#8221; data_box_title=&#8221;null&#8221; data_box_subtitle=&#8221;null&#8221; data_box_text=&#8221; Parma, 12 [&hellip;]","og_url":"https:\/\/www.parmacalcio1913.com\/en\/main-news\/donne-in-corsa\/","og_site_name":"Parma Calcio 1913","article_publisher":"https:\/\/www.facebook.com\/parmacalcio1913\/yoast","article_modified_time":"2023-09-13T08:09:49+00:00","twitter_card":"summary_large_image","twitter_misc":{"Est. reading time":"4 minutes"},"schema":{"@context":"https:\/\/schema.org","@graph":[{"@type":"WebPage","@id":"https:\/\/www.parmacalcio1913.com\/en\/main-news\/donne-in-corsa\/","url":"https:\/\/www.parmacalcio1913.com\/en\/main-news\/donne-in-corsa\/","name":"PARMA CALCIO SOSTIENE \"DONNE IN CORSA\", INIZIATIVA BENEFICA CHE TUTELA I DIRITTI E L'EQUITA DI GENERE - Parma Calcio 1913","isPartOf":{"@id":"https:\/\/www.parmacalcio1913.com\/en\/#website"},"datePublished":"2023-09-12T16:20:36+00:00","dateModified":"2023-09-13T08:09:49+00:00","breadcrumb":{"@id":"https:\/\/www.parmacalcio1913.com\/en\/main-news\/donne-in-corsa\/#breadcrumb"},"inLanguage":"en-US","potentialAction":[{"@type":"ReadAction","target":["https:\/\/www.parmacalcio1913.com\/en\/main-news\/donne-in-corsa\/"]}]},{"@type":"BreadcrumbList","@id":"https:\/\/www.parmacalcio1913.com\/en\/main-news\/donne-in-corsa\/#breadcrumb","itemListElement":[{"@type":"ListItem","position":1,"name":"Home","item":"https:\/\/www.parmacalcio1913.com\/en\/"},{"@type":"ListItem","position":2,"name":"News","item":"https:\/\/www.parmacalcio1913.com\/en\/main-news\/"},{"@type":"ListItem","position":3,"name":"PARMA CALCIO SOSTIENE &#8220;DONNE IN CORSA&#8221;, INIZIATIVA BENEFICA CHE TUTELA I DIRITTI E L&#8217;EQUITA DI GENERE"}]},{"@type":"WebSite","@id":"https:\/\/www.parmacalcio1913.com\/en\/#website","url":"https:\/\/www.parmacalcio1913.com\/en\/","name":"Parma Calcio 1913","description":"","publisher":{"@id":"https:\/\/www.parmacalcio1913.com\/en\/#organization"},"potentialAction":[{"@type":"SearchAction","target":{"@type":"EntryPoint","urlTemplate":"https:\/\/www.parmacalcio1913.com\/en\/?s={search_term_string}"},"query-input":{"@type":"PropertyValueSpecification","valueRequired":true,"valueName":"search_term_string"}}],"inLanguage":"en-US"},{"@type":"Organization","@id":"https:\/\/www.parmacalcio1913.com\/en\/#organization","name":"Parma Calcio 1913","url":"https:\/\/www.parmacalcio1913.com\/en\/","logo":{"@type":"ImageObject","inLanguage":"en-US","@id":"https:\/\/www.parmacalcio1913.com\/en\/#\/schema\/logo\/image\/","url":"https:\/\/www.parmacalcio1913.com\/wp-content\/uploads\/2023\/04\/parma_logo.svg","contentUrl":"https:\/\/www.parmacalcio1913.com\/wp-content\/uploads\/2023\/04\/parma_logo.svg","width":67.255,"height":82.323,"caption":"Parma Calcio 1913"},"image":{"@id":"https:\/\/www.parmacalcio1913.com\/en\/#\/schema\/logo\/image\/"},"sameAs":["https:\/\/www.facebook.com\/parmacalcio1913\/yoast","https:\/\/www.tiktok.com\/@parmacalcio1913\/yoast","https:\/\/www.instagram.com\/parmacalcio1913\/yoast","https:\/\/it.linkedin.com\/company\/parma-calcio-1913\/yoast","https:\/\/www.youtube.com\/c\/ParmaCalcio1913\/yoast","https:\/\/www.threads.net\/@parmacalcio1913\/yoast"]}]}},"_links":{"self":[{"href":"https:\/\/www.parmacalcio1913.com\/en\/wp-json\/wp\/v2\/pr_news\/6895","targetHints":{"allow":["GET"]}}],"collection":[{"href":"https:\/\/www.parmacalcio1913.com\/en\/wp-json\/wp\/v2\/pr_news"}],"about":[{"href":"https:\/\/www.parmacalcio1913.com\/en\/wp-json\/wp\/v2\/types\/pr_news"}],"author":[{"embeddable":true,"href":"https:\/\/www.parmacalcio1913.com\/en\/wp-json\/wp\/v2\/users\/11"}],"version-history":[{"count":9,"href":"https:\/\/www.parmacalcio1913.com\/en\/wp-json\/wp\/v2\/pr_news\/6895\/revisions"}],"predecessor-version":[{"id":6908,"href":"https:\/\/www.parmacalcio1913.com\/en\/wp-json\/wp\/v2\/pr_news\/6895\/revisions\/6908"}],"wp:attachment":[{"href":"https:\/\/www.parmacalcio1913.com\/en\/wp-json\/wp\/v2\/media?parent=6895"}],"wp:term":[{"taxonomy":"category","embeddable":true,"href":"https:\/\/www.parmacalcio1913.com\/en\/wp-json\/wp\/v2\/categories?post=6895"},{"taxonomy":"post_tag","embeddable":true,"href":"https:\/\/www.parmacalcio1913.com\/en\/wp-json\/wp\/v2\/tags?post=6895"}],"curies":[{"name":"wp","href":"https:\/\/api.w.org\/{rel}","templated":true}]}}