{"id":67722,"date":"2025-10-06T13:30:26","date_gmt":"2025-10-06T11:30:26","guid":{"rendered":"https:\/\/www.parmacalcio1913.com\/?post_type=pr_news&#038;p=67722"},"modified":"2025-10-06T14:20:55","modified_gmt":"2025-10-06T12:20:55","slug":"prima-squadra-maschile-sono-6-i-gialloblu-in-nazionale","status":"publish","type":"pr_news","link":"https:\/\/www.parmacalcio1913.com\/en\/main-news\/prima-squadra-maschile-sono-6-i-gialloblu-in-nazionale\/","title":{"rendered":"PRIMA SQUADRA MASCHILE: SONO 6 I GIALLOBLU IN NAZIONALE"},"content":{"rendered":"<p>[swp_content page_og_title=&#8221;PRIMA SQUADRA MASCHILE: SONO 6 I GIALLOBLU IN NAZIONALE&#8221; page_og_description=&#8221;null&#8221; page_og_type=&#8221;null&#8221; page_og_image=&#8221;https:\/\/www.parmacalcio1913.com\/wp-content\/uploads\/_ogs\/ParSpe-0832-20251006114926.webp&#8221; page_keywords=&#8221;null&#8221; page_description=&#8221;null&#8221; page_on_app=&#8221;1&#8243; page_on_home=&#8221;1&#8243; news_cover=&#8221;https:\/\/www.parmacalcio1913.com\/wp-content\/uploads\/_news\/ParSpe-0832-20251006114934.webp&#8221; news_exclude=&#8221;[]&#8221; news_include=&#8221;[]&#8221; news_include_continent=&#8221;[]&#8221; ][swp_wrapper  id=&#8221;id&#8221;  order=&#8221;1&#8243;  name=&#8221;blocco 1&#8243; option_wrapper_color=&#8221;1&#8243; option_wrapper_image=&#8221;1&#8243; ][swp_base_p  id=&#8221;1&#8243;  type=&#8221;base_p&#8221;  order=&#8221;2&#8243;  name=&#8221;base_p&#8221; option_component_anchor=&#8221;null&#8221; option_component_padding=&#8221;[]&#8221; data_box_title=&#8221;null&#8221; data_box_subtitle=&#8221;null&#8221; data_box_text=&#8221;<\/p>\n<p><em>Collecchio, 6 ottobre 2025<\/em> &#8211; Sono 6 i gialloblu che sono stati convocati dalle rispettive Nazionali, compreso Benjamin <strong>Cremaschi <\/strong>impegnato con gli USA nel Mondiale U20.&nbsp;<\/p>\n<p>&nbsp;<\/p>\n<ul>\n<li><strong>SASCHA BRITSCHGI<\/strong> Prima convocazione con la Nazionale U21 della Svizzera per l\u2019esterno destro gialloblu che ha esordito sia in Coppa Italia Frecciarossa (1 presenza e 1 gol) che nel campionato Serie A Enilive (2 presenze): la Svizzera iocher\u00e0 le qualificazioni al prossimo Europeo di categoria contro l\u2019Islanda (venerd\u00ec 10 ottobre, a Lucerna) e Isole F\u00e6r \u00d8er-Svizzera (marted\u00ec 14 ottobre, a Torshavn).<\/li>\n<\/ul>\n<p>&nbsp;<\/p>\n<ul>\n<li><strong>ALESSANDRO CIRCATI<\/strong> Doppia amichevole per l\u2019Australia di Alessandro Circati, gi\u00e0 qualificata per il prossimo Mondiale: il difensore gialloblu, che nell\u2019ultimo match ha indossato la fascia di capitano, sfider\u00e0 il Canada a Montreal (10 ottobre) e gli USA a Denver (14 ottobre).<\/li>\n<\/ul>\n<p>&nbsp;<\/p>\n<ul>\n<li><strong>BENJAMIN CREMASCHI<\/strong> Il capitano della Nazionale USA U20, insieme ai suoi compagni, ha staccato il pass per gli ottavi di finale al Mondiale U20 che si stanno svolgendo in Cile: gioved\u00ec 9 ottobre, allo stadio \u2018El Teniente\u2019 di Rancagua (ore 21:30 italiane), \u201cBenja\u201d sfider\u00e0 l\u2019Italia del ct Nunziata in quello che rappresenta un \u201cquasi\u201d derby per lui, viste le sue origini italiane.&nbsp;&nbsp;<\/li>\n<\/ul>\n<p>&nbsp;<\/p>\n<ul>\n<li><strong>ELIA PLICCO e NICOLAS TRABUCCHI<\/strong> Il centrocampista e il difensore gialloblu sono stati chiamati dall\u2019Italia U19 per il doppio impegno contro la Scozia nel Torneo Internazionale: il programma prevede il primo match a Campobasso (10 ottobre) e il secondo a Isernia (13 ottobre).&nbsp;<\/li>\n<\/ul>\n<p>&nbsp;<\/p>\n<ul>\n<li><strong>ZION SUZUKI<\/strong> Con la qualificazione gi\u00e0 ottenuta, il Giappone prosegue la marcia di preparazione al Mondiale con una serie di amichevoli prestigiose. Per Zion, titolare della sua Nazionale, il primo match sar\u00e0 contro il Paraguay a Osaka (10 ottobre), mentre il 14 ottobre, a Tokyo, affronter\u00e0 il Brasile del ct Carlo Ancelotti, in quello che potrebbe rappresentare un antipasto del prossimo Mondiale.<\/li>\n<\/ul>\n<p>&#8221; data_box_twitch=&#8221;null&#8221; data_box_instagram=&#8221;null&#8221; data_box_tiktok=&#8221;null&#8221; data_box_twitter=&#8221;null&#8221; data_box_youtube=&#8221;null&#8221; data_box_facebook=&#8221;null&#8221; ][\/swp_base_p][swp_hero_mini  id=&#8221;0&#8243;  type=&#8221;hero_mini&#8221;  order=&#8221;1&#8243;  name=&#8221;hero_mini&#8221; option_header_mini=&#8221;1&#8243; option_component_anchor=&#8221;null&#8221; option_component_padding=&#8221;[]&#8221; data_hero_title=&#8221;PRIMA SQUADRA MASCHILE: SONO 6 I GIALLOBLU IN NAZIONALE&#8221; data_hero_image=&#8221;https:\/\/www.parmacalcio1913.com\/wp-content\/uploads\/_heros\/ParSpe-0832-20251006114950.webp&#8221; data_hero_align_r=&#8221;1&#8243; data_hero_align=&#8221;2&#8243; data_hero_image_responsive=&#8221;https:\/\/www.parmacalcio1913.com\/wp-content\/uploads\/_heros\/ParSpe-0832-20251006115006.webp&#8221; data_icon_image_alt=&#8221;null&#8221; ][\/swp_hero_mini][\/swp_wrapper][\/swp_content]<\/p>\n","protected":false},"excerpt":{"rendered":"<p>[swp_content page_og_title=&#8221;PRIMA SQUADRA MASCHILE: SONO 6 I GIALLOBLU IN NAZIONALE&#8221; page_og_description=&#8221;null&#8221; page_og_type=&#8221;null&#8221; page_og_image=&#8221;https:\/\/www.parmacalcio1913.com\/wp-content\/uploads\/_ogs\/ParSpe-0832-20251006114926.webp&#8221; page_keywords=&#8221;null&#8221; page_description=&#8221;null&#8221; page_on_app=&#8221;1&#8243; page_on_home=&#8221;1&#8243; news_cover=&#8221;https:\/\/www.parmacalcio1913.com\/wp-content\/uploads\/_news\/ParSpe-0832-20251006114934.webp&#8221; news_exclude=&#8221;[]&#8221; news_include=&#8221;[]&#8221; news_include_continent=&#8221;[]&#8221; ][swp_wrapper id=&#8221;id&#8221; order=&#8221;1&#8243; name=&#8221;blocco 1&#8243; option_wrapper_color=&#8221;1&#8243; option_wrapper_image=&#8221;1&#8243; ][swp_base_p id=&#8221;1&#8243; type=&#8221;base_p&#8221; order=&#8221;2&#8243; name=&#8221;base_p&#8221; option_component_anchor=&#8221;null&#8221; option_component_padding=&#8221;[]&#8221; data_box_title=&#8221;null&#8221; data_box_subtitle=&#8221;null&#8221; data_box_text=&#8221; Collecchio, 6 ottobre 2025 &#8211; Sono 6 i gialloblu che sono stati convocati dalle rispettive Nazionali, compreso [&hellip;]<\/p>\n","protected":false},"author":11,"featured_media":0,"menu_order":0,"template":"","format":"standard","meta":{"footnotes":""},"categories":[62],"tags":[39],"class_list":["post-67722","pr_news","type-pr_news","status-publish","format-standard","hentry","category-prima-squadra-maschile","tag-prima-squadra"],"yoast_head":"<!-- This site is optimized with the Yoast SEO plugin v27.4 - https:\/\/yoast.com\/product\/yoast-seo-wordpress\/ -->\n<title>PRIMA SQUADRA MASCHILE: SONO 6 I GIALLOBLU IN NAZIONALE - Parma Calcio 1913<\/title>\n<meta name=\"robots\" content=\"index, follow, max-snippet:-1, max-image-preview:large, max-video-preview:-1\" \/>\n<link rel=\"canonical\" href=\"https:\/\/www.parmacalcio1913.com\/en\/main-news\/prima-squadra-maschile-sono-6-i-gialloblu-in-nazionale\/\" \/>\n<meta property=\"og:locale\" content=\"en_US\" \/>\n<meta property=\"og:type\" content=\"article\" \/>\n<meta property=\"og:title\" content=\"PRIMA SQUADRA MASCHILE: SONO 6 I GIALLOBLU IN NAZIONALE - Parma Calcio 1913\" \/>\n<meta property=\"og:description\" content=\"[swp_content page_og_title=&#8221;PRIMA SQUADRA MASCHILE: SONO 6 I GIALLOBLU IN NAZIONALE&#8221; page_og_description=&#8221;null&#8221; page_og_type=&#8221;null&#8221; page_og_image=&#8221;https:\/\/www.parmacalcio1913.com\/wp-content\/uploads\/_ogs\/ParSpe-0832-20251006114926.webp&#8221; page_keywords=&#8221;null&#8221; page_description=&#8221;null&#8221; page_on_app=&#8221;1&#8243; page_on_home=&#8221;1&#8243; news_cover=&#8221;https:\/\/www.parmacalcio1913.com\/wp-content\/uploads\/_news\/ParSpe-0832-20251006114934.webp&#8221; news_exclude=&#8221;[]&#8221; news_include=&#8221;[]&#8221; news_include_continent=&#8221;[]&#8221; ][swp_wrapper id=&#8221;id&#8221; order=&#8221;1&#8243; name=&#8221;blocco 1&#8243; option_wrapper_color=&#8221;1&#8243; option_wrapper_image=&#8221;1&#8243; ][swp_base_p id=&#8221;1&#8243; type=&#8221;base_p&#8221; order=&#8221;2&#8243; name=&#8221;base_p&#8221; option_component_anchor=&#8221;null&#8221; option_component_padding=&#8221;[]&#8221; data_box_title=&#8221;null&#8221; data_box_subtitle=&#8221;null&#8221; data_box_text=&#8221; Collecchio, 6 ottobre 2025 &#8211; Sono 6 i gialloblu che sono stati convocati dalle rispettive Nazionali, compreso [&hellip;]\" \/>\n<meta property=\"og:url\" content=\"https:\/\/www.parmacalcio1913.com\/en\/main-news\/prima-squadra-maschile-sono-6-i-gialloblu-in-nazionale\/\" \/>\n<meta property=\"og:site_name\" content=\"Parma Calcio 1913\" \/>\n<meta property=\"article:publisher\" content=\"https:\/\/www.facebook.com\/parmacalcio1913\/yoast\" \/>\n<meta property=\"article:modified_time\" content=\"2025-10-06T12:20:55+00:00\" \/>\n<meta name=\"twitter:card\" content=\"summary_large_image\" \/>\n<script type=\"application\/ld+json\" class=\"yoast-schema-graph\">{\"@context\":\"https:\\\/\\\/schema.org\",\"@graph\":[{\"@type\":\"WebPage\",\"@id\":\"https:\\\/\\\/www.parmacalcio1913.com\\\/en\\\/main-news\\\/prima-squadra-maschile-sono-6-i-gialloblu-in-nazionale\\\/\",\"url\":\"https:\\\/\\\/www.parmacalcio1913.com\\\/en\\\/main-news\\\/prima-squadra-maschile-sono-6-i-gialloblu-in-nazionale\\\/\",\"name\":\"PRIMA SQUADRA MASCHILE: SONO 6 I GIALLOBLU IN NAZIONALE - Parma Calcio 1913\",\"isPartOf\":{\"@id\":\"https:\\\/\\\/www.parmacalcio1913.com\\\/en\\\/#website\"},\"datePublished\":\"2025-10-06T11:30:26+00:00\",\"dateModified\":\"2025-10-06T12:20:55+00:00\",\"breadcrumb\":{\"@id\":\"https:\\\/\\\/www.parmacalcio1913.com\\\/en\\\/main-news\\\/prima-squadra-maschile-sono-6-i-gialloblu-in-nazionale\\\/#breadcrumb\"},\"inLanguage\":\"en-US\",\"potentialAction\":[{\"@type\":\"ReadAction\",\"target\":[\"https:\\\/\\\/www.parmacalcio1913.com\\\/en\\\/main-news\\\/prima-squadra-maschile-sono-6-i-gialloblu-in-nazionale\\\/\"]}]},{\"@type\":\"BreadcrumbList\",\"@id\":\"https:\\\/\\\/www.parmacalcio1913.com\\\/en\\\/main-news\\\/prima-squadra-maschile-sono-6-i-gialloblu-in-nazionale\\\/#breadcrumb\",\"itemListElement\":[{\"@type\":\"ListItem\",\"position\":1,\"name\":\"Home\",\"item\":\"https:\\\/\\\/www.parmacalcio1913.com\\\/en\\\/\"},{\"@type\":\"ListItem\",\"position\":2,\"name\":\"News\",\"item\":\"https:\\\/\\\/www.parmacalcio1913.com\\\/en\\\/main-news\\\/\"},{\"@type\":\"ListItem\",\"position\":3,\"name\":\"PRIMA SQUADRA MASCHILE: SONO 6 I GIALLOBLU IN NAZIONALE\"}]},{\"@type\":\"WebSite\",\"@id\":\"https:\\\/\\\/www.parmacalcio1913.com\\\/en\\\/#website\",\"url\":\"https:\\\/\\\/www.parmacalcio1913.com\\\/en\\\/\",\"name\":\"Parma Calcio 1913\",\"description\":\"\",\"publisher\":{\"@id\":\"https:\\\/\\\/www.parmacalcio1913.com\\\/en\\\/#organization\"},\"potentialAction\":[{\"@type\":\"SearchAction\",\"target\":{\"@type\":\"EntryPoint\",\"urlTemplate\":\"https:\\\/\\\/www.parmacalcio1913.com\\\/en\\\/?s={search_term_string}\"},\"query-input\":{\"@type\":\"PropertyValueSpecification\",\"valueRequired\":true,\"valueName\":\"search_term_string\"}}],\"inLanguage\":\"en-US\"},{\"@type\":\"Organization\",\"@id\":\"https:\\\/\\\/www.parmacalcio1913.com\\\/en\\\/#organization\",\"name\":\"Parma Calcio 1913\",\"url\":\"https:\\\/\\\/www.parmacalcio1913.com\\\/en\\\/\",\"logo\":{\"@type\":\"ImageObject\",\"inLanguage\":\"en-US\",\"@id\":\"https:\\\/\\\/www.parmacalcio1913.com\\\/en\\\/#\\\/schema\\\/logo\\\/image\\\/\",\"url\":\"https:\\\/\\\/www.parmacalcio1913.com\\\/wp-content\\\/uploads\\\/2023\\\/04\\\/parma_logo.svg\",\"contentUrl\":\"https:\\\/\\\/www.parmacalcio1913.com\\\/wp-content\\\/uploads\\\/2023\\\/04\\\/parma_logo.svg\",\"width\":67.255,\"height\":82.323,\"caption\":\"Parma Calcio 1913\"},\"image\":{\"@id\":\"https:\\\/\\\/www.parmacalcio1913.com\\\/en\\\/#\\\/schema\\\/logo\\\/image\\\/\"},\"sameAs\":[\"https:\\\/\\\/www.facebook.com\\\/parmacalcio1913\\\/yoast\",\"https:\\\/\\\/www.tiktok.com\\\/@parmacalcio1913\\\/yoast\",\"https:\\\/\\\/www.instagram.com\\\/parmacalcio1913\\\/yoast\",\"https:\\\/\\\/it.linkedin.com\\\/company\\\/parma-calcio-1913\\\/yoast\",\"https:\\\/\\\/www.youtube.com\\\/c\\\/ParmaCalcio1913\\\/yoast\",\"https:\\\/\\\/www.threads.net\\\/@parmacalcio1913\\\/yoast\"]}]}<\/script>\n<!-- \/ Yoast SEO plugin. -->","yoast_head_json":{"title":"PRIMA SQUADRA MASCHILE: SONO 6 I GIALLOBLU IN NAZIONALE - Parma Calcio 1913","robots":{"index":"index","follow":"follow","max-snippet":"max-snippet:-1","max-image-preview":"max-image-preview:large","max-video-preview":"max-video-preview:-1"},"canonical":"https:\/\/www.parmacalcio1913.com\/en\/main-news\/prima-squadra-maschile-sono-6-i-gialloblu-in-nazionale\/","og_locale":"en_US","og_type":"article","og_title":"PRIMA SQUADRA MASCHILE: SONO 6 I GIALLOBLU IN NAZIONALE - Parma Calcio 1913","og_description":"[swp_content page_og_title=&#8221;PRIMA SQUADRA MASCHILE: SONO 6 I GIALLOBLU IN NAZIONALE&#8221; page_og_description=&#8221;null&#8221; page_og_type=&#8221;null&#8221; page_og_image=&#8221;https:\/\/www.parmacalcio1913.com\/wp-content\/uploads\/_ogs\/ParSpe-0832-20251006114926.webp&#8221; page_keywords=&#8221;null&#8221; page_description=&#8221;null&#8221; page_on_app=&#8221;1&#8243; page_on_home=&#8221;1&#8243; news_cover=&#8221;https:\/\/www.parmacalcio1913.com\/wp-content\/uploads\/_news\/ParSpe-0832-20251006114934.webp&#8221; news_exclude=&#8221;[]&#8221; news_include=&#8221;[]&#8221; news_include_continent=&#8221;[]&#8221; ][swp_wrapper id=&#8221;id&#8221; order=&#8221;1&#8243; name=&#8221;blocco 1&#8243; option_wrapper_color=&#8221;1&#8243; option_wrapper_image=&#8221;1&#8243; ][swp_base_p id=&#8221;1&#8243; type=&#8221;base_p&#8221; order=&#8221;2&#8243; name=&#8221;base_p&#8221; option_component_anchor=&#8221;null&#8221; option_component_padding=&#8221;[]&#8221; data_box_title=&#8221;null&#8221; data_box_subtitle=&#8221;null&#8221; data_box_text=&#8221; Collecchio, 6 ottobre 2025 &#8211; Sono 6 i gialloblu che sono stati convocati dalle rispettive Nazionali, compreso [&hellip;]","og_url":"https:\/\/www.parmacalcio1913.com\/en\/main-news\/prima-squadra-maschile-sono-6-i-gialloblu-in-nazionale\/","og_site_name":"Parma Calcio 1913","article_publisher":"https:\/\/www.facebook.com\/parmacalcio1913\/yoast","article_modified_time":"2025-10-06T12:20:55+00:00","twitter_card":"summary_large_image","schema":{"@context":"https:\/\/schema.org","@graph":[{"@type":"WebPage","@id":"https:\/\/www.parmacalcio1913.com\/en\/main-news\/prima-squadra-maschile-sono-6-i-gialloblu-in-nazionale\/","url":"https:\/\/www.parmacalcio1913.com\/en\/main-news\/prima-squadra-maschile-sono-6-i-gialloblu-in-nazionale\/","name":"PRIMA SQUADRA MASCHILE: SONO 6 I GIALLOBLU IN NAZIONALE - Parma Calcio 1913","isPartOf":{"@id":"https:\/\/www.parmacalcio1913.com\/en\/#website"},"datePublished":"2025-10-06T11:30:26+00:00","dateModified":"2025-10-06T12:20:55+00:00","breadcrumb":{"@id":"https:\/\/www.parmacalcio1913.com\/en\/main-news\/prima-squadra-maschile-sono-6-i-gialloblu-in-nazionale\/#breadcrumb"},"inLanguage":"en-US","potentialAction":[{"@type":"ReadAction","target":["https:\/\/www.parmacalcio1913.com\/en\/main-news\/prima-squadra-maschile-sono-6-i-gialloblu-in-nazionale\/"]}]},{"@type":"BreadcrumbList","@id":"https:\/\/www.parmacalcio1913.com\/en\/main-news\/prima-squadra-maschile-sono-6-i-gialloblu-in-nazionale\/#breadcrumb","itemListElement":[{"@type":"ListItem","position":1,"name":"Home","item":"https:\/\/www.parmacalcio1913.com\/en\/"},{"@type":"ListItem","position":2,"name":"News","item":"https:\/\/www.parmacalcio1913.com\/en\/main-news\/"},{"@type":"ListItem","position":3,"name":"PRIMA SQUADRA MASCHILE: SONO 6 I GIALLOBLU IN NAZIONALE"}]},{"@type":"WebSite","@id":"https:\/\/www.parmacalcio1913.com\/en\/#website","url":"https:\/\/www.parmacalcio1913.com\/en\/","name":"Parma Calcio 1913","description":"","publisher":{"@id":"https:\/\/www.parmacalcio1913.com\/en\/#organization"},"potentialAction":[{"@type":"SearchAction","target":{"@type":"EntryPoint","urlTemplate":"https:\/\/www.parmacalcio1913.com\/en\/?s={search_term_string}"},"query-input":{"@type":"PropertyValueSpecification","valueRequired":true,"valueName":"search_term_string"}}],"inLanguage":"en-US"},{"@type":"Organization","@id":"https:\/\/www.parmacalcio1913.com\/en\/#organization","name":"Parma Calcio 1913","url":"https:\/\/www.parmacalcio1913.com\/en\/","logo":{"@type":"ImageObject","inLanguage":"en-US","@id":"https:\/\/www.parmacalcio1913.com\/en\/#\/schema\/logo\/image\/","url":"https:\/\/www.parmacalcio1913.com\/wp-content\/uploads\/2023\/04\/parma_logo.svg","contentUrl":"https:\/\/www.parmacalcio1913.com\/wp-content\/uploads\/2023\/04\/parma_logo.svg","width":67.255,"height":82.323,"caption":"Parma Calcio 1913"},"image":{"@id":"https:\/\/www.parmacalcio1913.com\/en\/#\/schema\/logo\/image\/"},"sameAs":["https:\/\/www.facebook.com\/parmacalcio1913\/yoast","https:\/\/www.tiktok.com\/@parmacalcio1913\/yoast","https:\/\/www.instagram.com\/parmacalcio1913\/yoast","https:\/\/it.linkedin.com\/company\/parma-calcio-1913\/yoast","https:\/\/www.youtube.com\/c\/ParmaCalcio1913\/yoast","https:\/\/www.threads.net\/@parmacalcio1913\/yoast"]}]}},"_links":{"self":[{"href":"https:\/\/www.parmacalcio1913.com\/en\/wp-json\/wp\/v2\/pr_news\/67722","targetHints":{"allow":["GET"]}}],"collection":[{"href":"https:\/\/www.parmacalcio1913.com\/en\/wp-json\/wp\/v2\/pr_news"}],"about":[{"href":"https:\/\/www.parmacalcio1913.com\/en\/wp-json\/wp\/v2\/types\/pr_news"}],"author":[{"embeddable":true,"href":"https:\/\/www.parmacalcio1913.com\/en\/wp-json\/wp\/v2\/users\/11"}],"version-history":[{"count":1,"href":"https:\/\/www.parmacalcio1913.com\/en\/wp-json\/wp\/v2\/pr_news\/67722\/revisions"}],"predecessor-version":[{"id":67725,"href":"https:\/\/www.parmacalcio1913.com\/en\/wp-json\/wp\/v2\/pr_news\/67722\/revisions\/67725"}],"wp:attachment":[{"href":"https:\/\/www.parmacalcio1913.com\/en\/wp-json\/wp\/v2\/media?parent=67722"}],"wp:term":[{"taxonomy":"category","embeddable":true,"href":"https:\/\/www.parmacalcio1913.com\/en\/wp-json\/wp\/v2\/categories?post=67722"},{"taxonomy":"post_tag","embeddable":true,"href":"https:\/\/www.parmacalcio1913.com\/en\/wp-json\/wp\/v2\/tags?post=67722"}],"curies":[{"name":"wp","href":"https:\/\/api.w.org\/{rel}","templated":true}]}}