{"id":53555,"date":"2025-01-22T10:26:44","date_gmt":"2025-01-22T09:26:44","guid":{"rendered":"https:\/\/www.parmacalcio1913.com\/?post_type=pr_news&#038;p=53555"},"modified":"2025-01-28T10:29:55","modified_gmt":"2025-01-28T09:29:55","slug":"giovanili-primavera-campione-dinverno-con-il-miglior-attacco-e-la-miglior-difesa","status":"publish","type":"pr_news","link":"https:\/\/www.parmacalcio1913.com\/en\/main-news\/giovanili-primavera-campione-dinverno-con-il-miglior-attacco-e-la-miglior-difesa\/","title":{"rendered":"GIOVANILI, PRIMAVERA CAMPIONE D\u2019INVERNO CON IL MIGLIOR ATTACCO E LA MIGLIOR DIFESA"},"content":{"rendered":"<p>[swp_content page_og_title=&#8221;GIOVANILI, PRIMAVERA CAMPIONE D\u2019INVERNO CON IL MIGLIOR ATTACCO E LA MIGLIOR DIFESA&#8221; page_og_description=&#8221;null&#8221; page_og_type=&#8221;null&#8221; page_og_image=&#8221;https:\/\/www.parmacalcio1913.com\/wp-content\/uploads\/_ogs\/ParCom057_Getty-scaled-20250128102735.webp&#8221; page_keywords=&#8221;null&#8221; page_description=&#8221;null&#8221; page_on_app=&#8221;1&#8243; page_on_home=&#8221;1&#8243; news_cover=&#8221;https:\/\/www.parmacalcio1913.com\/wp-content\/uploads\/_news\/ParCom057_Getty-scaled-20250128102747.webp&#8221; ][swp_wrapper  id=&#8221;id&#8221;  order=&#8221;1&#8243;  name=&#8221;blocco 1&#8243; option_wrapper_color=&#8221;1&#8243; option_wrapper_image=&#8221;1&#8243; ][swp_hero_mini  id=&#8221;0&#8243;  type=&#8221;hero_mini&#8221;  order=&#8221;1&#8243;  name=&#8221;hero_mini&#8221; option_header_mini=&#8221;1&#8243; option_component_anchor=&#8221;null&#8221; option_component_padding=&#8221;2&#8243; data_hero_title=&#8221;GIOVANILI, PRIMAVERA CAMPIONE D\u2019INVERNO CON IL MIGLIOR ATTACCO E LA MIGLIOR DIFESA&#8221; data_hero_image=&#8221;https:\/\/www.parmacalcio1913.com\/wp-content\/uploads\/_heros\/ParCom057_Getty-scaled-20250128102803.webp&#8221; data_hero_align_r=&#8221;1&#8243; data_hero_align=&#8221;1&#8243; data_hero_image_responsive=&#8221;https:\/\/www.parmacalcio1913.com\/wp-content\/uploads\/_heros\/ParCom057_Getty-scaled-20250128102821.webp&#8221; data_icon_image_alt=&#8221;null&#8221; ][\/swp_hero_mini][swp_base_p  id=&#8221;1&#8243;  type=&#8221;base_p&#8221;  order=&#8221;2&#8243;  name=&#8221;base_p&#8221; option_component_anchor=&#8221;null&#8221; option_component_padding=&#8221;[]&#8221; data_box_title=&#8221;null&#8221; data_box_subtitle=&#8221;null&#8221; data_box_text=&#8221;<\/p>\n<p><em>Parma, 22 gennaio 2025<\/em> \u2013 Si \u00e8 concluso il girone d\u2019andata del campionato di Primavera 2 e il Parma U19 ha chiuso al primo posto in classifica con 34 punti, laureandosi campione d\u2019inverno. Sotto la guida del nuovo allenatore Nicola Corrent, in questa stagione i gialloblu si sono distinti con il miglior attacco del torneo (<strong>30 gol realizzati<\/strong>, a pari merito con Vicenza e Virtus Entella) e la miglior difesa, con soli <strong>7 gol subiti<\/strong> e ben <strong>8 clean sheet<\/strong> in 15 partite.<\/p>\n<p>&#8221; data_box_twitch=&#8221;null&#8221; data_box_instagram=&#8221;null&#8221; data_box_tiktok=&#8221;null&#8221; data_box_twitter=&#8221;null&#8221; data_box_youtube=&#8221;null&#8221; data_box_facebook=&#8221;null&#8221; ][\/swp_base_p][swp_image  id=&#8221;2&#8243;  type=&#8221;image&#8221;  order=&#8221;3&#8243;  name=&#8221;image&#8221; option_component_anchor=&#8221;null&#8221; option_component_padding=&#8221;[]&#8221; data_box_image=&#8221;https:\/\/www.parmacalcio1913.com\/wp-content\/uploads\/_heros\/ParCom053_Getty-scaled-20250128102330.webp&#8221; data_box_image_mini=&#8221;1&#8243; data_box_image_alt=&#8221;null&#8221; data_box_image_description=&#8221;null&#8221; ][\/swp_image][swp_base_p  id=&#8221;3&#8243;  type=&#8221;base_p&#8221;  order=&#8221;4&#8243;  name=&#8221;base_p&#8221; option_component_anchor=&#8221;null&#8221; option_component_padding=&#8221;[]&#8221; data_box_title=&#8221;null&#8221; data_box_subtitle=&#8221;null&#8221; data_box_text=&#8221;<\/p>\n<p><strong>L\u2019ANDAMENTO DELLA STAGIONE<\/strong><\/p>\n<p>Il campionato \u00e8 iniziato il 14 settembre con un big match contro il Como, attualmente secondo in classifica a -1 dai gialloblu, e principale contendente per il primato e la promozione diretta. La sfida si \u00e8 conclusa sull\u20191-1, cos\u00ec come sono terminate in pareggio anche le successive due gare contro FeralpiSal\u00f2 e SPAL.<\/p>\n<p><\/p>\n<p>Dalla quarta giornata in poi, per\u00f2, i gialloblu hanno cambiato marcia, inanellando una striscia di 6 vittorie consecutive e, pi\u00f9 in generale, 9 vittorie e 1 pareggio nelle successive 10 partite. Tra i successi pi\u00f9 significativi, spiccano il netto <strong>6-0 contro il Venezia<\/strong>, ottenuto in casa il 23 novembre, e la prestigiosa vittoria nel derby emiliano in trasferta contro la <strong>Reggiana, battuta 2-1<\/strong> a Reggio Emilia il 7 dicembre.<\/p>\n<p>&#8221; data_box_twitch=&#8221;null&#8221; data_box_instagram=&#8221;null&#8221; data_box_tiktok=&#8221;null&#8221; data_box_twitter=&#8221;null&#8221; data_box_youtube=&#8221;null&#8221; data_box_facebook=&#8221;null&#8221; ][\/swp_base_p][swp_image  id=&#8221;4&#8243;  type=&#8221;image&#8221;  order=&#8221;5&#8243;  name=&#8221;image&#8221; option_component_anchor=&#8221;null&#8221; option_component_padding=&#8221;[]&#8221; data_box_image=&#8221;https:\/\/www.parmacalcio1913.com\/wp-content\/uploads\/_heros\/ParVen028_Getty-scaled-20250128102458.webp&#8221; data_box_image_mini=&#8221;1&#8243; data_box_image_alt=&#8221;null&#8221; data_box_image_description=&#8221;null&#8221; ][\/swp_image][swp_base_p  id=&#8221;5&#8243;  type=&#8221;base_p&#8221;  order=&#8221;6&#8243;  name=&#8221;base_p&#8221; option_component_anchor=&#8221;null&#8221; option_component_padding=&#8221;[]&#8221; data_box_title=&#8221;null&#8221; data_box_subtitle=&#8221;null&#8221; data_box_text=&#8221;<\/p>\n<p>L\u2019unica sconfitta stagionale \u00e8 arrivata alla penultima giornata, nella trasferta contro il Sudtirol, ma i gialloblu si sono subito rialzati, chiudendo il girone d\u2019andata con un netto 3-0 casalingo contro la Pro Vercelli al Mutti Training Center di Collecchio.<\/p>\n<p><\/p>\n<p><strong>I PROTAGONISTI<\/strong><\/p>\n<p>Tra i protagonisti di questo eccellente girone d\u2019andata ci sono il bomber Francesco Sartori e l\u2019ala destra italo-nigeriana Melvin Nwajei, entrambi autori di 7 reti. Fondamentale, in generale, il contributo dell\u2019intero collettivo, che ha permesso alla squadra di mantenere un\u2019importante solidit\u00e0 difensiva e segnare un gran numero di gol.<\/p>\n<p>&nbsp;<\/p>\n<p>L\u2019inizio del girone di ritorno \u00e8 fissato per sabato 24 gennaio, con l\u2019Albinoleffe come primo avversario. Lo scontro diretto con il Como, attualmente secondo in classifica, \u00e8 invece in programma alla 21\u00aa giornata, ad inizio marzo, e potrebbe rivelarsi decisivo per la lotta al vertice.<\/p>\n<p>&#8221; data_box_twitch=&#8221;null&#8221; data_box_instagram=&#8221;null&#8221; data_box_tiktok=&#8221;null&#8221; data_box_twitter=&#8221;null&#8221; data_box_youtube=&#8221;null&#8221; data_box_facebook=&#8221;null&#8221; ][\/swp_base_p][swp_image  id=&#8221;6&#8243;  type=&#8221;image&#8221;  order=&#8221;7&#8243;  name=&#8221;image&#8221; option_component_anchor=&#8221;null&#8221; option_component_padding=&#8221;2&#8243; data_box_image=&#8221;https:\/\/www.parmacalcio1913.com\/wp-content\/uploads\/_heros\/FP077_Getty-scaled-20250128102715.webp&#8221; data_box_image_mini=&#8221;1&#8243; data_box_image_alt=&#8221;null&#8221; data_box_image_description=&#8221;null&#8221; ][\/swp_image][\/swp_wrapper][\/swp_content]<\/p>\n","protected":false},"excerpt":{"rendered":"<p>[swp_content page_og_title=&#8221;GIOVANILI, PRIMAVERA CAMPIONE D\u2019INVERNO CON IL MIGLIOR ATTACCO E LA MIGLIOR DIFESA&#8221; page_og_description=&#8221;null&#8221; page_og_type=&#8221;null&#8221; page_og_image=&#8221;https:\/\/www.parmacalcio1913.com\/wp-content\/uploads\/_ogs\/ParCom057_Getty-scaled-20250128102735.webp&#8221; page_keywords=&#8221;null&#8221; page_description=&#8221;null&#8221; page_on_app=&#8221;1&#8243; page_on_home=&#8221;1&#8243; news_cover=&#8221;https:\/\/www.parmacalcio1913.com\/wp-content\/uploads\/_news\/ParCom057_Getty-scaled-20250128102747.webp&#8221; ][swp_wrapper id=&#8221;id&#8221; order=&#8221;1&#8243; name=&#8221;blocco 1&#8243; option_wrapper_color=&#8221;1&#8243; option_wrapper_image=&#8221;1&#8243; ][swp_hero_mini id=&#8221;0&#8243; type=&#8221;hero_mini&#8221; order=&#8221;1&#8243; name=&#8221;hero_mini&#8221; option_header_mini=&#8221;1&#8243; option_component_anchor=&#8221;null&#8221; option_component_padding=&#8221;2&#8243; data_hero_title=&#8221;GIOVANILI, PRIMAVERA CAMPIONE D\u2019INVERNO CON IL MIGLIOR ATTACCO E LA MIGLIOR DIFESA&#8221; data_hero_image=&#8221;https:\/\/www.parmacalcio1913.com\/wp-content\/uploads\/_heros\/ParCom057_Getty-scaled-20250128102803.webp&#8221; data_hero_align_r=&#8221;1&#8243; data_hero_align=&#8221;1&#8243; data_hero_image_responsive=&#8221;https:\/\/www.parmacalcio1913.com\/wp-content\/uploads\/_heros\/ParCom057_Getty-scaled-20250128102821.webp&#8221; data_icon_image_alt=&#8221;null&#8221; ][\/swp_hero_mini][swp_base_p id=&#8221;1&#8243; [&hellip;]<\/p>\n","protected":false},"author":21,"featured_media":0,"menu_order":0,"template":"","format":"standard","meta":{"footnotes":""},"categories":[65],"tags":[],"class_list":["post-53555","pr_news","type-pr_news","status-publish","format-standard","hentry","category-giovanili"],"yoast_head":"<!-- This site is optimized with the Yoast SEO plugin v27.4 - https:\/\/yoast.com\/product\/yoast-seo-wordpress\/ -->\n<title>GIOVANILI, PRIMAVERA CAMPIONE D\u2019INVERNO CON IL MIGLIOR ATTACCO E LA MIGLIOR DIFESA - Parma Calcio 1913<\/title>\n<meta name=\"robots\" content=\"index, follow, max-snippet:-1, max-image-preview:large, max-video-preview:-1\" \/>\n<link rel=\"canonical\" href=\"https:\/\/www.parmacalcio1913.com\/en\/main-news\/giovanili-primavera-campione-dinverno-con-il-miglior-attacco-e-la-miglior-difesa\/\" \/>\n<meta property=\"og:locale\" content=\"en_US\" \/>\n<meta property=\"og:type\" content=\"article\" \/>\n<meta property=\"og:title\" content=\"GIOVANILI, PRIMAVERA CAMPIONE D\u2019INVERNO CON IL MIGLIOR ATTACCO E LA MIGLIOR DIFESA - Parma Calcio 1913\" \/>\n<meta property=\"og:description\" content=\"[swp_content page_og_title=&#8221;GIOVANILI, PRIMAVERA CAMPIONE D\u2019INVERNO CON IL MIGLIOR ATTACCO E LA MIGLIOR DIFESA&#8221; page_og_description=&#8221;null&#8221; page_og_type=&#8221;null&#8221; page_og_image=&#8221;https:\/\/www.parmacalcio1913.com\/wp-content\/uploads\/_ogs\/ParCom057_Getty-scaled-20250128102735.webp&#8221; page_keywords=&#8221;null&#8221; page_description=&#8221;null&#8221; page_on_app=&#8221;1&#8243; page_on_home=&#8221;1&#8243; news_cover=&#8221;https:\/\/www.parmacalcio1913.com\/wp-content\/uploads\/_news\/ParCom057_Getty-scaled-20250128102747.webp&#8221; ][swp_wrapper id=&#8221;id&#8221; order=&#8221;1&#8243; name=&#8221;blocco 1&#8243; option_wrapper_color=&#8221;1&#8243; option_wrapper_image=&#8221;1&#8243; ][swp_hero_mini id=&#8221;0&#8243; type=&#8221;hero_mini&#8221; order=&#8221;1&#8243; name=&#8221;hero_mini&#8221; option_header_mini=&#8221;1&#8243; option_component_anchor=&#8221;null&#8221; option_component_padding=&#8221;2&#8243; data_hero_title=&#8221;GIOVANILI, PRIMAVERA CAMPIONE D\u2019INVERNO CON IL MIGLIOR ATTACCO E LA MIGLIOR DIFESA&#8221; data_hero_image=&#8221;https:\/\/www.parmacalcio1913.com\/wp-content\/uploads\/_heros\/ParCom057_Getty-scaled-20250128102803.webp&#8221; data_hero_align_r=&#8221;1&#8243; data_hero_align=&#8221;1&#8243; data_hero_image_responsive=&#8221;https:\/\/www.parmacalcio1913.com\/wp-content\/uploads\/_heros\/ParCom057_Getty-scaled-20250128102821.webp&#8221; data_icon_image_alt=&#8221;null&#8221; ][\/swp_hero_mini][swp_base_p id=&#8221;1&#8243; [&hellip;]\" \/>\n<meta property=\"og:url\" content=\"https:\/\/www.parmacalcio1913.com\/en\/main-news\/giovanili-primavera-campione-dinverno-con-il-miglior-attacco-e-la-miglior-difesa\/\" \/>\n<meta property=\"og:site_name\" content=\"Parma Calcio 1913\" \/>\n<meta property=\"article:publisher\" content=\"https:\/\/www.facebook.com\/parmacalcio1913\/yoast\" \/>\n<meta property=\"article:modified_time\" content=\"2025-01-28T09:29:55+00:00\" \/>\n<meta name=\"twitter:card\" content=\"summary_large_image\" \/>\n<meta name=\"twitter:label1\" content=\"Est. reading time\" \/>\n\t<meta name=\"twitter:data1\" content=\"3 minutes\" \/>\n<script type=\"application\/ld+json\" class=\"yoast-schema-graph\">{\"@context\":\"https:\\\/\\\/schema.org\",\"@graph\":[{\"@type\":\"WebPage\",\"@id\":\"https:\\\/\\\/www.parmacalcio1913.com\\\/en\\\/main-news\\\/giovanili-primavera-campione-dinverno-con-il-miglior-attacco-e-la-miglior-difesa\\\/\",\"url\":\"https:\\\/\\\/www.parmacalcio1913.com\\\/en\\\/main-news\\\/giovanili-primavera-campione-dinverno-con-il-miglior-attacco-e-la-miglior-difesa\\\/\",\"name\":\"GIOVANILI, PRIMAVERA CAMPIONE D\u2019INVERNO CON IL MIGLIOR ATTACCO E LA MIGLIOR DIFESA - Parma Calcio 1913\",\"isPartOf\":{\"@id\":\"https:\\\/\\\/www.parmacalcio1913.com\\\/en\\\/#website\"},\"datePublished\":\"2025-01-22T09:26:44+00:00\",\"dateModified\":\"2025-01-28T09:29:55+00:00\",\"breadcrumb\":{\"@id\":\"https:\\\/\\\/www.parmacalcio1913.com\\\/en\\\/main-news\\\/giovanili-primavera-campione-dinverno-con-il-miglior-attacco-e-la-miglior-difesa\\\/#breadcrumb\"},\"inLanguage\":\"en-US\",\"potentialAction\":[{\"@type\":\"ReadAction\",\"target\":[\"https:\\\/\\\/www.parmacalcio1913.com\\\/en\\\/main-news\\\/giovanili-primavera-campione-dinverno-con-il-miglior-attacco-e-la-miglior-difesa\\\/\"]}]},{\"@type\":\"BreadcrumbList\",\"@id\":\"https:\\\/\\\/www.parmacalcio1913.com\\\/en\\\/main-news\\\/giovanili-primavera-campione-dinverno-con-il-miglior-attacco-e-la-miglior-difesa\\\/#breadcrumb\",\"itemListElement\":[{\"@type\":\"ListItem\",\"position\":1,\"name\":\"Home\",\"item\":\"https:\\\/\\\/www.parmacalcio1913.com\\\/en\\\/\"},{\"@type\":\"ListItem\",\"position\":2,\"name\":\"News\",\"item\":\"https:\\\/\\\/www.parmacalcio1913.com\\\/en\\\/main-news\\\/\"},{\"@type\":\"ListItem\",\"position\":3,\"name\":\"GIOVANILI, PRIMAVERA CAMPIONE D\u2019INVERNO CON IL MIGLIOR ATTACCO E LA MIGLIOR DIFESA\"}]},{\"@type\":\"WebSite\",\"@id\":\"https:\\\/\\\/www.parmacalcio1913.com\\\/en\\\/#website\",\"url\":\"https:\\\/\\\/www.parmacalcio1913.com\\\/en\\\/\",\"name\":\"Parma Calcio 1913\",\"description\":\"\",\"publisher\":{\"@id\":\"https:\\\/\\\/www.parmacalcio1913.com\\\/en\\\/#organization\"},\"potentialAction\":[{\"@type\":\"SearchAction\",\"target\":{\"@type\":\"EntryPoint\",\"urlTemplate\":\"https:\\\/\\\/www.parmacalcio1913.com\\\/en\\\/?s={search_term_string}\"},\"query-input\":{\"@type\":\"PropertyValueSpecification\",\"valueRequired\":true,\"valueName\":\"search_term_string\"}}],\"inLanguage\":\"en-US\"},{\"@type\":\"Organization\",\"@id\":\"https:\\\/\\\/www.parmacalcio1913.com\\\/en\\\/#organization\",\"name\":\"Parma Calcio 1913\",\"url\":\"https:\\\/\\\/www.parmacalcio1913.com\\\/en\\\/\",\"logo\":{\"@type\":\"ImageObject\",\"inLanguage\":\"en-US\",\"@id\":\"https:\\\/\\\/www.parmacalcio1913.com\\\/en\\\/#\\\/schema\\\/logo\\\/image\\\/\",\"url\":\"https:\\\/\\\/www.parmacalcio1913.com\\\/wp-content\\\/uploads\\\/2023\\\/04\\\/parma_logo.svg\",\"contentUrl\":\"https:\\\/\\\/www.parmacalcio1913.com\\\/wp-content\\\/uploads\\\/2023\\\/04\\\/parma_logo.svg\",\"width\":67.255,\"height\":82.323,\"caption\":\"Parma Calcio 1913\"},\"image\":{\"@id\":\"https:\\\/\\\/www.parmacalcio1913.com\\\/en\\\/#\\\/schema\\\/logo\\\/image\\\/\"},\"sameAs\":[\"https:\\\/\\\/www.facebook.com\\\/parmacalcio1913\\\/yoast\",\"https:\\\/\\\/www.tiktok.com\\\/@parmacalcio1913\\\/yoast\",\"https:\\\/\\\/www.instagram.com\\\/parmacalcio1913\\\/yoast\",\"https:\\\/\\\/it.linkedin.com\\\/company\\\/parma-calcio-1913\\\/yoast\",\"https:\\\/\\\/www.youtube.com\\\/c\\\/ParmaCalcio1913\\\/yoast\",\"https:\\\/\\\/www.threads.net\\\/@parmacalcio1913\\\/yoast\"]}]}<\/script>\n<!-- \/ Yoast SEO plugin. -->","yoast_head_json":{"title":"GIOVANILI, PRIMAVERA CAMPIONE D\u2019INVERNO CON IL MIGLIOR ATTACCO E LA MIGLIOR DIFESA - Parma Calcio 1913","robots":{"index":"index","follow":"follow","max-snippet":"max-snippet:-1","max-image-preview":"max-image-preview:large","max-video-preview":"max-video-preview:-1"},"canonical":"https:\/\/www.parmacalcio1913.com\/en\/main-news\/giovanili-primavera-campione-dinverno-con-il-miglior-attacco-e-la-miglior-difesa\/","og_locale":"en_US","og_type":"article","og_title":"GIOVANILI, PRIMAVERA CAMPIONE D\u2019INVERNO CON IL MIGLIOR ATTACCO E LA MIGLIOR DIFESA - Parma Calcio 1913","og_description":"[swp_content page_og_title=&#8221;GIOVANILI, PRIMAVERA CAMPIONE D\u2019INVERNO CON IL MIGLIOR ATTACCO E LA MIGLIOR DIFESA&#8221; page_og_description=&#8221;null&#8221; page_og_type=&#8221;null&#8221; page_og_image=&#8221;https:\/\/www.parmacalcio1913.com\/wp-content\/uploads\/_ogs\/ParCom057_Getty-scaled-20250128102735.webp&#8221; page_keywords=&#8221;null&#8221; page_description=&#8221;null&#8221; page_on_app=&#8221;1&#8243; page_on_home=&#8221;1&#8243; news_cover=&#8221;https:\/\/www.parmacalcio1913.com\/wp-content\/uploads\/_news\/ParCom057_Getty-scaled-20250128102747.webp&#8221; ][swp_wrapper id=&#8221;id&#8221; order=&#8221;1&#8243; name=&#8221;blocco 1&#8243; option_wrapper_color=&#8221;1&#8243; option_wrapper_image=&#8221;1&#8243; ][swp_hero_mini id=&#8221;0&#8243; type=&#8221;hero_mini&#8221; order=&#8221;1&#8243; name=&#8221;hero_mini&#8221; option_header_mini=&#8221;1&#8243; option_component_anchor=&#8221;null&#8221; option_component_padding=&#8221;2&#8243; data_hero_title=&#8221;GIOVANILI, PRIMAVERA CAMPIONE D\u2019INVERNO CON IL MIGLIOR ATTACCO E LA MIGLIOR DIFESA&#8221; data_hero_image=&#8221;https:\/\/www.parmacalcio1913.com\/wp-content\/uploads\/_heros\/ParCom057_Getty-scaled-20250128102803.webp&#8221; data_hero_align_r=&#8221;1&#8243; data_hero_align=&#8221;1&#8243; data_hero_image_responsive=&#8221;https:\/\/www.parmacalcio1913.com\/wp-content\/uploads\/_heros\/ParCom057_Getty-scaled-20250128102821.webp&#8221; data_icon_image_alt=&#8221;null&#8221; ][\/swp_hero_mini][swp_base_p id=&#8221;1&#8243; [&hellip;]","og_url":"https:\/\/www.parmacalcio1913.com\/en\/main-news\/giovanili-primavera-campione-dinverno-con-il-miglior-attacco-e-la-miglior-difesa\/","og_site_name":"Parma Calcio 1913","article_publisher":"https:\/\/www.facebook.com\/parmacalcio1913\/yoast","article_modified_time":"2025-01-28T09:29:55+00:00","twitter_card":"summary_large_image","twitter_misc":{"Est. reading time":"3 minutes"},"schema":{"@context":"https:\/\/schema.org","@graph":[{"@type":"WebPage","@id":"https:\/\/www.parmacalcio1913.com\/en\/main-news\/giovanili-primavera-campione-dinverno-con-il-miglior-attacco-e-la-miglior-difesa\/","url":"https:\/\/www.parmacalcio1913.com\/en\/main-news\/giovanili-primavera-campione-dinverno-con-il-miglior-attacco-e-la-miglior-difesa\/","name":"GIOVANILI, PRIMAVERA CAMPIONE D\u2019INVERNO CON IL MIGLIOR ATTACCO E LA MIGLIOR DIFESA - Parma Calcio 1913","isPartOf":{"@id":"https:\/\/www.parmacalcio1913.com\/en\/#website"},"datePublished":"2025-01-22T09:26:44+00:00","dateModified":"2025-01-28T09:29:55+00:00","breadcrumb":{"@id":"https:\/\/www.parmacalcio1913.com\/en\/main-news\/giovanili-primavera-campione-dinverno-con-il-miglior-attacco-e-la-miglior-difesa\/#breadcrumb"},"inLanguage":"en-US","potentialAction":[{"@type":"ReadAction","target":["https:\/\/www.parmacalcio1913.com\/en\/main-news\/giovanili-primavera-campione-dinverno-con-il-miglior-attacco-e-la-miglior-difesa\/"]}]},{"@type":"BreadcrumbList","@id":"https:\/\/www.parmacalcio1913.com\/en\/main-news\/giovanili-primavera-campione-dinverno-con-il-miglior-attacco-e-la-miglior-difesa\/#breadcrumb","itemListElement":[{"@type":"ListItem","position":1,"name":"Home","item":"https:\/\/www.parmacalcio1913.com\/en\/"},{"@type":"ListItem","position":2,"name":"News","item":"https:\/\/www.parmacalcio1913.com\/en\/main-news\/"},{"@type":"ListItem","position":3,"name":"GIOVANILI, PRIMAVERA CAMPIONE D\u2019INVERNO CON IL MIGLIOR ATTACCO E LA MIGLIOR DIFESA"}]},{"@type":"WebSite","@id":"https:\/\/www.parmacalcio1913.com\/en\/#website","url":"https:\/\/www.parmacalcio1913.com\/en\/","name":"Parma Calcio 1913","description":"","publisher":{"@id":"https:\/\/www.parmacalcio1913.com\/en\/#organization"},"potentialAction":[{"@type":"SearchAction","target":{"@type":"EntryPoint","urlTemplate":"https:\/\/www.parmacalcio1913.com\/en\/?s={search_term_string}"},"query-input":{"@type":"PropertyValueSpecification","valueRequired":true,"valueName":"search_term_string"}}],"inLanguage":"en-US"},{"@type":"Organization","@id":"https:\/\/www.parmacalcio1913.com\/en\/#organization","name":"Parma Calcio 1913","url":"https:\/\/www.parmacalcio1913.com\/en\/","logo":{"@type":"ImageObject","inLanguage":"en-US","@id":"https:\/\/www.parmacalcio1913.com\/en\/#\/schema\/logo\/image\/","url":"https:\/\/www.parmacalcio1913.com\/wp-content\/uploads\/2023\/04\/parma_logo.svg","contentUrl":"https:\/\/www.parmacalcio1913.com\/wp-content\/uploads\/2023\/04\/parma_logo.svg","width":67.255,"height":82.323,"caption":"Parma Calcio 1913"},"image":{"@id":"https:\/\/www.parmacalcio1913.com\/en\/#\/schema\/logo\/image\/"},"sameAs":["https:\/\/www.facebook.com\/parmacalcio1913\/yoast","https:\/\/www.tiktok.com\/@parmacalcio1913\/yoast","https:\/\/www.instagram.com\/parmacalcio1913\/yoast","https:\/\/it.linkedin.com\/company\/parma-calcio-1913\/yoast","https:\/\/www.youtube.com\/c\/ParmaCalcio1913\/yoast","https:\/\/www.threads.net\/@parmacalcio1913\/yoast"]}]}},"_links":{"self":[{"href":"https:\/\/www.parmacalcio1913.com\/en\/wp-json\/wp\/v2\/pr_news\/53555","targetHints":{"allow":["GET"]}}],"collection":[{"href":"https:\/\/www.parmacalcio1913.com\/en\/wp-json\/wp\/v2\/pr_news"}],"about":[{"href":"https:\/\/www.parmacalcio1913.com\/en\/wp-json\/wp\/v2\/types\/pr_news"}],"author":[{"embeddable":true,"href":"https:\/\/www.parmacalcio1913.com\/en\/wp-json\/wp\/v2\/users\/21"}],"version-history":[{"count":6,"href":"https:\/\/www.parmacalcio1913.com\/en\/wp-json\/wp\/v2\/pr_news\/53555\/revisions"}],"predecessor-version":[{"id":53565,"href":"https:\/\/www.parmacalcio1913.com\/en\/wp-json\/wp\/v2\/pr_news\/53555\/revisions\/53565"}],"wp:attachment":[{"href":"https:\/\/www.parmacalcio1913.com\/en\/wp-json\/wp\/v2\/media?parent=53555"}],"wp:term":[{"taxonomy":"category","embeddable":true,"href":"https:\/\/www.parmacalcio1913.com\/en\/wp-json\/wp\/v2\/categories?post=53555"},{"taxonomy":"post_tag","embeddable":true,"href":"https:\/\/www.parmacalcio1913.com\/en\/wp-json\/wp\/v2\/tags?post=53555"}],"curies":[{"name":"wp","href":"https:\/\/api.w.org\/{rel}","templated":true}]}}