{"id":53313,"date":"2025-01-25T14:31:41","date_gmt":"2025-01-25T13:31:41","guid":{"rendered":"https:\/\/www.parmacalcio1913.com\/news\/conferenza-pecchia-milan-parma\/"},"modified":"2025-01-25T17:32:47","modified_gmt":"2025-01-25T16:32:47","slug":"pecchia-pre-milan-parma","status":"publish","type":"pr_news","link":"https:\/\/www.parmacalcio1913.com\/en\/main-news\/pecchia-pre-milan-parma\/","title":{"rendered":"COACH FABIO PECCHIA: \u201cI EXPECT A BIG PERFORMANCE\u201d"},"content":{"rendered":"<p>[swp_content page_og_title=&#8221;L\u2019ALLENATORE FABIO PECCHIA: \u201cCONTRO IL MILAN MI ASPETTO UNA GRANDE PRESTAZIONE\u201d&#8221; page_og_description=&#8221;null&#8221; page_og_type=&#8221;null&#8221; page_og_image=&#8221;https:\/\/www.parmacalcio1913.com\/wp-content\/uploads\/_ogs\/Pecchia0811_HD-009-20250124164955.webp&#8221; page_keywords=&#8221;null&#8221; page_description=&#8221;null&#8221; page_on_app=&#8221;1&#8243; page_on_home=&#8221;1&#8243; news_cover=&#8221;https:\/\/www.parmacalcio1913.com\/wp-content\/uploads\/_news\/Pecchia0811_HD-009-20250124165002.webp&#8221; ][swp_wrapper  id=&#8221;id&#8221;  order=&#8221;1&#8243;  name=&#8221;blocco 1&#8243; option_wrapper_color=&#8221;1&#8243; option_wrapper_image=&#8221;1&#8243; ][swp_hero_mini  id=&#8221;0&#8243;  type=&#8221;hero_mini&#8221;  order=&#8221;1&#8243;  name=&#8221;hero_mini&#8221; option_header_mini=&#8221;1&#8243; option_component_anchor=&#8221;null&#8221; option_component_padding=&#8221;[]&#8221; data_hero_title=&#8221;COACH FABIO PECCHIA: \u201cI EXPECT A BIG PERFORMANCE\u201d&#8221; data_hero_image=&#8221;https:\/\/www.parmacalcio1913.com\/wp-content\/uploads\/_heros\/Pecchia0811_HD-009-20250124165016.webp&#8221; data_hero_align_r=&#8221;1&#8243; data_hero_align=&#8221;1&#8243; data_hero_image_responsive=&#8221;https:\/\/www.parmacalcio1913.com\/wp-content\/uploads\/_heros\/Pecchia0811_HD-009-20250124165022.webp&#8221; data_icon_image_alt=&#8221;null&#8221; ][\/swp_hero_mini][swp_base_p  id=&#8221;1&#8243;  type=&#8221;base_p&#8221;  order=&#8221;2&#8243;  name=&#8221;base_p&#8221; option_component_anchor=&#8221;null&#8221; option_component_padding=&#8221;[]&#8221; data_box_title=&#8221;null&#8221; data_box_subtitle=&#8221;null&#8221; data_box_text=&#8221;<\/p>\n<p><em>Collecchio, 25 January 2025<\/em> \u2013 Coach Fabio Pecchia had the following to say on the eve of Parma\u2019s clash away to AC Milan on matchday 22 in Serie A:<\/p>\n<p><\/p>\n<p><strong>A BIG PERFORMANCE NEEDED FROM EVERYONE<\/strong><\/p>\n<p><em>\u201cAs is always the case, we need to play the match against AC Milan until the very end. I\u2019ve always told the lads that every game is important. What changes from time to time are tactical aspects. It\u2019ll be a different game compared to our match at home to Venezia last week, but we\u2019ve got to go for it against AC Milan. Given how strong they are, they\u2019ll force us back and we\u2019ll spend a lot of time out of possession. However, when we have the ball, we need to be proactive and make them chase it. I expect a big performance from everyone. The desire to take to the pitch and play needs to be the same as it always is.\u201d<\/em><\/p>\n<p>&#8221; data_box_twitch=&#8221;null&#8221; data_box_instagram=&#8221;null&#8221; data_box_tiktok=&#8221;null&#8221; data_box_twitter=&#8221;null&#8221; data_box_youtube=&#8221;null&#8221; data_box_facebook=&#8221;null&#8221; ][\/swp_base_p][swp_youtube  id=&#8221;2&#8243;  type=&#8221;youtube&#8221;  order=&#8221;3&#8243;  name=&#8221;youtube&#8221; option_component_anchor=&#8221;null&#8221; option_component_padding=&#8221;[]&#8221; data_youtube_video=&#8221;TzXCEtZGNoE&#8221; ][\/swp_youtube][swp_base_p  id=&#8221;3&#8243;  type=&#8221;base_p&#8221;  order=&#8221;4&#8243;  name=&#8221;base_p&#8221; option_component_anchor=&#8221;null&#8221; option_component_padding=&#8221;[]&#8221; data_box_title=&#8221;null&#8221; data_box_subtitle=&#8221;null&#8221; data_box_text=&#8221;<\/p>\n<p><strong>WELCOMING NEW CEO FEDERICO CHERUBINI<\/strong><\/p>\n<p><em>\u201cI\u2019d like to welcome Cherubini. He\u2019s a fantastic professional with international experience and someone who developed professionally at a big club in the form of Juventus. The fact I\u2019ve worked with him before is an advantage for both of us, and I\u2019m sure he will be of great help.\u201d<\/em><\/p>\n<p>&nbsp;<\/p>\n<p><strong>OUR PHILOSOPHY REMAINS UNCHANGED<\/strong><\/p>\n<p><em>\u201cIt\u2019s not easy to work in the current transfer window, and we need to move quickly to integrate our new arrivals. It\u2019s been a positive week with a great atmosphere, and there\u2019s been plenty of desire to work together as a team. Against Venezia, there were some positive signs from several players. We need to carry on working in this manner. Since I\u2019ve been here, we\u2019ve always tried to keep the ball on the ground, but Djuri\u0107 is an important alternative in the box. It\u2019s just about making adaptions and understanding his qualities, but I don\u2019t think we can completely change our philosophy. The addition of players with certain technical and human values is important for the team. We need these values so we can finish the season with real cohesion and unity.\u201d<\/em><\/p>\n<p>&#8221; data_box_twitch=&#8221;null&#8221; data_box_instagram=&#8221;null&#8221; data_box_tiktok=&#8221;null&#8221; data_box_twitter=&#8221;null&#8221; data_box_youtube=&#8221;null&#8221; data_box_facebook=&#8221;null&#8221; ][\/swp_base_p][swp_image  id=&#8221;4&#8243;  type=&#8221;image&#8221;  order=&#8221;5&#8243;  name=&#8221;image&#8221; option_component_anchor=&#8221;null&#8221; option_component_padding=&#8221;[]&#8221; data_box_image=&#8221;https:\/\/www.parmacalcio1913.com\/wp-content\/uploads\/_heros\/Pecchia0811_HD-018-20250124165046.webp&#8221; data_box_image_mini=&#8221;1&#8243; data_box_image_alt=&#8221;Pecchia in conferenza stampa&#8221; data_box_image_description=&#8221;null&#8221; ][\/swp_image][swp_base_p  id=&#8221;5&#8243;  type=&#8221;base_p&#8221;  order=&#8221;6&#8243;  name=&#8221;base_p&#8221; option_component_anchor=&#8221;null&#8221; option_component_padding=&#8221;[]&#8221; data_box_title=&#8221;null&#8221; data_box_subtitle=&#8221;null&#8221; data_box_text=&#8221;<\/p>\n<p><strong>BONNY OUT BUT NEW SIGNINGS AVAILABLE<\/strong><\/p>\n<p><em>\u201cBonny has a fever and won\u2019t be able to play, but everyone else is available, including Djuri\u0107, Ondrejka and L\u00f8vik. I\u2019m happy because they\u2019re all in good condition. After Charpentier\u2019s injury, when Bonny was unavailable, we tried different solutions depending on the opponents. We now have Milan Djuri\u0107, who is a focal point and play in this role thanks to his characteristics. He gives us different tactical solutions. Est\u00e9vez has had an extra week of work and is in great condition. Adri\u00e1n Bernab\u00e9 has also done a bit of work. He won\u2019t be in the group, but we\u2019re very close to having him back.\u201d<\/em><\/p>\n<p><em>&nbsp;<\/em><\/p>\n<p><strong><em>DELPRATO IN THE FULL-BACK ROLE, CAMARA NEEDS TO WORK<\/em><\/strong><\/p>\n<p><em>\u201cWe had Coulibaly for the reverse fixture, and Vogliacco has settled in well and is another player with experience. Of course, Enrico is capable of playing at full-back and testing himself against a top player. Drissa did well after coming on against Venezia. For me, the quality of the work done during matches is important, both from the start and when a player comes on as a substitute. What matters is being ready. I only have positive words to say about him, but he needs to continue to work and stay involved.\u201d<\/em><\/p>\n<p>&#8221; data_box_twitch=&#8221;null&#8221; data_box_instagram=&#8221;null&#8221; data_box_tiktok=&#8221;null&#8221; data_box_twitter=&#8221;null&#8221; data_box_youtube=&#8221;null&#8221; data_box_facebook=&#8221;null&#8221; ][\/swp_base_p][\/swp_wrapper][\/swp_content]<\/p>\n","protected":false},"excerpt":{"rendered":"<p>[swp_content page_og_title=&#8221;L\u2019ALLENATORE FABIO PECCHIA: \u201cCONTRO IL MILAN MI ASPETTO UNA GRANDE PRESTAZIONE\u201d&#8221; page_og_description=&#8221;null&#8221; page_og_type=&#8221;null&#8221; page_og_image=&#8221;https:\/\/www.parmacalcio1913.com\/wp-content\/uploads\/_ogs\/Pecchia0811_HD-009-20250124164955.webp&#8221; page_keywords=&#8221;null&#8221; page_description=&#8221;null&#8221; page_on_app=&#8221;1&#8243; page_on_home=&#8221;1&#8243; news_cover=&#8221;https:\/\/www.parmacalcio1913.com\/wp-content\/uploads\/_news\/Pecchia0811_HD-009-20250124165002.webp&#8221; ][swp_wrapper id=&#8221;id&#8221; order=&#8221;1&#8243; name=&#8221;blocco 1&#8243; option_wrapper_color=&#8221;1&#8243; option_wrapper_image=&#8221;1&#8243; ][swp_hero_mini id=&#8221;0&#8243; type=&#8221;hero_mini&#8221; order=&#8221;1&#8243; name=&#8221;hero_mini&#8221; option_header_mini=&#8221;1&#8243; option_component_anchor=&#8221;null&#8221; option_component_padding=&#8221;[]&#8221; data_hero_title=&#8221;COACH FABIO PECCHIA: \u201cI EXPECT A BIG PERFORMANCE\u201d&#8221; data_hero_image=&#8221;https:\/\/www.parmacalcio1913.com\/wp-content\/uploads\/_heros\/Pecchia0811_HD-009-20250124165016.webp&#8221; data_hero_align_r=&#8221;1&#8243; data_hero_align=&#8221;1&#8243; data_hero_image_responsive=&#8221;https:\/\/www.parmacalcio1913.com\/wp-content\/uploads\/_heros\/Pecchia0811_HD-009-20250124165022.webp&#8221; data_icon_image_alt=&#8221;null&#8221; ][\/swp_hero_mini][swp_base_p id=&#8221;1&#8243; type=&#8221;base_p&#8221; order=&#8221;2&#8243; name=&#8221;base_p&#8221; option_component_anchor=&#8221;null&#8221; option_component_padding=&#8221;[]&#8221; [&hellip;]<\/p>\n","protected":false},"author":11,"featured_media":0,"menu_order":0,"template":"","format":"standard","meta":{"footnotes":""},"categories":[69],"tags":[46],"class_list":["post-53313","pr_news","type-pr_news","status-publish","format-standard","hentry","category-men-first-team","tag-prima-squadra-en"],"yoast_head":"<!-- This site is optimized with the Yoast SEO plugin v27.4 - https:\/\/yoast.com\/product\/yoast-seo-wordpress\/ -->\n<title>COACH FABIO PECCHIA: \u201cI EXPECT A BIG PERFORMANCE\u201d - Parma Calcio 1913<\/title>\n<meta name=\"robots\" content=\"index, follow, max-snippet:-1, max-image-preview:large, max-video-preview:-1\" \/>\n<link rel=\"canonical\" href=\"https:\/\/www.parmacalcio1913.com\/en\/main-news\/pecchia-pre-milan-parma\/\" \/>\n<meta property=\"og:locale\" content=\"en_US\" \/>\n<meta property=\"og:type\" content=\"article\" \/>\n<meta property=\"og:title\" content=\"COACH FABIO PECCHIA: \u201cI EXPECT A BIG PERFORMANCE\u201d - Parma Calcio 1913\" \/>\n<meta property=\"og:description\" content=\"[swp_content page_og_title=&#8221;L\u2019ALLENATORE FABIO PECCHIA: \u201cCONTRO IL MILAN MI ASPETTO UNA GRANDE PRESTAZIONE\u201d&#8221; page_og_description=&#8221;null&#8221; page_og_type=&#8221;null&#8221; page_og_image=&#8221;https:\/\/www.parmacalcio1913.com\/wp-content\/uploads\/_ogs\/Pecchia0811_HD-009-20250124164955.webp&#8221; page_keywords=&#8221;null&#8221; page_description=&#8221;null&#8221; page_on_app=&#8221;1&#8243; page_on_home=&#8221;1&#8243; news_cover=&#8221;https:\/\/www.parmacalcio1913.com\/wp-content\/uploads\/_news\/Pecchia0811_HD-009-20250124165002.webp&#8221; ][swp_wrapper id=&#8221;id&#8221; order=&#8221;1&#8243; name=&#8221;blocco 1&#8243; option_wrapper_color=&#8221;1&#8243; option_wrapper_image=&#8221;1&#8243; ][swp_hero_mini id=&#8221;0&#8243; type=&#8221;hero_mini&#8221; order=&#8221;1&#8243; name=&#8221;hero_mini&#8221; option_header_mini=&#8221;1&#8243; option_component_anchor=&#8221;null&#8221; option_component_padding=&#8221;[]&#8221; data_hero_title=&#8221;COACH FABIO PECCHIA: \u201cI EXPECT A BIG PERFORMANCE\u201d&#8221; data_hero_image=&#8221;https:\/\/www.parmacalcio1913.com\/wp-content\/uploads\/_heros\/Pecchia0811_HD-009-20250124165016.webp&#8221; data_hero_align_r=&#8221;1&#8243; data_hero_align=&#8221;1&#8243; data_hero_image_responsive=&#8221;https:\/\/www.parmacalcio1913.com\/wp-content\/uploads\/_heros\/Pecchia0811_HD-009-20250124165022.webp&#8221; data_icon_image_alt=&#8221;null&#8221; ][\/swp_hero_mini][swp_base_p id=&#8221;1&#8243; type=&#8221;base_p&#8221; order=&#8221;2&#8243; name=&#8221;base_p&#8221; option_component_anchor=&#8221;null&#8221; option_component_padding=&#8221;[]&#8221; [&hellip;]\" \/>\n<meta property=\"og:url\" content=\"https:\/\/www.parmacalcio1913.com\/en\/main-news\/pecchia-pre-milan-parma\/\" \/>\n<meta property=\"og:site_name\" content=\"Parma Calcio 1913\" \/>\n<meta property=\"article:publisher\" content=\"https:\/\/www.facebook.com\/parmacalcio1913\/yoast\" \/>\n<meta property=\"article:modified_time\" content=\"2025-01-25T16:32:47+00:00\" \/>\n<meta name=\"twitter:card\" content=\"summary_large_image\" \/>\n<meta name=\"twitter:label1\" content=\"Est. reading time\" \/>\n\t<meta name=\"twitter:data1\" content=\"4 minutes\" \/>\n<script type=\"application\/ld+json\" class=\"yoast-schema-graph\">{\"@context\":\"https:\\\/\\\/schema.org\",\"@graph\":[{\"@type\":\"WebPage\",\"@id\":\"https:\\\/\\\/www.parmacalcio1913.com\\\/en\\\/main-news\\\/pecchia-pre-milan-parma\\\/\",\"url\":\"https:\\\/\\\/www.parmacalcio1913.com\\\/en\\\/main-news\\\/pecchia-pre-milan-parma\\\/\",\"name\":\"COACH FABIO PECCHIA: \u201cI EXPECT A BIG PERFORMANCE\u201d - Parma Calcio 1913\",\"isPartOf\":{\"@id\":\"https:\\\/\\\/www.parmacalcio1913.com\\\/en\\\/#website\"},\"datePublished\":\"2025-01-25T13:31:41+00:00\",\"dateModified\":\"2025-01-25T16:32:47+00:00\",\"breadcrumb\":{\"@id\":\"https:\\\/\\\/www.parmacalcio1913.com\\\/en\\\/main-news\\\/pecchia-pre-milan-parma\\\/#breadcrumb\"},\"inLanguage\":\"en-US\",\"potentialAction\":[{\"@type\":\"ReadAction\",\"target\":[\"https:\\\/\\\/www.parmacalcio1913.com\\\/en\\\/main-news\\\/pecchia-pre-milan-parma\\\/\"]}]},{\"@type\":\"BreadcrumbList\",\"@id\":\"https:\\\/\\\/www.parmacalcio1913.com\\\/en\\\/main-news\\\/pecchia-pre-milan-parma\\\/#breadcrumb\",\"itemListElement\":[{\"@type\":\"ListItem\",\"position\":1,\"name\":\"Home\",\"item\":\"https:\\\/\\\/www.parmacalcio1913.com\\\/en\\\/\"},{\"@type\":\"ListItem\",\"position\":2,\"name\":\"News\",\"item\":\"https:\\\/\\\/www.parmacalcio1913.com\\\/en\\\/main-news\\\/\"},{\"@type\":\"ListItem\",\"position\":3,\"name\":\"COACH FABIO PECCHIA: \u201cI EXPECT A BIG PERFORMANCE\u201d\"}]},{\"@type\":\"WebSite\",\"@id\":\"https:\\\/\\\/www.parmacalcio1913.com\\\/en\\\/#website\",\"url\":\"https:\\\/\\\/www.parmacalcio1913.com\\\/en\\\/\",\"name\":\"Parma Calcio 1913\",\"description\":\"\",\"publisher\":{\"@id\":\"https:\\\/\\\/www.parmacalcio1913.com\\\/en\\\/#organization\"},\"potentialAction\":[{\"@type\":\"SearchAction\",\"target\":{\"@type\":\"EntryPoint\",\"urlTemplate\":\"https:\\\/\\\/www.parmacalcio1913.com\\\/en\\\/?s={search_term_string}\"},\"query-input\":{\"@type\":\"PropertyValueSpecification\",\"valueRequired\":true,\"valueName\":\"search_term_string\"}}],\"inLanguage\":\"en-US\"},{\"@type\":\"Organization\",\"@id\":\"https:\\\/\\\/www.parmacalcio1913.com\\\/en\\\/#organization\",\"name\":\"Parma Calcio 1913\",\"url\":\"https:\\\/\\\/www.parmacalcio1913.com\\\/en\\\/\",\"logo\":{\"@type\":\"ImageObject\",\"inLanguage\":\"en-US\",\"@id\":\"https:\\\/\\\/www.parmacalcio1913.com\\\/en\\\/#\\\/schema\\\/logo\\\/image\\\/\",\"url\":\"https:\\\/\\\/www.parmacalcio1913.com\\\/wp-content\\\/uploads\\\/2023\\\/04\\\/parma_logo.svg\",\"contentUrl\":\"https:\\\/\\\/www.parmacalcio1913.com\\\/wp-content\\\/uploads\\\/2023\\\/04\\\/parma_logo.svg\",\"width\":67.255,\"height\":82.323,\"caption\":\"Parma Calcio 1913\"},\"image\":{\"@id\":\"https:\\\/\\\/www.parmacalcio1913.com\\\/en\\\/#\\\/schema\\\/logo\\\/image\\\/\"},\"sameAs\":[\"https:\\\/\\\/www.facebook.com\\\/parmacalcio1913\\\/yoast\",\"https:\\\/\\\/www.tiktok.com\\\/@parmacalcio1913\\\/yoast\",\"https:\\\/\\\/www.instagram.com\\\/parmacalcio1913\\\/yoast\",\"https:\\\/\\\/it.linkedin.com\\\/company\\\/parma-calcio-1913\\\/yoast\",\"https:\\\/\\\/www.youtube.com\\\/c\\\/ParmaCalcio1913\\\/yoast\",\"https:\\\/\\\/www.threads.net\\\/@parmacalcio1913\\\/yoast\"]}]}<\/script>\n<!-- \/ Yoast SEO plugin. -->","yoast_head_json":{"title":"COACH FABIO PECCHIA: \u201cI EXPECT A BIG PERFORMANCE\u201d - Parma Calcio 1913","robots":{"index":"index","follow":"follow","max-snippet":"max-snippet:-1","max-image-preview":"max-image-preview:large","max-video-preview":"max-video-preview:-1"},"canonical":"https:\/\/www.parmacalcio1913.com\/en\/main-news\/pecchia-pre-milan-parma\/","og_locale":"en_US","og_type":"article","og_title":"COACH FABIO PECCHIA: \u201cI EXPECT A BIG PERFORMANCE\u201d - Parma Calcio 1913","og_description":"[swp_content page_og_title=&#8221;L\u2019ALLENATORE FABIO PECCHIA: \u201cCONTRO IL MILAN MI ASPETTO UNA GRANDE PRESTAZIONE\u201d&#8221; page_og_description=&#8221;null&#8221; page_og_type=&#8221;null&#8221; page_og_image=&#8221;https:\/\/www.parmacalcio1913.com\/wp-content\/uploads\/_ogs\/Pecchia0811_HD-009-20250124164955.webp&#8221; page_keywords=&#8221;null&#8221; page_description=&#8221;null&#8221; page_on_app=&#8221;1&#8243; page_on_home=&#8221;1&#8243; news_cover=&#8221;https:\/\/www.parmacalcio1913.com\/wp-content\/uploads\/_news\/Pecchia0811_HD-009-20250124165002.webp&#8221; ][swp_wrapper id=&#8221;id&#8221; order=&#8221;1&#8243; name=&#8221;blocco 1&#8243; option_wrapper_color=&#8221;1&#8243; option_wrapper_image=&#8221;1&#8243; ][swp_hero_mini id=&#8221;0&#8243; type=&#8221;hero_mini&#8221; order=&#8221;1&#8243; name=&#8221;hero_mini&#8221; option_header_mini=&#8221;1&#8243; option_component_anchor=&#8221;null&#8221; option_component_padding=&#8221;[]&#8221; data_hero_title=&#8221;COACH FABIO PECCHIA: \u201cI EXPECT A BIG PERFORMANCE\u201d&#8221; data_hero_image=&#8221;https:\/\/www.parmacalcio1913.com\/wp-content\/uploads\/_heros\/Pecchia0811_HD-009-20250124165016.webp&#8221; data_hero_align_r=&#8221;1&#8243; data_hero_align=&#8221;1&#8243; data_hero_image_responsive=&#8221;https:\/\/www.parmacalcio1913.com\/wp-content\/uploads\/_heros\/Pecchia0811_HD-009-20250124165022.webp&#8221; data_icon_image_alt=&#8221;null&#8221; ][\/swp_hero_mini][swp_base_p id=&#8221;1&#8243; type=&#8221;base_p&#8221; order=&#8221;2&#8243; name=&#8221;base_p&#8221; option_component_anchor=&#8221;null&#8221; option_component_padding=&#8221;[]&#8221; [&hellip;]","og_url":"https:\/\/www.parmacalcio1913.com\/en\/main-news\/pecchia-pre-milan-parma\/","og_site_name":"Parma Calcio 1913","article_publisher":"https:\/\/www.facebook.com\/parmacalcio1913\/yoast","article_modified_time":"2025-01-25T16:32:47+00:00","twitter_card":"summary_large_image","twitter_misc":{"Est. reading time":"4 minutes"},"schema":{"@context":"https:\/\/schema.org","@graph":[{"@type":"WebPage","@id":"https:\/\/www.parmacalcio1913.com\/en\/main-news\/pecchia-pre-milan-parma\/","url":"https:\/\/www.parmacalcio1913.com\/en\/main-news\/pecchia-pre-milan-parma\/","name":"COACH FABIO PECCHIA: \u201cI EXPECT A BIG PERFORMANCE\u201d - Parma Calcio 1913","isPartOf":{"@id":"https:\/\/www.parmacalcio1913.com\/en\/#website"},"datePublished":"2025-01-25T13:31:41+00:00","dateModified":"2025-01-25T16:32:47+00:00","breadcrumb":{"@id":"https:\/\/www.parmacalcio1913.com\/en\/main-news\/pecchia-pre-milan-parma\/#breadcrumb"},"inLanguage":"en-US","potentialAction":[{"@type":"ReadAction","target":["https:\/\/www.parmacalcio1913.com\/en\/main-news\/pecchia-pre-milan-parma\/"]}]},{"@type":"BreadcrumbList","@id":"https:\/\/www.parmacalcio1913.com\/en\/main-news\/pecchia-pre-milan-parma\/#breadcrumb","itemListElement":[{"@type":"ListItem","position":1,"name":"Home","item":"https:\/\/www.parmacalcio1913.com\/en\/"},{"@type":"ListItem","position":2,"name":"News","item":"https:\/\/www.parmacalcio1913.com\/en\/main-news\/"},{"@type":"ListItem","position":3,"name":"COACH FABIO PECCHIA: \u201cI EXPECT A BIG PERFORMANCE\u201d"}]},{"@type":"WebSite","@id":"https:\/\/www.parmacalcio1913.com\/en\/#website","url":"https:\/\/www.parmacalcio1913.com\/en\/","name":"Parma Calcio 1913","description":"","publisher":{"@id":"https:\/\/www.parmacalcio1913.com\/en\/#organization"},"potentialAction":[{"@type":"SearchAction","target":{"@type":"EntryPoint","urlTemplate":"https:\/\/www.parmacalcio1913.com\/en\/?s={search_term_string}"},"query-input":{"@type":"PropertyValueSpecification","valueRequired":true,"valueName":"search_term_string"}}],"inLanguage":"en-US"},{"@type":"Organization","@id":"https:\/\/www.parmacalcio1913.com\/en\/#organization","name":"Parma Calcio 1913","url":"https:\/\/www.parmacalcio1913.com\/en\/","logo":{"@type":"ImageObject","inLanguage":"en-US","@id":"https:\/\/www.parmacalcio1913.com\/en\/#\/schema\/logo\/image\/","url":"https:\/\/www.parmacalcio1913.com\/wp-content\/uploads\/2023\/04\/parma_logo.svg","contentUrl":"https:\/\/www.parmacalcio1913.com\/wp-content\/uploads\/2023\/04\/parma_logo.svg","width":67.255,"height":82.323,"caption":"Parma Calcio 1913"},"image":{"@id":"https:\/\/www.parmacalcio1913.com\/en\/#\/schema\/logo\/image\/"},"sameAs":["https:\/\/www.facebook.com\/parmacalcio1913\/yoast","https:\/\/www.tiktok.com\/@parmacalcio1913\/yoast","https:\/\/www.instagram.com\/parmacalcio1913\/yoast","https:\/\/it.linkedin.com\/company\/parma-calcio-1913\/yoast","https:\/\/www.youtube.com\/c\/ParmaCalcio1913\/yoast","https:\/\/www.threads.net\/@parmacalcio1913\/yoast"]}]}},"_links":{"self":[{"href":"https:\/\/www.parmacalcio1913.com\/en\/wp-json\/wp\/v2\/pr_news\/53313","targetHints":{"allow":["GET"]}}],"collection":[{"href":"https:\/\/www.parmacalcio1913.com\/en\/wp-json\/wp\/v2\/pr_news"}],"about":[{"href":"https:\/\/www.parmacalcio1913.com\/en\/wp-json\/wp\/v2\/types\/pr_news"}],"author":[{"embeddable":true,"href":"https:\/\/www.parmacalcio1913.com\/en\/wp-json\/wp\/v2\/users\/11"}],"version-history":[{"count":4,"href":"https:\/\/www.parmacalcio1913.com\/en\/wp-json\/wp\/v2\/pr_news\/53313\/revisions"}],"predecessor-version":[{"id":53317,"href":"https:\/\/www.parmacalcio1913.com\/en\/wp-json\/wp\/v2\/pr_news\/53313\/revisions\/53317"}],"wp:attachment":[{"href":"https:\/\/www.parmacalcio1913.com\/en\/wp-json\/wp\/v2\/media?parent=53313"}],"wp:term":[{"taxonomy":"category","embeddable":true,"href":"https:\/\/www.parmacalcio1913.com\/en\/wp-json\/wp\/v2\/categories?post=53313"},{"taxonomy":"post_tag","embeddable":true,"href":"https:\/\/www.parmacalcio1913.com\/en\/wp-json\/wp\/v2\/tags?post=53313"}],"curies":[{"name":"wp","href":"https:\/\/api.w.org\/{rel}","templated":true}]}}