{"id":27869,"date":"2024-02-21T17:59:04","date_gmt":"2024-02-21T16:59:04","guid":{"rendered":"https:\/\/www.parmacalcio1913.com\/?post_type=pr_news&#038;p=27869"},"modified":"2024-02-21T17:59:04","modified_gmt":"2024-02-21T16:59:04","slug":"estate-gialloblu-summer-camp-2024-al-via-le-iscrizioni","status":"publish","type":"pr_news","link":"https:\/\/www.parmacalcio1913.com\/en\/main-news\/estate-gialloblu-summer-camp-2024-al-via-le-iscrizioni\/","title":{"rendered":"ESTATE GIALLOBLU: \u201cSUMMER CAMP 2024\u201d AL VIA LE ISCRIZIONI"},"content":{"rendered":"<p>[swp_content page_og_title=&#8221;ESTATE GIALLOBLU: \u201cSUMMER CAMP 2024\u201d AL VIA LE ISCRIZIONI&#8221; page_og_description=&#8221;null&#8221; page_og_type=&#8221;null&#8221; page_og_image=&#8221;https:\/\/www.parmacalcio1913.com\/wp-content\/uploads\/_ogs\/SL-Summer-Camp-2024-02-20240221175046.webp&#8221; page_keywords=&#8221;null&#8221; page_description=&#8221;null&#8221; page_on_app=&#8221;1&#8243; page_on_home=&#8221;1&#8243; news_cover=&#8221;https:\/\/www.parmacalcio1913.com\/wp-content\/uploads\/_news\/SL-Summer-Camp-2024-02-20240221175046.webp&#8221; ][swp_wrapper  id=&#8221;id&#8221;  order=&#8221;1&#8243;  name=&#8221;blocco 1&#8243; option_wrapper_color=&#8221;1&#8243; option_wrapper_image=&#8221;1&#8243; ][swp_hero_mini_news  id=&#8221;0&#8243;  type=&#8221;hero_mini_news&#8221;  order=&#8221;1&#8243;  name=&#8221;hero_mini_news&#8221; option_header_mini=&#8221;1&#8243; option_component_anchor=&#8221;null&#8221; option_component_padding=&#8221;[]&#8221; data_hero_title=&#8221;ESTATE GIALLOBLU: \u201cSUMMER CAMP 2024\u201d AL VIA LE ISCRIZIONI&#8221; data_hero_image=&#8221;https:\/\/www.parmacalcio1913.com\/wp-content\/uploads\/_heros\/SL-Summer-Camp-2024-02-20240221175046.webp&#8221; data_hero_image_responsive=&#8221;https:\/\/www.parmacalcio1913.com\/wp-content\/uploads\/_heros\/SL-Summer-Camp-2024-02-20240221175046.webp&#8221; data_icon_image_alt=&#8221;null&#8221; ][\/swp_hero_mini_news][swp_base_p  id=&#8221;1&#8243;  type=&#8221;base_p&#8221;  order=&#8221;2&#8243;  name=&#8221;base_p&#8221; option_component_anchor=&#8221;null&#8221; option_component_padding=&#8221;[]&#8221; data_box_title=&#8221;null&#8221; data_box_subtitle=&#8221;null&#8221; data_box_text=&#8221;<\/p>\n<p><em>Collecchio, 21 febbraio 2024<\/em> \u2013 La primavera si avvicina, le giornate si fanno pi\u00f9 calde e l\u2019estate \u00e8 imminente. All\u2019alba di un finale di stagione tutto da scrivere (e da vivere), oltre ai numeri da record della passata edizione, tornano i <strong>Summer Camp Parma Academy<\/strong>, l\u2019esperienza ufficiale di vacanza del Club gialloblu in cui calcio e divertimento sono i veri protagonisti.<\/p>\n<p><\/p>\n<p>Con oltre 750 iscritti tra Parma e Italia e 5 camp ufficiali organizzati su tutto il territorio nazionale, la scorsa estate \u00e8 stata carica di entusiasmo, passione ed energia. Nel 2024, con quattro settimane dedicate a ragazzi e ragazze dai<strong> 6 ai 15 anni<\/strong>, il legame con il territorio e l\u2019impegno del Club verso i giovani si rinnovano nel segno dei colori ma soprattutto dei valori, gialloblu.<\/p>\n<p>&#8221; data_box_twitch=&#8221;null&#8221; data_box_instagram=&#8221;null&#8221; data_box_tiktok=&#8221;null&#8221; data_box_twitter=&#8221;null&#8221; data_box_youtube=&#8221;null&#8221; data_box_facebook=&#8221;null&#8221; ][\/swp_base_p][swp_image  id=&#8221;2&#8243;  type=&#8221;image&#8221;  order=&#8221;3&#8243;  name=&#8221;image&#8221; option_component_anchor=&#8221;null&#8221; option_component_padding=&#8221;[]&#8221; data_box_image=&#8221;https:\/\/www.parmacalcio1913.com\/wp-content\/uploads\/_heros\/Academy-20230908173750-copy-20230908181548-20240221175829.webp&#8221; data_box_image_alt=&#8221;null&#8221; data_box_image_description=&#8221;null&#8221; ][\/swp_image][swp_base_p  id=&#8221;3&#8243;  type=&#8221;base_p&#8221;  order=&#8221;4&#8243;  name=&#8221;base_p&#8221; option_component_anchor=&#8221;null&#8221; option_component_padding=&#8221;[]&#8221; data_box_title=&#8221;null&#8221; data_box_subtitle=&#8221;null&#8221; data_box_text=&#8221;<\/p>\n<p>Le attivit\u00e0, in programma <strong>dal 10 giugno al 5 luglio<\/strong> (quattro settimane dal luned\u00ec al venerd\u00ec), si svolgeranno tra il centro sportivo \u201cF. Bell\u00e8\u201d (Stuard) di San Pancrazio (dal 10 al 14 giugno) e il rinnovato stadio \u201cIl Noce\u201d di Noceto (dal 17 giugno al 5 luglio), attivo da poco in qualit\u00e0 di Hub ufficiale per il Settore Femminile del Parma Calcio. Gli allenamenti saranno gestiti direttamente dagli allenatori del Settore Giovanile gialloblu.<\/p>\n<p><\/p>\n<p>Le giornate, al via dalle ore 7:30 con giochi tradizionali e attivit\u00e0 educative, proseguiranno con due sessioni di allenamento, intervallate da un\u2019attivit\u00e0 extra che sar\u00e0 volta nelle ore pi\u00f9 calde. A tutti i partecipanti sar\u00e0 consegnato il <strong>kit ufficiale Puma Parma Academy <\/strong>e l\u2019attestato di partecipazione.<\/p>\n<p><\/p>\n<p>Le iscrizioni, a un prezzo agevolato per gli\/le iscritti\/e entro il 1\u00b0 marzo 2024, apriranno ufficialmente alle ore 10.00 di gioved\u00ec 22 febbraio.<\/p>\n<p>&#8221; data_box_twitch=&#8221;null&#8221; data_box_instagram=&#8221;null&#8221; data_box_tiktok=&#8221;null&#8221; data_box_twitter=&#8221;null&#8221; data_box_youtube=&#8221;null&#8221; data_box_facebook=&#8221;null&#8221; ][\/swp_base_p][swp_simple_button  id=&#8221;4&#8243;  type=&#8221;simple_button&#8221;  order=&#8221;5&#8243;  name=&#8221;simple_button&#8221; option_component_anchor=&#8221;null&#8221; option_component_padding=&#8221;2&#8243; data_button_link=&#8221;https:\/\/www.parmacalcio1913.com\/academy\/&#8221; data_button_label=&#8221;scopri di pi\u00f9&#8221; data_button_color=&#8221;1&#8243; data_button_align=&#8221;1&#8243; data_button_version=&#8221;2&#8243; data_button_target=&#8221;2&#8243; ][\/swp_simple_button][\/swp_wrapper][\/swp_content]<\/p>\n","protected":false},"excerpt":{"rendered":"<p>[swp_content page_og_title=&#8221;ESTATE GIALLOBLU: \u201cSUMMER CAMP 2024\u201d AL VIA LE ISCRIZIONI&#8221; page_og_description=&#8221;null&#8221; page_og_type=&#8221;null&#8221; page_og_image=&#8221;https:\/\/www.parmacalcio1913.com\/wp-content\/uploads\/_ogs\/SL-Summer-Camp-2024-02-20240221175046.webp&#8221; page_keywords=&#8221;null&#8221; page_description=&#8221;null&#8221; page_on_app=&#8221;1&#8243; page_on_home=&#8221;1&#8243; news_cover=&#8221;https:\/\/www.parmacalcio1913.com\/wp-content\/uploads\/_news\/SL-Summer-Camp-2024-02-20240221175046.webp&#8221; ][swp_wrapper id=&#8221;id&#8221; order=&#8221;1&#8243; name=&#8221;blocco 1&#8243; option_wrapper_color=&#8221;1&#8243; option_wrapper_image=&#8221;1&#8243; ][swp_hero_mini_news id=&#8221;0&#8243; type=&#8221;hero_mini_news&#8221; order=&#8221;1&#8243; name=&#8221;hero_mini_news&#8221; option_header_mini=&#8221;1&#8243; option_component_anchor=&#8221;null&#8221; option_component_padding=&#8221;[]&#8221; data_hero_title=&#8221;ESTATE GIALLOBLU: \u201cSUMMER CAMP 2024\u201d AL VIA LE ISCRIZIONI&#8221; data_hero_image=&#8221;https:\/\/www.parmacalcio1913.com\/wp-content\/uploads\/_heros\/SL-Summer-Camp-2024-02-20240221175046.webp&#8221; data_hero_image_responsive=&#8221;https:\/\/www.parmacalcio1913.com\/wp-content\/uploads\/_heros\/SL-Summer-Camp-2024-02-20240221175046.webp&#8221; data_icon_image_alt=&#8221;null&#8221; ][\/swp_hero_mini_news][swp_base_p id=&#8221;1&#8243; type=&#8221;base_p&#8221; order=&#8221;2&#8243; name=&#8221;base_p&#8221; option_component_anchor=&#8221;null&#8221; option_component_padding=&#8221;[]&#8221; data_box_title=&#8221;null&#8221; data_box_subtitle=&#8221;null&#8221; data_box_text=&#8221; [&hellip;]<\/p>\n","protected":false},"author":11,"featured_media":0,"menu_order":0,"template":"","format":"standard","meta":{"footnotes":""},"categories":[64],"tags":[43],"class_list":["post-27869","pr_news","type-pr_news","status-publish","format-standard","hentry","category-club","tag-academy"],"yoast_head":"<!-- This site is optimized with the Yoast SEO plugin v27.4 - https:\/\/yoast.com\/product\/yoast-seo-wordpress\/ -->\n<title>ESTATE GIALLOBLU: \u201cSUMMER CAMP 2024\u201d AL VIA LE ISCRIZIONI - Parma Calcio 1913<\/title>\n<meta name=\"robots\" content=\"index, follow, max-snippet:-1, max-image-preview:large, max-video-preview:-1\" \/>\n<link rel=\"canonical\" href=\"https:\/\/www.parmacalcio1913.com\/en\/main-news\/estate-gialloblu-summer-camp-2024-al-via-le-iscrizioni\/\" \/>\n<meta property=\"og:locale\" content=\"en_US\" \/>\n<meta property=\"og:type\" content=\"article\" \/>\n<meta property=\"og:title\" content=\"ESTATE GIALLOBLU: \u201cSUMMER CAMP 2024\u201d AL VIA LE ISCRIZIONI - Parma Calcio 1913\" \/>\n<meta property=\"og:description\" content=\"[swp_content page_og_title=&#8221;ESTATE GIALLOBLU: \u201cSUMMER CAMP 2024\u201d AL VIA LE ISCRIZIONI&#8221; page_og_description=&#8221;null&#8221; page_og_type=&#8221;null&#8221; page_og_image=&#8221;https:\/\/www.parmacalcio1913.com\/wp-content\/uploads\/_ogs\/SL-Summer-Camp-2024-02-20240221175046.webp&#8221; page_keywords=&#8221;null&#8221; page_description=&#8221;null&#8221; page_on_app=&#8221;1&#8243; page_on_home=&#8221;1&#8243; news_cover=&#8221;https:\/\/www.parmacalcio1913.com\/wp-content\/uploads\/_news\/SL-Summer-Camp-2024-02-20240221175046.webp&#8221; ][swp_wrapper id=&#8221;id&#8221; order=&#8221;1&#8243; name=&#8221;blocco 1&#8243; option_wrapper_color=&#8221;1&#8243; option_wrapper_image=&#8221;1&#8243; ][swp_hero_mini_news id=&#8221;0&#8243; type=&#8221;hero_mini_news&#8221; order=&#8221;1&#8243; name=&#8221;hero_mini_news&#8221; option_header_mini=&#8221;1&#8243; option_component_anchor=&#8221;null&#8221; option_component_padding=&#8221;[]&#8221; data_hero_title=&#8221;ESTATE GIALLOBLU: \u201cSUMMER CAMP 2024\u201d AL VIA LE ISCRIZIONI&#8221; data_hero_image=&#8221;https:\/\/www.parmacalcio1913.com\/wp-content\/uploads\/_heros\/SL-Summer-Camp-2024-02-20240221175046.webp&#8221; data_hero_image_responsive=&#8221;https:\/\/www.parmacalcio1913.com\/wp-content\/uploads\/_heros\/SL-Summer-Camp-2024-02-20240221175046.webp&#8221; data_icon_image_alt=&#8221;null&#8221; ][\/swp_hero_mini_news][swp_base_p id=&#8221;1&#8243; type=&#8221;base_p&#8221; order=&#8221;2&#8243; name=&#8221;base_p&#8221; option_component_anchor=&#8221;null&#8221; option_component_padding=&#8221;[]&#8221; data_box_title=&#8221;null&#8221; data_box_subtitle=&#8221;null&#8221; data_box_text=&#8221; [&hellip;]\" \/>\n<meta property=\"og:url\" content=\"https:\/\/www.parmacalcio1913.com\/en\/main-news\/estate-gialloblu-summer-camp-2024-al-via-le-iscrizioni\/\" \/>\n<meta property=\"og:site_name\" content=\"Parma Calcio 1913\" \/>\n<meta property=\"article:publisher\" content=\"https:\/\/www.facebook.com\/parmacalcio1913\/yoast\" \/>\n<meta name=\"twitter:card\" content=\"summary_large_image\" \/>\n<meta name=\"twitter:label1\" content=\"Est. reading time\" \/>\n\t<meta name=\"twitter:data1\" content=\"3 minutes\" \/>\n<script type=\"application\/ld+json\" class=\"yoast-schema-graph\">{\"@context\":\"https:\\\/\\\/schema.org\",\"@graph\":[{\"@type\":\"WebPage\",\"@id\":\"https:\\\/\\\/www.parmacalcio1913.com\\\/en\\\/main-news\\\/estate-gialloblu-summer-camp-2024-al-via-le-iscrizioni\\\/\",\"url\":\"https:\\\/\\\/www.parmacalcio1913.com\\\/en\\\/main-news\\\/estate-gialloblu-summer-camp-2024-al-via-le-iscrizioni\\\/\",\"name\":\"ESTATE GIALLOBLU: \u201cSUMMER CAMP 2024\u201d AL VIA LE ISCRIZIONI - Parma Calcio 1913\",\"isPartOf\":{\"@id\":\"https:\\\/\\\/www.parmacalcio1913.com\\\/en\\\/#website\"},\"datePublished\":\"2024-02-21T16:59:04+00:00\",\"breadcrumb\":{\"@id\":\"https:\\\/\\\/www.parmacalcio1913.com\\\/en\\\/main-news\\\/estate-gialloblu-summer-camp-2024-al-via-le-iscrizioni\\\/#breadcrumb\"},\"inLanguage\":\"en-US\",\"potentialAction\":[{\"@type\":\"ReadAction\",\"target\":[\"https:\\\/\\\/www.parmacalcio1913.com\\\/en\\\/main-news\\\/estate-gialloblu-summer-camp-2024-al-via-le-iscrizioni\\\/\"]}]},{\"@type\":\"BreadcrumbList\",\"@id\":\"https:\\\/\\\/www.parmacalcio1913.com\\\/en\\\/main-news\\\/estate-gialloblu-summer-camp-2024-al-via-le-iscrizioni\\\/#breadcrumb\",\"itemListElement\":[{\"@type\":\"ListItem\",\"position\":1,\"name\":\"Home\",\"item\":\"https:\\\/\\\/www.parmacalcio1913.com\\\/en\\\/\"},{\"@type\":\"ListItem\",\"position\":2,\"name\":\"News\",\"item\":\"https:\\\/\\\/www.parmacalcio1913.com\\\/en\\\/main-news\\\/\"},{\"@type\":\"ListItem\",\"position\":3,\"name\":\"ESTATE GIALLOBLU: \u201cSUMMER CAMP 2024\u201d AL VIA LE ISCRIZIONI\"}]},{\"@type\":\"WebSite\",\"@id\":\"https:\\\/\\\/www.parmacalcio1913.com\\\/en\\\/#website\",\"url\":\"https:\\\/\\\/www.parmacalcio1913.com\\\/en\\\/\",\"name\":\"Parma Calcio 1913\",\"description\":\"\",\"publisher\":{\"@id\":\"https:\\\/\\\/www.parmacalcio1913.com\\\/en\\\/#organization\"},\"potentialAction\":[{\"@type\":\"SearchAction\",\"target\":{\"@type\":\"EntryPoint\",\"urlTemplate\":\"https:\\\/\\\/www.parmacalcio1913.com\\\/en\\\/?s={search_term_string}\"},\"query-input\":{\"@type\":\"PropertyValueSpecification\",\"valueRequired\":true,\"valueName\":\"search_term_string\"}}],\"inLanguage\":\"en-US\"},{\"@type\":\"Organization\",\"@id\":\"https:\\\/\\\/www.parmacalcio1913.com\\\/en\\\/#organization\",\"name\":\"Parma Calcio 1913\",\"url\":\"https:\\\/\\\/www.parmacalcio1913.com\\\/en\\\/\",\"logo\":{\"@type\":\"ImageObject\",\"inLanguage\":\"en-US\",\"@id\":\"https:\\\/\\\/www.parmacalcio1913.com\\\/en\\\/#\\\/schema\\\/logo\\\/image\\\/\",\"url\":\"https:\\\/\\\/www.parmacalcio1913.com\\\/wp-content\\\/uploads\\\/2023\\\/04\\\/parma_logo.svg\",\"contentUrl\":\"https:\\\/\\\/www.parmacalcio1913.com\\\/wp-content\\\/uploads\\\/2023\\\/04\\\/parma_logo.svg\",\"width\":67.255,\"height\":82.323,\"caption\":\"Parma Calcio 1913\"},\"image\":{\"@id\":\"https:\\\/\\\/www.parmacalcio1913.com\\\/en\\\/#\\\/schema\\\/logo\\\/image\\\/\"},\"sameAs\":[\"https:\\\/\\\/www.facebook.com\\\/parmacalcio1913\\\/yoast\",\"https:\\\/\\\/www.tiktok.com\\\/@parmacalcio1913\\\/yoast\",\"https:\\\/\\\/www.instagram.com\\\/parmacalcio1913\\\/yoast\",\"https:\\\/\\\/it.linkedin.com\\\/company\\\/parma-calcio-1913\\\/yoast\",\"https:\\\/\\\/www.youtube.com\\\/c\\\/ParmaCalcio1913\\\/yoast\",\"https:\\\/\\\/www.threads.net\\\/@parmacalcio1913\\\/yoast\"]}]}<\/script>\n<!-- \/ Yoast SEO plugin. -->","yoast_head_json":{"title":"ESTATE GIALLOBLU: \u201cSUMMER CAMP 2024\u201d AL VIA LE ISCRIZIONI - Parma Calcio 1913","robots":{"index":"index","follow":"follow","max-snippet":"max-snippet:-1","max-image-preview":"max-image-preview:large","max-video-preview":"max-video-preview:-1"},"canonical":"https:\/\/www.parmacalcio1913.com\/en\/main-news\/estate-gialloblu-summer-camp-2024-al-via-le-iscrizioni\/","og_locale":"en_US","og_type":"article","og_title":"ESTATE GIALLOBLU: \u201cSUMMER CAMP 2024\u201d AL VIA LE ISCRIZIONI - Parma Calcio 1913","og_description":"[swp_content page_og_title=&#8221;ESTATE GIALLOBLU: \u201cSUMMER CAMP 2024\u201d AL VIA LE ISCRIZIONI&#8221; page_og_description=&#8221;null&#8221; page_og_type=&#8221;null&#8221; page_og_image=&#8221;https:\/\/www.parmacalcio1913.com\/wp-content\/uploads\/_ogs\/SL-Summer-Camp-2024-02-20240221175046.webp&#8221; page_keywords=&#8221;null&#8221; page_description=&#8221;null&#8221; page_on_app=&#8221;1&#8243; page_on_home=&#8221;1&#8243; news_cover=&#8221;https:\/\/www.parmacalcio1913.com\/wp-content\/uploads\/_news\/SL-Summer-Camp-2024-02-20240221175046.webp&#8221; ][swp_wrapper id=&#8221;id&#8221; order=&#8221;1&#8243; name=&#8221;blocco 1&#8243; option_wrapper_color=&#8221;1&#8243; option_wrapper_image=&#8221;1&#8243; ][swp_hero_mini_news id=&#8221;0&#8243; type=&#8221;hero_mini_news&#8221; order=&#8221;1&#8243; name=&#8221;hero_mini_news&#8221; option_header_mini=&#8221;1&#8243; option_component_anchor=&#8221;null&#8221; option_component_padding=&#8221;[]&#8221; data_hero_title=&#8221;ESTATE GIALLOBLU: \u201cSUMMER CAMP 2024\u201d AL VIA LE ISCRIZIONI&#8221; data_hero_image=&#8221;https:\/\/www.parmacalcio1913.com\/wp-content\/uploads\/_heros\/SL-Summer-Camp-2024-02-20240221175046.webp&#8221; data_hero_image_responsive=&#8221;https:\/\/www.parmacalcio1913.com\/wp-content\/uploads\/_heros\/SL-Summer-Camp-2024-02-20240221175046.webp&#8221; data_icon_image_alt=&#8221;null&#8221; ][\/swp_hero_mini_news][swp_base_p id=&#8221;1&#8243; type=&#8221;base_p&#8221; order=&#8221;2&#8243; name=&#8221;base_p&#8221; option_component_anchor=&#8221;null&#8221; option_component_padding=&#8221;[]&#8221; data_box_title=&#8221;null&#8221; data_box_subtitle=&#8221;null&#8221; data_box_text=&#8221; [&hellip;]","og_url":"https:\/\/www.parmacalcio1913.com\/en\/main-news\/estate-gialloblu-summer-camp-2024-al-via-le-iscrizioni\/","og_site_name":"Parma Calcio 1913","article_publisher":"https:\/\/www.facebook.com\/parmacalcio1913\/yoast","twitter_card":"summary_large_image","twitter_misc":{"Est. reading time":"3 minutes"},"schema":{"@context":"https:\/\/schema.org","@graph":[{"@type":"WebPage","@id":"https:\/\/www.parmacalcio1913.com\/en\/main-news\/estate-gialloblu-summer-camp-2024-al-via-le-iscrizioni\/","url":"https:\/\/www.parmacalcio1913.com\/en\/main-news\/estate-gialloblu-summer-camp-2024-al-via-le-iscrizioni\/","name":"ESTATE GIALLOBLU: \u201cSUMMER CAMP 2024\u201d AL VIA LE ISCRIZIONI - Parma Calcio 1913","isPartOf":{"@id":"https:\/\/www.parmacalcio1913.com\/en\/#website"},"datePublished":"2024-02-21T16:59:04+00:00","breadcrumb":{"@id":"https:\/\/www.parmacalcio1913.com\/en\/main-news\/estate-gialloblu-summer-camp-2024-al-via-le-iscrizioni\/#breadcrumb"},"inLanguage":"en-US","potentialAction":[{"@type":"ReadAction","target":["https:\/\/www.parmacalcio1913.com\/en\/main-news\/estate-gialloblu-summer-camp-2024-al-via-le-iscrizioni\/"]}]},{"@type":"BreadcrumbList","@id":"https:\/\/www.parmacalcio1913.com\/en\/main-news\/estate-gialloblu-summer-camp-2024-al-via-le-iscrizioni\/#breadcrumb","itemListElement":[{"@type":"ListItem","position":1,"name":"Home","item":"https:\/\/www.parmacalcio1913.com\/en\/"},{"@type":"ListItem","position":2,"name":"News","item":"https:\/\/www.parmacalcio1913.com\/en\/main-news\/"},{"@type":"ListItem","position":3,"name":"ESTATE GIALLOBLU: \u201cSUMMER CAMP 2024\u201d AL VIA LE ISCRIZIONI"}]},{"@type":"WebSite","@id":"https:\/\/www.parmacalcio1913.com\/en\/#website","url":"https:\/\/www.parmacalcio1913.com\/en\/","name":"Parma Calcio 1913","description":"","publisher":{"@id":"https:\/\/www.parmacalcio1913.com\/en\/#organization"},"potentialAction":[{"@type":"SearchAction","target":{"@type":"EntryPoint","urlTemplate":"https:\/\/www.parmacalcio1913.com\/en\/?s={search_term_string}"},"query-input":{"@type":"PropertyValueSpecification","valueRequired":true,"valueName":"search_term_string"}}],"inLanguage":"en-US"},{"@type":"Organization","@id":"https:\/\/www.parmacalcio1913.com\/en\/#organization","name":"Parma Calcio 1913","url":"https:\/\/www.parmacalcio1913.com\/en\/","logo":{"@type":"ImageObject","inLanguage":"en-US","@id":"https:\/\/www.parmacalcio1913.com\/en\/#\/schema\/logo\/image\/","url":"https:\/\/www.parmacalcio1913.com\/wp-content\/uploads\/2023\/04\/parma_logo.svg","contentUrl":"https:\/\/www.parmacalcio1913.com\/wp-content\/uploads\/2023\/04\/parma_logo.svg","width":67.255,"height":82.323,"caption":"Parma Calcio 1913"},"image":{"@id":"https:\/\/www.parmacalcio1913.com\/en\/#\/schema\/logo\/image\/"},"sameAs":["https:\/\/www.facebook.com\/parmacalcio1913\/yoast","https:\/\/www.tiktok.com\/@parmacalcio1913\/yoast","https:\/\/www.instagram.com\/parmacalcio1913\/yoast","https:\/\/it.linkedin.com\/company\/parma-calcio-1913\/yoast","https:\/\/www.youtube.com\/c\/ParmaCalcio1913\/yoast","https:\/\/www.threads.net\/@parmacalcio1913\/yoast"]}]}},"_links":{"self":[{"href":"https:\/\/www.parmacalcio1913.com\/en\/wp-json\/wp\/v2\/pr_news\/27869","targetHints":{"allow":["GET"]}}],"collection":[{"href":"https:\/\/www.parmacalcio1913.com\/en\/wp-json\/wp\/v2\/pr_news"}],"about":[{"href":"https:\/\/www.parmacalcio1913.com\/en\/wp-json\/wp\/v2\/types\/pr_news"}],"author":[{"embeddable":true,"href":"https:\/\/www.parmacalcio1913.com\/en\/wp-json\/wp\/v2\/users\/11"}],"version-history":[{"count":2,"href":"https:\/\/www.parmacalcio1913.com\/en\/wp-json\/wp\/v2\/pr_news\/27869\/revisions"}],"predecessor-version":[{"id":27871,"href":"https:\/\/www.parmacalcio1913.com\/en\/wp-json\/wp\/v2\/pr_news\/27869\/revisions\/27871"}],"wp:attachment":[{"href":"https:\/\/www.parmacalcio1913.com\/en\/wp-json\/wp\/v2\/media?parent=27869"}],"wp:term":[{"taxonomy":"category","embeddable":true,"href":"https:\/\/www.parmacalcio1913.com\/en\/wp-json\/wp\/v2\/categories?post=27869"},{"taxonomy":"post_tag","embeddable":true,"href":"https:\/\/www.parmacalcio1913.com\/en\/wp-json\/wp\/v2\/tags?post=27869"}],"curies":[{"name":"wp","href":"https:\/\/api.w.org\/{rel}","templated":true}]}}