{"id":25613,"date":"2024-01-25T17:45:15","date_gmt":"2024-01-25T16:45:15","guid":{"rendered":"https:\/\/www.parmacalcio1913.com\/?post_type=pr_news&#038;p=25613"},"modified":"2024-01-25T17:47:03","modified_gmt":"2024-01-25T16:47:03","slug":"assemblea-lega-b-riforma","status":"publish","type":"pr_news","link":"https:\/\/www.parmacalcio1913.com\/en\/main-news\/assemblea-lega-b-riforma\/","title":{"rendered":"ASSEMBLEA LEGA B: OBIETTIVO RIFORME E TUTELA DEI CAMPIONATI NAZIONALI"},"content":{"rendered":"<p>[swp_content page_og_title=&#8221;ASSEMBLEA LEGA B: OBIETTIVO RIFORME E TUTELA DEI CAMPIONATI NAZIONALI&#8221; page_og_description=&#8221;null&#8221; page_og_type=&#8221;null&#8221; page_og_image=&#8221;https:\/\/www.parmacalcio1913.com\/wp-content\/uploads\/_ogs\/89_centrosportivo-scaled-20240125172600.webp&#8221; page_keywords=&#8221;null&#8221; page_description=&#8221;null&#8221; page_on_app=&#8221;1&#8243; page_on_home=&#8221;1&#8243; news_cover=&#8221;https:\/\/www.parmacalcio1913.com\/wp-content\/uploads\/_news\/89_centrosportivo-scaled-20240125172600.webp&#8221; ][swp_wrapper  id=&#8221;id&#8221;  order=&#8221;1&#8243;  name=&#8221;blocco 1&#8243; option_wrapper_color=&#8221;1&#8243; option_wrapper_image=&#8221;1&#8243; ][swp_hero_mini  id=&#8221;0&#8243;  type=&#8221;hero_mini&#8221;  order=&#8221;1&#8243;  name=&#8221;hero_mini&#8221; option_header_mini=&#8221;1&#8243; option_component_anchor=&#8221;null&#8221; option_component_padding=&#8221;[]&#8221; data_hero_title=&#8221;ASSEMBLEA LEGA B: OBIETTIVO RIFORME E TUTELA DEI CAMPIONATI NAZIONALI&#8221; data_hero_image=&#8221;https:\/\/www.parmacalcio1913.com\/wp-content\/uploads\/_heros\/89_centrosportivo-scaled-20240125172600.webp&#8221; data_hero_image_responsive=&#8221;https:\/\/www.parmacalcio1913.com\/wp-content\/uploads\/_heros\/89_centrosportivo-scaled-20240125172600.webp&#8221; data_icon_image_alt=&#8221;null&#8221; ][\/swp_hero_mini][swp_base_p  id=&#8221;1&#8243;  type=&#8221;base_p&#8221;  order=&#8221;2&#8243;  name=&#8221;base_p&#8221; option_component_anchor=&#8221;null&#8221; option_component_padding=&#8221;[]&#8221; data_box_title=&#8221;null&#8221; data_box_subtitle=&#8221;null&#8221; data_box_text=&#8221;<\/p>\n<p><em>Milano, 25 gennaio 2024<\/em> &#8211; Si \u00e8 svolta oggi a Milano l\u2019Assemblea di Lega B con la presenza di tutte le societ\u00e0. Per il Parma Calcio erano presenti i Managing Directors, Luca <strong>Martines <\/strong>(Corporate) e Roel <strong>Vaeyens <\/strong>(Sport), oltre al Chief Financial Officer Valerio <strong>Casagrande<\/strong>.<\/p>\n<p><\/p>\n<p>In apertura dei lavori si \u00e8 tenuto un minuto di silenzio in ricordo di Gigi <strong>Riva<\/strong>. Quindi ampio approfondimento sul tema delle riforme del calcio nazionale, da sempre ritenute indispensabili per il rilancio del sistema Italia. Nel ribadire la storica propensione riformatrice della Lega B &#8211; l\u2019unica ad aver approvato nella seduta del 22 ottobre 2021 la proposta allora presentata dal presidente Gravina \u2013 l&#8217;Assemblea ha auspicato che le eventuali nuove proposte, per essere realmente efficaci e migliorative, siano ispirate alla massima condivisione e ai principi di <strong>sostenibilit\u00e0 economica<\/strong>, <strong>equit\u00e0 <\/strong>e <strong>merito sportivo<\/strong>, gli stessi sui quali si fondano le proposte approvate dai Club di B in ordine a criteri di mutualit\u00e0, ordinamento dei campionati, rimodulazione delle rappresentativit\u00e0 negli organi federali, flessibilit\u00e0 contrattuale e tax credit per investimenti infrastrutturali e sui giovani.<\/p>\n<p><\/p>\n<p>Il presidente <strong>Balata <\/strong>ha poi aggiornato l\u2019Assemblea sulle costanti interlocuzioni avute in questi mesi con tutte le principali componenti del mondo del calcio nazionale, nella prospettiva di identificare, attraverso un <strong>dialogo costruttivo<\/strong>, intese equilibrate per il sistema. In particolare, la Lega B e la Lega Serie A si sono pi\u00f9 volte incontrate condividendo i principali punti di una possibile riforma. L\u2019analisi in Assemblea ha riguardato anche i rapporti che si sono creati e si stanno sviluppando tra le competizioni internazionali e domestiche, con la necessit\u00e0 ribadita dalla Lega B di individuare soluzioni armoniose tra i diversi livelli, per evitare effetti ultimi indesiderati per l\u2019interesse e il valore dei campionati nazionali.<\/p>\n<p>&#8221; data_box_twitch=&#8221;null&#8221; data_box_instagram=&#8221;null&#8221; data_box_tiktok=&#8221;null&#8221; data_box_twitter=&#8221;null&#8221; data_box_youtube=&#8221;null&#8221; data_box_facebook=&#8221;null&#8221; ][\/swp_base_p][swp_image  id=&#8221;2&#8243;  type=&#8221;image&#8221;  order=&#8221;3&#8243;  name=&#8221;image&#8221; option_component_anchor=&#8221;null&#8221; option_component_padding=&#8221;[]&#8221; data_box_image=&#8221;https:\/\/www.parmacalcio1913.com\/wp-content\/uploads\/_heros\/78_centrosportivo-20240125173243.webp&#8221; data_box_image_alt=&#8221;null&#8221; data_box_image_description=&#8221;null&#8221; ][\/swp_image][swp_base_p  id=&#8221;3&#8243;  type=&#8221;base_p&#8221;  order=&#8221;4&#8243;  name=&#8221;base_p&#8221; option_component_anchor=&#8221;null&#8221; option_component_padding=&#8221;[]&#8221; data_box_title=&#8221;null&#8221; data_box_subtitle=&#8221;null&#8221; data_box_text=&#8221;<\/p>\n<p>L\u2019Assemblea, nel ribadire la centralit\u00e0 del \u201c<strong>diritto di intesa<\/strong>\u201d quale presidio irrinunciabile di una governance inclusiva per le diverse componenti del calcio nazionale, ha auspicato che con senso di responsabilit\u00e0 si ricerchino soluzioni equilibrate e rispettose dei territori e del principio di equa competizione, da sempre al centro dei valori della Lega B. Principi del resto richiamati anche dalla recente sentenza della Corte di Giustizia europea che pone l\u2019accento sul principio solidaristico verso tutte le categorie. Ribadita in modo unanime la contrariet\u00e0 all\u2019ingresso delle seconde squadre nel campionato di B, ipotesi che risulterebbe lesiva per il regolare svolgimento del torneo.<\/p>\n<p>Nel rammaricarsi per l\u2019improvvisa impossibilit\u00e0 del presidente <strong>Gravina <\/strong>a presenziare \u2013 a causa di un sopraggiunto impegno istituzionale \u2013 l\u2019Assemblea ha auspicato di poter riaggiornare a breve l\u2019incontro.<\/p>\n<p>&#8221; data_box_twitch=&#8221;null&#8221; data_box_instagram=&#8221;null&#8221; data_box_tiktok=&#8221;null&#8221; data_box_twitter=&#8221;null&#8221; data_box_youtube=&#8221;null&#8221; data_box_facebook=&#8221;null&#8221; ][\/swp_base_p][swp_image  id=&#8221;4&#8243;  type=&#8221;image&#8221;  order=&#8221;5&#8243;  name=&#8221;image&#8221; option_component_anchor=&#8221;null&#8221; option_component_padding=&#8221;[]&#8221; data_box_image=&#8221;https:\/\/www.parmacalcio1913.com\/wp-content\/uploads\/_heros\/parma-abbonamenti-2023-martines-cover-20240125173749.webp&#8221; data_box_image_alt=&#8221;null&#8221; data_box_image_description=&#8221;null&#8221; ][\/swp_image][swp_base_p  id=&#8221;5&#8243;  type=&#8221;base_p&#8221;  order=&#8221;6&#8243;  name=&#8221;base_p&#8221; option_component_anchor=&#8221;null&#8221; option_component_padding=&#8221;[]&#8221; data_box_title=&#8221;null&#8221; data_box_subtitle=&#8221;null&#8221; data_box_text=&#8221;<\/p>\n<p><strong>DIRITTI AUDIOVISIVI<\/strong><\/p>\n<p>L\u2019Assemblea ha approvato la pubblicazione, per il giorno 26 gennaio, dell\u2019offerta al mercato, non esclusiva, dei <strong>diritti audiovisivi<\/strong> a pagamento per il territorio italiano triennio 2024-2027. L\u2019offerta si compone di cinque pacchetti: tre principali (uno per il satellite, uno per piattaforma internet, uno global per tutte le piattaforme) e di due complementari \u2018pubblici esercizi e goal live\u2019 rivolti ai soggetti che hanno gi\u00e0 acquistato uno dei primi tre pacchetti. Il termine per la presentazione delle offerte \u00e8 il 29 febbraio; i valori richiesti sono sostanzialmente coincidenti con quelli del periodo 2021-2024, in ragione dei rilevanti dati di audience maturati negli ultimi campionati. Cambia invece la distribuzione dei valori, come conseguenza del livello distributivo raggiunto dalla piattaforma IP e del mutato posizionamento sul mercato da parte degli operatori. Proprio l\u2019audience rilevato dal 2018\/19 a 2022\/23 \u00e8 stato oggetto di valutazione in Assemblea registrando un incremento da 8,6 a 21,25 milioni totali (compresi playoff e playout), da 162mila a 552mila spettatori medi a giornata.<\/p>\n<p><\/p>\n<p><strong>PLAYOFF E PLAYOUT<\/strong><\/p>\n<p>Ufficializzate le date dei playoff e playout 2023\/24 che hanno quale caratteristica il format di una singola partita per giornata in modo da giocare in orari favorevoli ai tifosi e il rispetto del vincolo del 3 giugno per il rilascio dei convocati nelle rispettive Nazionali:<\/p>\n<p><\/p>\n<p><strong>PLAYOFF &#8211; TURNO PRELIMINARE (GARA UNICA)<\/strong><\/p>\n<p>Venerd\u00ec 17 maggio 2024 &#8211; (6\u00aa vs 7\u00aa)<\/p>\n<p>Sabato 18 maggio 2024 &#8211; (5\u00aa vs 8\u00aa)<\/p>\n<p><\/p>\n<p><strong>SEMIFINALI (ANDATA E RITORNO)<\/strong><\/p>\n<p>Luned\u00ec 20 maggio 2024 &#8211; (6\u00aa o 7\u00aa vs 3\u00aa)<\/p>\n<p>Marted\u00ec 21 maggio 2024 &#8211; (5\u00aa o 8\u00aa vs 4\u00aa)<\/p>\n<p>Venerd\u00ec 24 maggio 2024 &#8211; (3\u00aa vs 6\u00aa o 7\u00aa)<\/p>\n<p>Sabato 25 maggio 2024 &#8211; (4\u00aa vs 5\u00aa o 8\u00aa)<\/p>\n<p><\/p>\n<p><strong>FINALE (ANDATA E RITORNO)<\/strong><\/p>\n<p>Gioved\u00ec 30 maggio 2024<\/p>\n<p>Domenica 2 giugno 2024<\/p>\n<p><\/p>\n<p><strong>PLAYOUT &#8211; GARA DI ANDATA<\/strong>: Gioved\u00ec 16 maggio 2024 &#8211; (17\u00aa vs 16\u00aa)<\/p>\n<p><strong>GARA DI RITORNO<\/strong>: Gioved\u00ec 23 maggio 2024 &#8211; (16\u00aa vs 17\u00aa)<\/p>\n<p>&#8221; data_box_twitch=&#8221;null&#8221; data_box_instagram=&#8221;null&#8221; data_box_tiktok=&#8221;null&#8221; data_box_twitter=&#8221;null&#8221; data_box_youtube=&#8221;null&#8221; data_box_facebook=&#8221;null&#8221; ][\/swp_base_p][\/swp_wrapper][\/swp_content]<\/p>\n","protected":false},"excerpt":{"rendered":"<p>[swp_content page_og_title=&#8221;ASSEMBLEA LEGA B: OBIETTIVO RIFORME E TUTELA DEI CAMPIONATI NAZIONALI&#8221; page_og_description=&#8221;null&#8221; page_og_type=&#8221;null&#8221; page_og_image=&#8221;https:\/\/www.parmacalcio1913.com\/wp-content\/uploads\/_ogs\/89_centrosportivo-scaled-20240125172600.webp&#8221; page_keywords=&#8221;null&#8221; page_description=&#8221;null&#8221; page_on_app=&#8221;1&#8243; page_on_home=&#8221;1&#8243; news_cover=&#8221;https:\/\/www.parmacalcio1913.com\/wp-content\/uploads\/_news\/89_centrosportivo-scaled-20240125172600.webp&#8221; ][swp_wrapper id=&#8221;id&#8221; order=&#8221;1&#8243; name=&#8221;blocco 1&#8243; option_wrapper_color=&#8221;1&#8243; option_wrapper_image=&#8221;1&#8243; ][swp_hero_mini id=&#8221;0&#8243; type=&#8221;hero_mini&#8221; order=&#8221;1&#8243; name=&#8221;hero_mini&#8221; option_header_mini=&#8221;1&#8243; option_component_anchor=&#8221;null&#8221; option_component_padding=&#8221;[]&#8221; data_hero_title=&#8221;ASSEMBLEA LEGA B: OBIETTIVO RIFORME E TUTELA DEI CAMPIONATI NAZIONALI&#8221; data_hero_image=&#8221;https:\/\/www.parmacalcio1913.com\/wp-content\/uploads\/_heros\/89_centrosportivo-scaled-20240125172600.webp&#8221; data_hero_image_responsive=&#8221;https:\/\/www.parmacalcio1913.com\/wp-content\/uploads\/_heros\/89_centrosportivo-scaled-20240125172600.webp&#8221; data_icon_image_alt=&#8221;null&#8221; ][\/swp_hero_mini][swp_base_p id=&#8221;1&#8243; type=&#8221;base_p&#8221; order=&#8221;2&#8243; name=&#8221;base_p&#8221; option_component_anchor=&#8221;null&#8221; option_component_padding=&#8221;[]&#8221; data_box_title=&#8221;null&#8221; [&hellip;]<\/p>\n","protected":false},"author":11,"featured_media":0,"menu_order":0,"template":"","format":"standard","meta":{"footnotes":""},"categories":[62],"tags":[],"class_list":["post-25613","pr_news","type-pr_news","status-publish","format-standard","hentry","category-prima-squadra-maschile"],"yoast_head":"<!-- This site is optimized with the Yoast SEO plugin v27.4 - https:\/\/yoast.com\/product\/yoast-seo-wordpress\/ -->\n<title>ASSEMBLEA LEGA B: OBIETTIVO RIFORME E TUTELA DEI CAMPIONATI NAZIONALI - Parma Calcio 1913<\/title>\n<meta name=\"robots\" content=\"index, follow, max-snippet:-1, max-image-preview:large, max-video-preview:-1\" \/>\n<link rel=\"canonical\" href=\"https:\/\/www.parmacalcio1913.com\/en\/main-news\/assemblea-lega-b-riforma\/\" \/>\n<meta property=\"og:locale\" content=\"en_US\" \/>\n<meta property=\"og:type\" content=\"article\" \/>\n<meta property=\"og:title\" content=\"ASSEMBLEA LEGA B: OBIETTIVO RIFORME E TUTELA DEI CAMPIONATI NAZIONALI - Parma Calcio 1913\" \/>\n<meta property=\"og:description\" content=\"[swp_content page_og_title=&#8221;ASSEMBLEA LEGA B: OBIETTIVO RIFORME E TUTELA DEI CAMPIONATI NAZIONALI&#8221; page_og_description=&#8221;null&#8221; page_og_type=&#8221;null&#8221; page_og_image=&#8221;https:\/\/www.parmacalcio1913.com\/wp-content\/uploads\/_ogs\/89_centrosportivo-scaled-20240125172600.webp&#8221; page_keywords=&#8221;null&#8221; page_description=&#8221;null&#8221; page_on_app=&#8221;1&#8243; page_on_home=&#8221;1&#8243; news_cover=&#8221;https:\/\/www.parmacalcio1913.com\/wp-content\/uploads\/_news\/89_centrosportivo-scaled-20240125172600.webp&#8221; ][swp_wrapper id=&#8221;id&#8221; order=&#8221;1&#8243; name=&#8221;blocco 1&#8243; option_wrapper_color=&#8221;1&#8243; option_wrapper_image=&#8221;1&#8243; ][swp_hero_mini id=&#8221;0&#8243; type=&#8221;hero_mini&#8221; order=&#8221;1&#8243; name=&#8221;hero_mini&#8221; option_header_mini=&#8221;1&#8243; option_component_anchor=&#8221;null&#8221; option_component_padding=&#8221;[]&#8221; data_hero_title=&#8221;ASSEMBLEA LEGA B: OBIETTIVO RIFORME E TUTELA DEI CAMPIONATI NAZIONALI&#8221; data_hero_image=&#8221;https:\/\/www.parmacalcio1913.com\/wp-content\/uploads\/_heros\/89_centrosportivo-scaled-20240125172600.webp&#8221; data_hero_image_responsive=&#8221;https:\/\/www.parmacalcio1913.com\/wp-content\/uploads\/_heros\/89_centrosportivo-scaled-20240125172600.webp&#8221; data_icon_image_alt=&#8221;null&#8221; ][\/swp_hero_mini][swp_base_p id=&#8221;1&#8243; type=&#8221;base_p&#8221; order=&#8221;2&#8243; name=&#8221;base_p&#8221; option_component_anchor=&#8221;null&#8221; option_component_padding=&#8221;[]&#8221; data_box_title=&#8221;null&#8221; [&hellip;]\" \/>\n<meta property=\"og:url\" content=\"https:\/\/www.parmacalcio1913.com\/en\/main-news\/assemblea-lega-b-riforma\/\" \/>\n<meta property=\"og:site_name\" content=\"Parma Calcio 1913\" \/>\n<meta property=\"article:publisher\" content=\"https:\/\/www.facebook.com\/parmacalcio1913\/yoast\" \/>\n<meta property=\"article:modified_time\" content=\"2024-01-25T16:47:03+00:00\" \/>\n<meta name=\"twitter:card\" content=\"summary_large_image\" \/>\n<meta name=\"twitter:label1\" content=\"Est. reading time\" \/>\n\t<meta name=\"twitter:data1\" content=\"5 minutes\" \/>\n<script type=\"application\/ld+json\" class=\"yoast-schema-graph\">{\"@context\":\"https:\\\/\\\/schema.org\",\"@graph\":[{\"@type\":\"WebPage\",\"@id\":\"https:\\\/\\\/www.parmacalcio1913.com\\\/en\\\/main-news\\\/assemblea-lega-b-riforma\\\/\",\"url\":\"https:\\\/\\\/www.parmacalcio1913.com\\\/en\\\/main-news\\\/assemblea-lega-b-riforma\\\/\",\"name\":\"ASSEMBLEA LEGA B: OBIETTIVO RIFORME E TUTELA DEI CAMPIONATI NAZIONALI - Parma Calcio 1913\",\"isPartOf\":{\"@id\":\"https:\\\/\\\/www.parmacalcio1913.com\\\/en\\\/#website\"},\"datePublished\":\"2024-01-25T16:45:15+00:00\",\"dateModified\":\"2024-01-25T16:47:03+00:00\",\"breadcrumb\":{\"@id\":\"https:\\\/\\\/www.parmacalcio1913.com\\\/en\\\/main-news\\\/assemblea-lega-b-riforma\\\/#breadcrumb\"},\"inLanguage\":\"en-US\",\"potentialAction\":[{\"@type\":\"ReadAction\",\"target\":[\"https:\\\/\\\/www.parmacalcio1913.com\\\/en\\\/main-news\\\/assemblea-lega-b-riforma\\\/\"]}]},{\"@type\":\"BreadcrumbList\",\"@id\":\"https:\\\/\\\/www.parmacalcio1913.com\\\/en\\\/main-news\\\/assemblea-lega-b-riforma\\\/#breadcrumb\",\"itemListElement\":[{\"@type\":\"ListItem\",\"position\":1,\"name\":\"Home\",\"item\":\"https:\\\/\\\/www.parmacalcio1913.com\\\/en\\\/\"},{\"@type\":\"ListItem\",\"position\":2,\"name\":\"News\",\"item\":\"https:\\\/\\\/www.parmacalcio1913.com\\\/en\\\/main-news\\\/\"},{\"@type\":\"ListItem\",\"position\":3,\"name\":\"ASSEMBLEA LEGA B: OBIETTIVO RIFORME E TUTELA DEI CAMPIONATI NAZIONALI\"}]},{\"@type\":\"WebSite\",\"@id\":\"https:\\\/\\\/www.parmacalcio1913.com\\\/en\\\/#website\",\"url\":\"https:\\\/\\\/www.parmacalcio1913.com\\\/en\\\/\",\"name\":\"Parma Calcio 1913\",\"description\":\"\",\"publisher\":{\"@id\":\"https:\\\/\\\/www.parmacalcio1913.com\\\/en\\\/#organization\"},\"potentialAction\":[{\"@type\":\"SearchAction\",\"target\":{\"@type\":\"EntryPoint\",\"urlTemplate\":\"https:\\\/\\\/www.parmacalcio1913.com\\\/en\\\/?s={search_term_string}\"},\"query-input\":{\"@type\":\"PropertyValueSpecification\",\"valueRequired\":true,\"valueName\":\"search_term_string\"}}],\"inLanguage\":\"en-US\"},{\"@type\":\"Organization\",\"@id\":\"https:\\\/\\\/www.parmacalcio1913.com\\\/en\\\/#organization\",\"name\":\"Parma Calcio 1913\",\"url\":\"https:\\\/\\\/www.parmacalcio1913.com\\\/en\\\/\",\"logo\":{\"@type\":\"ImageObject\",\"inLanguage\":\"en-US\",\"@id\":\"https:\\\/\\\/www.parmacalcio1913.com\\\/en\\\/#\\\/schema\\\/logo\\\/image\\\/\",\"url\":\"https:\\\/\\\/www.parmacalcio1913.com\\\/wp-content\\\/uploads\\\/2023\\\/04\\\/parma_logo.svg\",\"contentUrl\":\"https:\\\/\\\/www.parmacalcio1913.com\\\/wp-content\\\/uploads\\\/2023\\\/04\\\/parma_logo.svg\",\"width\":67.255,\"height\":82.323,\"caption\":\"Parma Calcio 1913\"},\"image\":{\"@id\":\"https:\\\/\\\/www.parmacalcio1913.com\\\/en\\\/#\\\/schema\\\/logo\\\/image\\\/\"},\"sameAs\":[\"https:\\\/\\\/www.facebook.com\\\/parmacalcio1913\\\/yoast\",\"https:\\\/\\\/www.tiktok.com\\\/@parmacalcio1913\\\/yoast\",\"https:\\\/\\\/www.instagram.com\\\/parmacalcio1913\\\/yoast\",\"https:\\\/\\\/it.linkedin.com\\\/company\\\/parma-calcio-1913\\\/yoast\",\"https:\\\/\\\/www.youtube.com\\\/c\\\/ParmaCalcio1913\\\/yoast\",\"https:\\\/\\\/www.threads.net\\\/@parmacalcio1913\\\/yoast\"]}]}<\/script>\n<!-- \/ Yoast SEO plugin. -->","yoast_head_json":{"title":"ASSEMBLEA LEGA B: OBIETTIVO RIFORME E TUTELA DEI CAMPIONATI NAZIONALI - Parma Calcio 1913","robots":{"index":"index","follow":"follow","max-snippet":"max-snippet:-1","max-image-preview":"max-image-preview:large","max-video-preview":"max-video-preview:-1"},"canonical":"https:\/\/www.parmacalcio1913.com\/en\/main-news\/assemblea-lega-b-riforma\/","og_locale":"en_US","og_type":"article","og_title":"ASSEMBLEA LEGA B: OBIETTIVO RIFORME E TUTELA DEI CAMPIONATI NAZIONALI - Parma Calcio 1913","og_description":"[swp_content page_og_title=&#8221;ASSEMBLEA LEGA B: OBIETTIVO RIFORME E TUTELA DEI CAMPIONATI NAZIONALI&#8221; page_og_description=&#8221;null&#8221; page_og_type=&#8221;null&#8221; page_og_image=&#8221;https:\/\/www.parmacalcio1913.com\/wp-content\/uploads\/_ogs\/89_centrosportivo-scaled-20240125172600.webp&#8221; page_keywords=&#8221;null&#8221; page_description=&#8221;null&#8221; page_on_app=&#8221;1&#8243; page_on_home=&#8221;1&#8243; news_cover=&#8221;https:\/\/www.parmacalcio1913.com\/wp-content\/uploads\/_news\/89_centrosportivo-scaled-20240125172600.webp&#8221; ][swp_wrapper id=&#8221;id&#8221; order=&#8221;1&#8243; name=&#8221;blocco 1&#8243; option_wrapper_color=&#8221;1&#8243; option_wrapper_image=&#8221;1&#8243; ][swp_hero_mini id=&#8221;0&#8243; type=&#8221;hero_mini&#8221; order=&#8221;1&#8243; name=&#8221;hero_mini&#8221; option_header_mini=&#8221;1&#8243; option_component_anchor=&#8221;null&#8221; option_component_padding=&#8221;[]&#8221; data_hero_title=&#8221;ASSEMBLEA LEGA B: OBIETTIVO RIFORME E TUTELA DEI CAMPIONATI NAZIONALI&#8221; data_hero_image=&#8221;https:\/\/www.parmacalcio1913.com\/wp-content\/uploads\/_heros\/89_centrosportivo-scaled-20240125172600.webp&#8221; data_hero_image_responsive=&#8221;https:\/\/www.parmacalcio1913.com\/wp-content\/uploads\/_heros\/89_centrosportivo-scaled-20240125172600.webp&#8221; data_icon_image_alt=&#8221;null&#8221; ][\/swp_hero_mini][swp_base_p id=&#8221;1&#8243; type=&#8221;base_p&#8221; order=&#8221;2&#8243; name=&#8221;base_p&#8221; option_component_anchor=&#8221;null&#8221; option_component_padding=&#8221;[]&#8221; data_box_title=&#8221;null&#8221; [&hellip;]","og_url":"https:\/\/www.parmacalcio1913.com\/en\/main-news\/assemblea-lega-b-riforma\/","og_site_name":"Parma Calcio 1913","article_publisher":"https:\/\/www.facebook.com\/parmacalcio1913\/yoast","article_modified_time":"2024-01-25T16:47:03+00:00","twitter_card":"summary_large_image","twitter_misc":{"Est. reading time":"5 minutes"},"schema":{"@context":"https:\/\/schema.org","@graph":[{"@type":"WebPage","@id":"https:\/\/www.parmacalcio1913.com\/en\/main-news\/assemblea-lega-b-riforma\/","url":"https:\/\/www.parmacalcio1913.com\/en\/main-news\/assemblea-lega-b-riforma\/","name":"ASSEMBLEA LEGA B: OBIETTIVO RIFORME E TUTELA DEI CAMPIONATI NAZIONALI - Parma Calcio 1913","isPartOf":{"@id":"https:\/\/www.parmacalcio1913.com\/en\/#website"},"datePublished":"2024-01-25T16:45:15+00:00","dateModified":"2024-01-25T16:47:03+00:00","breadcrumb":{"@id":"https:\/\/www.parmacalcio1913.com\/en\/main-news\/assemblea-lega-b-riforma\/#breadcrumb"},"inLanguage":"en-US","potentialAction":[{"@type":"ReadAction","target":["https:\/\/www.parmacalcio1913.com\/en\/main-news\/assemblea-lega-b-riforma\/"]}]},{"@type":"BreadcrumbList","@id":"https:\/\/www.parmacalcio1913.com\/en\/main-news\/assemblea-lega-b-riforma\/#breadcrumb","itemListElement":[{"@type":"ListItem","position":1,"name":"Home","item":"https:\/\/www.parmacalcio1913.com\/en\/"},{"@type":"ListItem","position":2,"name":"News","item":"https:\/\/www.parmacalcio1913.com\/en\/main-news\/"},{"@type":"ListItem","position":3,"name":"ASSEMBLEA LEGA B: OBIETTIVO RIFORME E TUTELA DEI CAMPIONATI NAZIONALI"}]},{"@type":"WebSite","@id":"https:\/\/www.parmacalcio1913.com\/en\/#website","url":"https:\/\/www.parmacalcio1913.com\/en\/","name":"Parma Calcio 1913","description":"","publisher":{"@id":"https:\/\/www.parmacalcio1913.com\/en\/#organization"},"potentialAction":[{"@type":"SearchAction","target":{"@type":"EntryPoint","urlTemplate":"https:\/\/www.parmacalcio1913.com\/en\/?s={search_term_string}"},"query-input":{"@type":"PropertyValueSpecification","valueRequired":true,"valueName":"search_term_string"}}],"inLanguage":"en-US"},{"@type":"Organization","@id":"https:\/\/www.parmacalcio1913.com\/en\/#organization","name":"Parma Calcio 1913","url":"https:\/\/www.parmacalcio1913.com\/en\/","logo":{"@type":"ImageObject","inLanguage":"en-US","@id":"https:\/\/www.parmacalcio1913.com\/en\/#\/schema\/logo\/image\/","url":"https:\/\/www.parmacalcio1913.com\/wp-content\/uploads\/2023\/04\/parma_logo.svg","contentUrl":"https:\/\/www.parmacalcio1913.com\/wp-content\/uploads\/2023\/04\/parma_logo.svg","width":67.255,"height":82.323,"caption":"Parma Calcio 1913"},"image":{"@id":"https:\/\/www.parmacalcio1913.com\/en\/#\/schema\/logo\/image\/"},"sameAs":["https:\/\/www.facebook.com\/parmacalcio1913\/yoast","https:\/\/www.tiktok.com\/@parmacalcio1913\/yoast","https:\/\/www.instagram.com\/parmacalcio1913\/yoast","https:\/\/it.linkedin.com\/company\/parma-calcio-1913\/yoast","https:\/\/www.youtube.com\/c\/ParmaCalcio1913\/yoast","https:\/\/www.threads.net\/@parmacalcio1913\/yoast"]}]}},"_links":{"self":[{"href":"https:\/\/www.parmacalcio1913.com\/en\/wp-json\/wp\/v2\/pr_news\/25613","targetHints":{"allow":["GET"]}}],"collection":[{"href":"https:\/\/www.parmacalcio1913.com\/en\/wp-json\/wp\/v2\/pr_news"}],"about":[{"href":"https:\/\/www.parmacalcio1913.com\/en\/wp-json\/wp\/v2\/types\/pr_news"}],"author":[{"embeddable":true,"href":"https:\/\/www.parmacalcio1913.com\/en\/wp-json\/wp\/v2\/users\/11"}],"version-history":[{"count":2,"href":"https:\/\/www.parmacalcio1913.com\/en\/wp-json\/wp\/v2\/pr_news\/25613\/revisions"}],"predecessor-version":[{"id":25623,"href":"https:\/\/www.parmacalcio1913.com\/en\/wp-json\/wp\/v2\/pr_news\/25613\/revisions\/25623"}],"wp:attachment":[{"href":"https:\/\/www.parmacalcio1913.com\/en\/wp-json\/wp\/v2\/media?parent=25613"}],"wp:term":[{"taxonomy":"category","embeddable":true,"href":"https:\/\/www.parmacalcio1913.com\/en\/wp-json\/wp\/v2\/categories?post=25613"},{"taxonomy":"post_tag","embeddable":true,"href":"https:\/\/www.parmacalcio1913.com\/en\/wp-json\/wp\/v2\/tags?post=25613"}],"curies":[{"name":"wp","href":"https:\/\/api.w.org\/{rel}","templated":true}]}}