{"id":19686,"date":"2023-11-20T10:05:35","date_gmt":"2023-11-20T09:05:35","guid":{"rendered":"https:\/\/www.parmacalcio1913.com\/?post_type=pr_news&#038;p=19686"},"modified":"2023-11-20T14:13:39","modified_gmt":"2023-11-20T13:13:39","slug":"under-17-10-giornata-reggiana-parma-0-1","status":"publish","type":"pr_news","link":"https:\/\/www.parmacalcio1913.com\/en\/main-news\/under-17-10-giornata-reggiana-parma-0-1\/","title":{"rendered":"UNDER 17, 10^ GIORNATA: REGGIANA-PARMA 0-1"},"content":{"rendered":"<p>[swp_content page_og_title=&#8221;UNDER 17, 10^ GIORNATA: REGGIANA-PARMA 0-1&#8243; page_og_description=&#8221;null&#8221; page_og_type=&#8221;null&#8221; page_og_image=&#8221;https:\/\/www.parmacalcio1913.com\/wp-content\/uploads\/_ogs\/ParRegU17028_WM-20231120103914.webp&#8221; page_keywords=&#8221;null&#8221; page_description=&#8221;null&#8221; page_on_app=&#8221;1&#8243; page_on_home=&#8221;1&#8243; news_cover=&#8221;https:\/\/www.parmacalcio1913.com\/wp-content\/uploads\/_news\/ParRegU17028_WM-20231120103914.webp&#8221; ][swp_wrapper  id=&#8221;id&#8221;  order=&#8221;1&#8243;  name=&#8221;blocco 1&#8243; option_wrapper_color=&#8221;1&#8243; option_wrapper_image=&#8221;1&#8243; ][swp_hero_mini  id=&#8221;0&#8243;  type=&#8221;hero_mini&#8221;  order=&#8221;1&#8243;  name=&#8221;hero_mini&#8221; option_header_mini=&#8221;1&#8243; option_component_anchor=&#8221;null&#8221; option_component_padding=&#8221;[]&#8221; data_hero_title=&#8221;UNDER 17, 10^ GIORNATA: REGGIANA-PARMA 0-1&#8243; data_hero_image=&#8221;https:\/\/www.parmacalcio1913.com\/wp-content\/uploads\/_heros\/ParRegU17028_WM-20231120104511.webp&#8221; data_hero_image_responsive=&#8221;https:\/\/www.parmacalcio1913.com\/wp-content\/uploads\/_heros\/ParRegU17028_WM-20231120103914.webp&#8221; data_icon_image_alt=&#8221;null&#8221; ][\/swp_hero_mini][swp_base_p  id=&#8221;1&#8243;  type=&#8221;base_p&#8221;  order=&#8221;2&#8243;  name=&#8221;base_p&#8221; option_component_anchor=&#8221;null&#8221; option_component_padding=&#8221;[]&#8221; data_box_title=&#8221;null&#8221; data_box_subtitle=&#8221;null&#8221; data_box_text=&#8221;<\/p>\n<p><em>Campagnola Emilia (RE), 19 novembre 2023<\/em>&nbsp;\u2013 10^ Giornata di andata del Campionato Nazionale Serie A &amp; B Under 17, domenica 19 novembre 2023, sul campo in erba naturale&nbsp;\u201cEnzo Sabbadini\u201d&nbsp;di Campagnola Emilia (RE), <strong>Reggiana-Parma termina 0-1<\/strong>. I Crociati restano al secondo posto, ex aequo con il Bologna, con 17 punti, 3 in meno della capolista Juventus (20).<\/p>\n<p>Durante i primi minuti di gioco le due squadre che si controllano a vicenda, ma con il passare del tempo \u00e8 il Parma a prendere possesso del centrocampo, creando diverse occasioni con Mattia Zamuner (tiro vicino all\u2019incrocio dei pali), Filippo&nbsp;Alinovi (tiro deviato in angolo dal portiere Nicol\u00f2 Pagani) ed Elia Plicco (conclusione parata), e cos\u00ec<strong> il primo tempo si chiude a reti inviolate<\/strong>, principalmente per via degli interventi decisivi dell&#8217;estremo difensore granata.<\/p>\n<p>&#8221; data_box_twitch=&#8221;null&#8221; data_box_instagram=&#8221;null&#8221; data_box_tiktok=&#8221;null&#8221; data_box_twitter=&#8221;null&#8221; data_box_youtube=&#8221;null&#8221; data_box_facebook=&#8221;null&#8221; ][\/swp_base_p][swp_image  id=&#8221;2&#8243;  type=&#8221;image&#8221;  order=&#8221;3&#8243;  name=&#8221;image&#8221; option_component_anchor=&#8221;null&#8221; option_component_padding=&#8221;[]&#8221; data_box_image=&#8221;https:\/\/www.parmacalcio1913.com\/wp-content\/uploads\/_heros\/ParRegU17014_WM-20231120104135.webp&#8221; data_box_image_alt=&#8221;null&#8221; data_box_image_description=&#8221;null&#8221; ][\/swp_image][swp_base_p  id=&#8221;3&#8243;  type=&#8221;base_p&#8221;  order=&#8221;4&#8243;  name=&#8221;base_p&#8221; option_component_anchor=&#8221;null&#8221; option_component_padding=&#8221;[]&#8221; data_box_title=&#8221;null&#8221; data_box_subtitle=&#8221;null&#8221; data_box_text=&#8221;<\/p>\n<p>Al ritorno dagli spogliatoi la partita ricomincia cos\u00ec come era finito il primo tempo, con il Parma in avanti e gi\u00e0 al 2&#8242; st passa in vantaggio grazie ad un calcio di rigore concesso dall&#8217;arbitro, il Sig. Pasquale Mozzillo della Sezione A.I.A di Reggio Emilia, per l\u2019atterramento in area di Mattia Zamuner da parte di Nicol\u00f2 Ferretti. E&#8217; lo stesso <strong>Zamuner <\/strong>ad incaricarsi del tentativo di trasformazione, superando Nicol\u00f2 Pagani. A questo punto i giocatori di mister Mattia Bernardi riescono ad esprimersi in scioltezza e controllano agevolmente la partita, presentandosi diverse volte nell\u2019area avversaria, senza, per\u00f2, riuscire a creare delle limpide occasioni. Solo negli ultimi minuti i padroni di casa alzano il proprio baricentro, per\u00f2 la difesa Crociata controlla bene, lasciando quasi del tutto inoperoso il portiere Gabriele Casentini.<\/p>\n<p><\/p>\n<p>Si \u00e8 trattato di una partita nervosa, principalmente per via del campo non in perfette condizioni che impediva di controllare bene il pallone, e anche per la tipologia di avversario, ma si sa, i Derby sono sempre delle partite a s\u00e9. Vittoria, sia pure di misura, pi\u00f9 che meritata, per il Parma che non \u00e8 mai andato in difficolt\u00e0, anzi, visto il numero delle occasioni create avrebbe sicuramente meritato qualcosa in pi\u00f9.<\/p>\n<p>&#8221; data_box_twitch=&#8221;null&#8221; data_box_instagram=&#8221;null&#8221; data_box_tiktok=&#8221;null&#8221; data_box_twitter=&#8221;null&#8221; data_box_youtube=&#8221;null&#8221; data_box_facebook=&#8221;null&#8221; ][\/swp_base_p][swp_image  id=&#8221;4&#8243;  type=&#8221;image&#8221;  order=&#8221;5&#8243;  name=&#8221;image&#8221; option_component_anchor=&#8221;null&#8221; option_component_padding=&#8221;[]&#8221; data_box_image=&#8221;https:\/\/www.parmacalcio1913.com\/wp-content\/uploads\/_heros\/ParRegU17026_WM-20231120104327.webp&#8221; data_box_image_alt=&#8221;null&#8221; data_box_image_description=&#8221;null&#8221; ][\/swp_image][swp_base_p  id=&#8221;5&#8243;  type=&#8221;base_p&#8221;  order=&#8221;6&#8243;  name=&#8221;base_p&#8221; option_component_anchor=&#8221;null&#8221; option_component_padding=&#8221;[]&#8221; data_box_title=&#8221;null&#8221; data_box_subtitle=&#8221;null&#8221; data_box_text=&#8221;<\/p>\n<p><strong>REGGIANA-PARMA 0-1 (10^ GIORNATA DI ANDATA CAMPIONATO NAZIONALE SERIE A &amp; B UNDER 17)<\/strong><\/p>\n<p><strong>Marcatori<\/strong>: 2\u2032 st Zamuner (rig.)<\/p>\n<p><\/p>\n<p><strong>REGGIANA&nbsp;<\/strong>\u2013 1. Nicol\u00f2 Pagani; 2. Riccardo Strozzi (38&#8242; st 16. Andrea Truglia), 3. Nicol\u00f2 Ferretti (45&#8242; st 17. Samuel Postorino); 4. Nicol\u00f2 Antuono, 5. Alessandro Silipo, 6. Christian Petito; 7. Manuel Ruggeri, 8. Mattia Penta (38&#8242; st 15. Alessandro Agnesini), 9. Emanuele Bartoli (V. Cap.), 10. Andrea Ognibene (Cap., 24&#8242; st 20. Wisdom Osamudiamen Uhunamure), 11. Riccardo Bertolini. Allenatore: Daniele Orlandini (squalificato), in panchina: Christian CampanellaA disposizione: 12. Filippo Generali; 13. Gabriele Erario, 14. Filippo Rossi, 18. Riccardo Tasselli, 19. Mattia Fabbricatore<\/p>\n<p><\/p>\n<p><strong>PARMA&nbsp;<\/strong>\u2013 1. Gabriele Casentini; 2. Giorgio Chimezie (23&#8242; st 14.&nbsp;Dominik Drobnic), 3. Filippo Montenet (23&#8242; st Luca Chris Marcellin); 4.&nbsp;Giulio Baciocchi, 5. Nicolas Trabucchi (Cap.), 6. Roberto Ozzano (36&#8242; st 13. Gabriele De Simoni); 7. Filippo Alinovi (23&#8242; st 20. Luca De Oliveira), 8. Elia Plicco (V. Cap., 14\u2032 st 15. Giovanni De Simone), 9. Eirinaios Papadimitriou (36&#8242; st 18. Giacomo Iuliani), 10. Mattia Zamuner (36&#8242; st 19. Leandro Ferrari), 11. Marco Campatelli. Allenatore: Mattia BernardiA disposizione: 12. Leonardo Taina; 16. Cristian Lori<\/p>\n<p><\/p>\n<p><strong>Arbitro<\/strong>: Sig. Pasquale Mozzillo della Sezione A.I.A di Reggio Emilia<\/p>\n<p><strong>Assistenti<\/strong>: Sig. Arli Veli di Pisa e Sig. Gennaro Apollaro di Rimini<\/p>\n<p><strong>Ammoniti:&nbsp;<\/strong>Ferretti, Strozzi; Trabucchi, Marcellin, De Oliveira<\/p>\n<p><strong>Recupero<\/strong>: 1\u2019+6\u2032<\/p>\n<p>&#8221; data_box_twitch=&#8221;null&#8221; data_box_instagram=&#8221;null&#8221; data_box_tiktok=&#8221;null&#8221; data_box_twitter=&#8221;null&#8221; data_box_youtube=&#8221;null&#8221; data_box_facebook=&#8221;null&#8221; ][\/swp_base_p][swp_gallery  id=&#8221;6&#8243;  type=&#8221;gallery&#8221;  order=&#8221;7&#8243;  name=&#8221;gallery&#8221; option_component_anchor=&#8221;null&#8221; option_component_padding=&#8221;[]&#8221; data_gallery_preview=&#8221;19471&#8243; data_gallery_title=&#8221;null&#8221; data_gallery_symbol=&#8221;0&#8243; data_gallery_medias=&#8221;null&#8221; ][\/swp_gallery][\/swp_wrapper][\/swp_content]<\/p>\n","protected":false},"excerpt":{"rendered":"<p>[swp_content page_og_title=&#8221;UNDER 17, 10^ GIORNATA: REGGIANA-PARMA 0-1&#8243; page_og_description=&#8221;null&#8221; page_og_type=&#8221;null&#8221; page_og_image=&#8221;https:\/\/www.parmacalcio1913.com\/wp-content\/uploads\/_ogs\/ParRegU17028_WM-20231120103914.webp&#8221; page_keywords=&#8221;null&#8221; page_description=&#8221;null&#8221; page_on_app=&#8221;1&#8243; page_on_home=&#8221;1&#8243; news_cover=&#8221;https:\/\/www.parmacalcio1913.com\/wp-content\/uploads\/_news\/ParRegU17028_WM-20231120103914.webp&#8221; ][swp_wrapper id=&#8221;id&#8221; order=&#8221;1&#8243; name=&#8221;blocco 1&#8243; option_wrapper_color=&#8221;1&#8243; option_wrapper_image=&#8221;1&#8243; ][swp_hero_mini id=&#8221;0&#8243; type=&#8221;hero_mini&#8221; order=&#8221;1&#8243; name=&#8221;hero_mini&#8221; option_header_mini=&#8221;1&#8243; option_component_anchor=&#8221;null&#8221; option_component_padding=&#8221;[]&#8221; data_hero_title=&#8221;UNDER 17, 10^ GIORNATA: REGGIANA-PARMA 0-1&#8243; data_hero_image=&#8221;https:\/\/www.parmacalcio1913.com\/wp-content\/uploads\/_heros\/ParRegU17028_WM-20231120104511.webp&#8221; data_hero_image_responsive=&#8221;https:\/\/www.parmacalcio1913.com\/wp-content\/uploads\/_heros\/ParRegU17028_WM-20231120103914.webp&#8221; data_icon_image_alt=&#8221;null&#8221; ][\/swp_hero_mini][swp_base_p id=&#8221;1&#8243; type=&#8221;base_p&#8221; order=&#8221;2&#8243; name=&#8221;base_p&#8221; option_component_anchor=&#8221;null&#8221; option_component_padding=&#8221;[]&#8221; data_box_title=&#8221;null&#8221; data_box_subtitle=&#8221;null&#8221; data_box_text=&#8221; Campagnola Emilia (RE), 19 novembre 2023&nbsp;\u2013 [&hellip;]<\/p>\n","protected":false},"author":11,"featured_media":0,"menu_order":0,"template":"","format":"standard","meta":{"footnotes":""},"categories":[65],"tags":[59],"class_list":["post-19686","pr_news","type-pr_news","status-publish","format-standard","hentry","category-giovanili","tag-giovanili"],"yoast_head":"<!-- This site is optimized with the Yoast SEO plugin v27.4 - https:\/\/yoast.com\/product\/yoast-seo-wordpress\/ -->\n<title>UNDER 17, 10^ GIORNATA: REGGIANA-PARMA 0-1 - Parma Calcio 1913<\/title>\n<meta name=\"robots\" content=\"index, follow, max-snippet:-1, max-image-preview:large, max-video-preview:-1\" \/>\n<link rel=\"canonical\" href=\"https:\/\/www.parmacalcio1913.com\/en\/main-news\/under-17-10-giornata-reggiana-parma-0-1\/\" \/>\n<meta property=\"og:locale\" content=\"en_US\" \/>\n<meta property=\"og:type\" content=\"article\" \/>\n<meta property=\"og:title\" content=\"UNDER 17, 10^ GIORNATA: REGGIANA-PARMA 0-1 - Parma Calcio 1913\" \/>\n<meta property=\"og:description\" content=\"[swp_content page_og_title=&#8221;UNDER 17, 10^ GIORNATA: REGGIANA-PARMA 0-1&#8243; page_og_description=&#8221;null&#8221; page_og_type=&#8221;null&#8221; page_og_image=&#8221;https:\/\/www.parmacalcio1913.com\/wp-content\/uploads\/_ogs\/ParRegU17028_WM-20231120103914.webp&#8221; page_keywords=&#8221;null&#8221; page_description=&#8221;null&#8221; page_on_app=&#8221;1&#8243; page_on_home=&#8221;1&#8243; news_cover=&#8221;https:\/\/www.parmacalcio1913.com\/wp-content\/uploads\/_news\/ParRegU17028_WM-20231120103914.webp&#8221; ][swp_wrapper id=&#8221;id&#8221; order=&#8221;1&#8243; name=&#8221;blocco 1&#8243; option_wrapper_color=&#8221;1&#8243; option_wrapper_image=&#8221;1&#8243; ][swp_hero_mini id=&#8221;0&#8243; type=&#8221;hero_mini&#8221; order=&#8221;1&#8243; name=&#8221;hero_mini&#8221; option_header_mini=&#8221;1&#8243; option_component_anchor=&#8221;null&#8221; option_component_padding=&#8221;[]&#8221; data_hero_title=&#8221;UNDER 17, 10^ GIORNATA: REGGIANA-PARMA 0-1&#8243; data_hero_image=&#8221;https:\/\/www.parmacalcio1913.com\/wp-content\/uploads\/_heros\/ParRegU17028_WM-20231120104511.webp&#8221; data_hero_image_responsive=&#8221;https:\/\/www.parmacalcio1913.com\/wp-content\/uploads\/_heros\/ParRegU17028_WM-20231120103914.webp&#8221; data_icon_image_alt=&#8221;null&#8221; ][\/swp_hero_mini][swp_base_p id=&#8221;1&#8243; type=&#8221;base_p&#8221; order=&#8221;2&#8243; name=&#8221;base_p&#8221; option_component_anchor=&#8221;null&#8221; option_component_padding=&#8221;[]&#8221; data_box_title=&#8221;null&#8221; data_box_subtitle=&#8221;null&#8221; data_box_text=&#8221; Campagnola Emilia (RE), 19 novembre 2023&nbsp;\u2013 [&hellip;]\" \/>\n<meta property=\"og:url\" content=\"https:\/\/www.parmacalcio1913.com\/en\/main-news\/under-17-10-giornata-reggiana-parma-0-1\/\" \/>\n<meta property=\"og:site_name\" content=\"Parma Calcio 1913\" \/>\n<meta property=\"article:publisher\" content=\"https:\/\/www.facebook.com\/parmacalcio1913\/yoast\" \/>\n<meta property=\"article:modified_time\" content=\"2023-11-20T13:13:39+00:00\" \/>\n<meta name=\"twitter:card\" content=\"summary_large_image\" \/>\n<meta name=\"twitter:label1\" content=\"Est. reading time\" \/>\n\t<meta name=\"twitter:data1\" content=\"5 minutes\" \/>\n<script type=\"application\/ld+json\" class=\"yoast-schema-graph\">{\"@context\":\"https:\\\/\\\/schema.org\",\"@graph\":[{\"@type\":\"WebPage\",\"@id\":\"https:\\\/\\\/www.parmacalcio1913.com\\\/en\\\/main-news\\\/under-17-10-giornata-reggiana-parma-0-1\\\/\",\"url\":\"https:\\\/\\\/www.parmacalcio1913.com\\\/en\\\/main-news\\\/under-17-10-giornata-reggiana-parma-0-1\\\/\",\"name\":\"UNDER 17, 10^ GIORNATA: REGGIANA-PARMA 0-1 - Parma Calcio 1913\",\"isPartOf\":{\"@id\":\"https:\\\/\\\/www.parmacalcio1913.com\\\/en\\\/#website\"},\"datePublished\":\"2023-11-20T09:05:35+00:00\",\"dateModified\":\"2023-11-20T13:13:39+00:00\",\"breadcrumb\":{\"@id\":\"https:\\\/\\\/www.parmacalcio1913.com\\\/en\\\/main-news\\\/under-17-10-giornata-reggiana-parma-0-1\\\/#breadcrumb\"},\"inLanguage\":\"en-US\",\"potentialAction\":[{\"@type\":\"ReadAction\",\"target\":[\"https:\\\/\\\/www.parmacalcio1913.com\\\/en\\\/main-news\\\/under-17-10-giornata-reggiana-parma-0-1\\\/\"]}]},{\"@type\":\"BreadcrumbList\",\"@id\":\"https:\\\/\\\/www.parmacalcio1913.com\\\/en\\\/main-news\\\/under-17-10-giornata-reggiana-parma-0-1\\\/#breadcrumb\",\"itemListElement\":[{\"@type\":\"ListItem\",\"position\":1,\"name\":\"Home\",\"item\":\"https:\\\/\\\/www.parmacalcio1913.com\\\/en\\\/\"},{\"@type\":\"ListItem\",\"position\":2,\"name\":\"News\",\"item\":\"https:\\\/\\\/www.parmacalcio1913.com\\\/en\\\/main-news\\\/\"},{\"@type\":\"ListItem\",\"position\":3,\"name\":\"UNDER 17, 10^ GIORNATA: REGGIANA-PARMA 0-1\"}]},{\"@type\":\"WebSite\",\"@id\":\"https:\\\/\\\/www.parmacalcio1913.com\\\/en\\\/#website\",\"url\":\"https:\\\/\\\/www.parmacalcio1913.com\\\/en\\\/\",\"name\":\"Parma Calcio 1913\",\"description\":\"\",\"publisher\":{\"@id\":\"https:\\\/\\\/www.parmacalcio1913.com\\\/en\\\/#organization\"},\"potentialAction\":[{\"@type\":\"SearchAction\",\"target\":{\"@type\":\"EntryPoint\",\"urlTemplate\":\"https:\\\/\\\/www.parmacalcio1913.com\\\/en\\\/?s={search_term_string}\"},\"query-input\":{\"@type\":\"PropertyValueSpecification\",\"valueRequired\":true,\"valueName\":\"search_term_string\"}}],\"inLanguage\":\"en-US\"},{\"@type\":\"Organization\",\"@id\":\"https:\\\/\\\/www.parmacalcio1913.com\\\/en\\\/#organization\",\"name\":\"Parma Calcio 1913\",\"url\":\"https:\\\/\\\/www.parmacalcio1913.com\\\/en\\\/\",\"logo\":{\"@type\":\"ImageObject\",\"inLanguage\":\"en-US\",\"@id\":\"https:\\\/\\\/www.parmacalcio1913.com\\\/en\\\/#\\\/schema\\\/logo\\\/image\\\/\",\"url\":\"https:\\\/\\\/www.parmacalcio1913.com\\\/wp-content\\\/uploads\\\/2023\\\/04\\\/parma_logo.svg\",\"contentUrl\":\"https:\\\/\\\/www.parmacalcio1913.com\\\/wp-content\\\/uploads\\\/2023\\\/04\\\/parma_logo.svg\",\"width\":67.255,\"height\":82.323,\"caption\":\"Parma Calcio 1913\"},\"image\":{\"@id\":\"https:\\\/\\\/www.parmacalcio1913.com\\\/en\\\/#\\\/schema\\\/logo\\\/image\\\/\"},\"sameAs\":[\"https:\\\/\\\/www.facebook.com\\\/parmacalcio1913\\\/yoast\",\"https:\\\/\\\/www.tiktok.com\\\/@parmacalcio1913\\\/yoast\",\"https:\\\/\\\/www.instagram.com\\\/parmacalcio1913\\\/yoast\",\"https:\\\/\\\/it.linkedin.com\\\/company\\\/parma-calcio-1913\\\/yoast\",\"https:\\\/\\\/www.youtube.com\\\/c\\\/ParmaCalcio1913\\\/yoast\",\"https:\\\/\\\/www.threads.net\\\/@parmacalcio1913\\\/yoast\"]}]}<\/script>\n<!-- \/ Yoast SEO plugin. -->","yoast_head_json":{"title":"UNDER 17, 10^ GIORNATA: REGGIANA-PARMA 0-1 - Parma Calcio 1913","robots":{"index":"index","follow":"follow","max-snippet":"max-snippet:-1","max-image-preview":"max-image-preview:large","max-video-preview":"max-video-preview:-1"},"canonical":"https:\/\/www.parmacalcio1913.com\/en\/main-news\/under-17-10-giornata-reggiana-parma-0-1\/","og_locale":"en_US","og_type":"article","og_title":"UNDER 17, 10^ GIORNATA: REGGIANA-PARMA 0-1 - Parma Calcio 1913","og_description":"[swp_content page_og_title=&#8221;UNDER 17, 10^ GIORNATA: REGGIANA-PARMA 0-1&#8243; page_og_description=&#8221;null&#8221; page_og_type=&#8221;null&#8221; page_og_image=&#8221;https:\/\/www.parmacalcio1913.com\/wp-content\/uploads\/_ogs\/ParRegU17028_WM-20231120103914.webp&#8221; page_keywords=&#8221;null&#8221; page_description=&#8221;null&#8221; page_on_app=&#8221;1&#8243; page_on_home=&#8221;1&#8243; news_cover=&#8221;https:\/\/www.parmacalcio1913.com\/wp-content\/uploads\/_news\/ParRegU17028_WM-20231120103914.webp&#8221; ][swp_wrapper id=&#8221;id&#8221; order=&#8221;1&#8243; name=&#8221;blocco 1&#8243; option_wrapper_color=&#8221;1&#8243; option_wrapper_image=&#8221;1&#8243; ][swp_hero_mini id=&#8221;0&#8243; type=&#8221;hero_mini&#8221; order=&#8221;1&#8243; name=&#8221;hero_mini&#8221; option_header_mini=&#8221;1&#8243; option_component_anchor=&#8221;null&#8221; option_component_padding=&#8221;[]&#8221; data_hero_title=&#8221;UNDER 17, 10^ GIORNATA: REGGIANA-PARMA 0-1&#8243; data_hero_image=&#8221;https:\/\/www.parmacalcio1913.com\/wp-content\/uploads\/_heros\/ParRegU17028_WM-20231120104511.webp&#8221; data_hero_image_responsive=&#8221;https:\/\/www.parmacalcio1913.com\/wp-content\/uploads\/_heros\/ParRegU17028_WM-20231120103914.webp&#8221; data_icon_image_alt=&#8221;null&#8221; ][\/swp_hero_mini][swp_base_p id=&#8221;1&#8243; type=&#8221;base_p&#8221; order=&#8221;2&#8243; name=&#8221;base_p&#8221; option_component_anchor=&#8221;null&#8221; option_component_padding=&#8221;[]&#8221; data_box_title=&#8221;null&#8221; data_box_subtitle=&#8221;null&#8221; data_box_text=&#8221; Campagnola Emilia (RE), 19 novembre 2023&nbsp;\u2013 [&hellip;]","og_url":"https:\/\/www.parmacalcio1913.com\/en\/main-news\/under-17-10-giornata-reggiana-parma-0-1\/","og_site_name":"Parma Calcio 1913","article_publisher":"https:\/\/www.facebook.com\/parmacalcio1913\/yoast","article_modified_time":"2023-11-20T13:13:39+00:00","twitter_card":"summary_large_image","twitter_misc":{"Est. reading time":"5 minutes"},"schema":{"@context":"https:\/\/schema.org","@graph":[{"@type":"WebPage","@id":"https:\/\/www.parmacalcio1913.com\/en\/main-news\/under-17-10-giornata-reggiana-parma-0-1\/","url":"https:\/\/www.parmacalcio1913.com\/en\/main-news\/under-17-10-giornata-reggiana-parma-0-1\/","name":"UNDER 17, 10^ GIORNATA: REGGIANA-PARMA 0-1 - Parma Calcio 1913","isPartOf":{"@id":"https:\/\/www.parmacalcio1913.com\/en\/#website"},"datePublished":"2023-11-20T09:05:35+00:00","dateModified":"2023-11-20T13:13:39+00:00","breadcrumb":{"@id":"https:\/\/www.parmacalcio1913.com\/en\/main-news\/under-17-10-giornata-reggiana-parma-0-1\/#breadcrumb"},"inLanguage":"en-US","potentialAction":[{"@type":"ReadAction","target":["https:\/\/www.parmacalcio1913.com\/en\/main-news\/under-17-10-giornata-reggiana-parma-0-1\/"]}]},{"@type":"BreadcrumbList","@id":"https:\/\/www.parmacalcio1913.com\/en\/main-news\/under-17-10-giornata-reggiana-parma-0-1\/#breadcrumb","itemListElement":[{"@type":"ListItem","position":1,"name":"Home","item":"https:\/\/www.parmacalcio1913.com\/en\/"},{"@type":"ListItem","position":2,"name":"News","item":"https:\/\/www.parmacalcio1913.com\/en\/main-news\/"},{"@type":"ListItem","position":3,"name":"UNDER 17, 10^ GIORNATA: REGGIANA-PARMA 0-1"}]},{"@type":"WebSite","@id":"https:\/\/www.parmacalcio1913.com\/en\/#website","url":"https:\/\/www.parmacalcio1913.com\/en\/","name":"Parma Calcio 1913","description":"","publisher":{"@id":"https:\/\/www.parmacalcio1913.com\/en\/#organization"},"potentialAction":[{"@type":"SearchAction","target":{"@type":"EntryPoint","urlTemplate":"https:\/\/www.parmacalcio1913.com\/en\/?s={search_term_string}"},"query-input":{"@type":"PropertyValueSpecification","valueRequired":true,"valueName":"search_term_string"}}],"inLanguage":"en-US"},{"@type":"Organization","@id":"https:\/\/www.parmacalcio1913.com\/en\/#organization","name":"Parma Calcio 1913","url":"https:\/\/www.parmacalcio1913.com\/en\/","logo":{"@type":"ImageObject","inLanguage":"en-US","@id":"https:\/\/www.parmacalcio1913.com\/en\/#\/schema\/logo\/image\/","url":"https:\/\/www.parmacalcio1913.com\/wp-content\/uploads\/2023\/04\/parma_logo.svg","contentUrl":"https:\/\/www.parmacalcio1913.com\/wp-content\/uploads\/2023\/04\/parma_logo.svg","width":67.255,"height":82.323,"caption":"Parma Calcio 1913"},"image":{"@id":"https:\/\/www.parmacalcio1913.com\/en\/#\/schema\/logo\/image\/"},"sameAs":["https:\/\/www.facebook.com\/parmacalcio1913\/yoast","https:\/\/www.tiktok.com\/@parmacalcio1913\/yoast","https:\/\/www.instagram.com\/parmacalcio1913\/yoast","https:\/\/it.linkedin.com\/company\/parma-calcio-1913\/yoast","https:\/\/www.youtube.com\/c\/ParmaCalcio1913\/yoast","https:\/\/www.threads.net\/@parmacalcio1913\/yoast"]}]}},"_links":{"self":[{"href":"https:\/\/www.parmacalcio1913.com\/en\/wp-json\/wp\/v2\/pr_news\/19686","targetHints":{"allow":["GET"]}}],"collection":[{"href":"https:\/\/www.parmacalcio1913.com\/en\/wp-json\/wp\/v2\/pr_news"}],"about":[{"href":"https:\/\/www.parmacalcio1913.com\/en\/wp-json\/wp\/v2\/types\/pr_news"}],"author":[{"embeddable":true,"href":"https:\/\/www.parmacalcio1913.com\/en\/wp-json\/wp\/v2\/users\/11"}],"version-history":[{"count":5,"href":"https:\/\/www.parmacalcio1913.com\/en\/wp-json\/wp\/v2\/pr_news\/19686\/revisions"}],"predecessor-version":[{"id":19883,"href":"https:\/\/www.parmacalcio1913.com\/en\/wp-json\/wp\/v2\/pr_news\/19686\/revisions\/19883"}],"wp:attachment":[{"href":"https:\/\/www.parmacalcio1913.com\/en\/wp-json\/wp\/v2\/media?parent=19686"}],"wp:term":[{"taxonomy":"category","embeddable":true,"href":"https:\/\/www.parmacalcio1913.com\/en\/wp-json\/wp\/v2\/categories?post=19686"},{"taxonomy":"post_tag","embeddable":true,"href":"https:\/\/www.parmacalcio1913.com\/en\/wp-json\/wp\/v2\/tags?post=19686"}],"curies":[{"name":"wp","href":"https:\/\/api.w.org\/{rel}","templated":true}]}}