{"id":16830,"date":"2023-11-12T12:13:54","date_gmt":"2023-11-12T11:13:54","guid":{"rendered":"https:\/\/www.parmacalcio1913.com\/?post_type=pr_news&#038;p=16830"},"modified":"2023-11-12T12:13:54","modified_gmt":"2023-11-12T11:13:54","slug":"primavera-1-femminile-6-giornata-parma-hellas-verona-1-1","status":"publish","type":"pr_news","link":"https:\/\/www.parmacalcio1913.com\/en\/main-news\/primavera-1-femminile-6-giornata-parma-hellas-verona-1-1\/","title":{"rendered":"PRIMAVERA 1 FEMMINILE, 6^ GIORNATA: PARMA-HELLAS VERONA 1-1"},"content":{"rendered":"<p>[swp_content page_og_title=&#8221;PRIMAVERA 1 FEMMINILE, 6^ GIORNATA: PARMA-HELLAS VERONA 1-1&#8243; page_og_description=&#8221;null&#8221; page_og_type=&#8221;null&#8221; page_og_image=&#8221;https:\/\/www.parmacalcio1913.com\/wp-content\/uploads\/_ogs\/parma-hellas-verona-primavera-1-femminile-11-11-2023-20231112120834.jpg&#8221; page_keywords=&#8221;null&#8221; page_description=&#8221;null&#8221; page_on_app=&#8221;1&#8243; page_on_home=&#8221;2&#8243; news_cover=&#8221;https:\/\/www.parmacalcio1913.com\/wp-content\/uploads\/_news\/parma-hellas-verona-primavera-1-femminile-11-11-2023-20231112120834.png&#8221; ][swp_wrapper  id=&#8221;id&#8221;  order=&#8221;1&#8243;  name=&#8221;blocco 1&#8243; option_wrapper_color=&#8221;1&#8243; option_wrapper_image=&#8221;1&#8243; ][swp_base_p  id=&#8221;3&#8243;  type=&#8221;base_p&#8221;  order=&#8221;4&#8243;  name=&#8221;base_p&#8221; option_component_anchor=&#8221;null&#8221; option_component_padding=&#8221;[]&#8221; data_box_title=&#8221;null&#8221; data_box_subtitle=&#8221;null&#8221; data_box_text=&#8221;<\/p>\n<p><strong>PARMA-HELLAS VERONA 1-1 (6^ GIORNATA DI ANDATA CAMPIONATO PRIMAVERA 1 FEMMINILE)<\/strong><\/p>\n<p><strong>Marcatrici<\/strong>: 32\u2032 Totolo, 27\u2032 st Minuscoli<\/p>\n<p><\/p>\n<p><strong>PARMA&nbsp;<\/strong>\u2013 1. Camilla Barbierato; 2. Matilda Imperiale (15&#8242; st 15. Carlotta Vasirani), 3. Camilla Cini; 4. Alessia Fiucci (V. Cap.), 5. Viviana Aversa, 6. Cristina Minuscoli; 7. Rachele Nicoletti (23&#8242; st 20. Marta Sicuri), 8. Alessia Marchetti, 9. Sara Iardino (Cap., 32&#8242; st 19. Shari Manco), 10. Marika Gregis (15&#8242; st 17. Mariah Elyson Gueguen), 11. Angela Cinquegrana. Coach: Ilenia Nicoli<\/p>\n<p>A disposizione: 12. Alice Barone; 13. Laura Formaggini, 14. Tessa Lourdes Mendolicchio,16. Monica Delbono, 18. Lisa Ferretti<\/p>\n<p><\/p>\n<p><strong>HELLAS VERONA&nbsp;<\/strong>\u2013 1. Irene Bucci; 2. Gaia Datres, 3. Giulia Garofolo (V. Cap.); 4. Gaia Zordan (Cap., 41&#8242; st 16. Anna Boaretto), 5. Claudia Di Nuzzo, 6. Matilde Rachello; 7. Anna Benini, 8. Asja Menghin (1&#8242; st 17. Ilaria Veronese), 9. Carlotta Rovere (23&#8242; st 20. Sophie Aprile), 10. Maddalena Totolo (36&#8242; st 18. Carlotta Marino), 11. Greta Zanoni. Allenatore: Davide Santeramo<\/p>\n<p>A disposizione: 12. Marta Sturaro; 13. Alice Martari, 14. Asia Di Muni, 15. Noemi Bissoli, 19. Benedetta Zorzi.<\/p>\n<p><\/p>\n<p><strong>Arbitro<\/strong>: Sig. Federico Bruschi della Sezione A.I.A. di Ferrara<\/p>\n<p><strong>Assistenti<\/strong>: Sig. Matteo Lauri di Modena e Sig. Giuseppe Simone Chimento di Saronno<\/p>\n<p><strong>Recupero:<\/strong>&nbsp;1\u2019+4\u2032<\/p>\n<p>&#8221; data_box_twitch=&#8221;null&#8221; data_box_instagram=&#8221;null&#8221; data_box_tiktok=&#8221;null&#8221; data_box_twitter=&#8221;null&#8221; data_box_youtube=&#8221;null&#8221; data_box_facebook=&#8221;null&#8221; ][\/swp_base_p][swp_image  id=&#8221;2&#8243;  type=&#8221;image&#8221;  order=&#8221;3&#8243;  name=&#8221;image&#8221; option_component_anchor=&#8221;null&#8221; option_component_padding=&#8221;[]&#8221; data_box_image=&#8221;https:\/\/www.parmacalcio1913.com\/wp-content\/uploads\/_heros\/parma-hellas-verona-primavera-1-femminile-11-11-2023-20231112121255.png&#8221; data_box_image_alt=&#8221;null&#8221; data_box_image_description=&#8221;null&#8221; ][\/swp_image][swp_base_p  id=&#8221;1&#8243;  type=&#8221;base_p&#8221;  order=&#8221;2&#8243;  name=&#8221;base_p&#8221; option_component_anchor=&#8221;null&#8221; option_component_padding=&#8221;[]&#8221; data_box_title=&#8221;null&#8221; data_box_subtitle=&#8221;null&#8221; data_box_text=&#8221;<\/p>\n<p><em>Noceto, 12 novembre 2023 \u2013<\/em>&nbsp;Anticipo della 6^ Giornata del Girone di Andata del Campionato Primavera 1 Femminile, sabato 11 novembre 2023, sul campo&nbsp;<em>\u201d2\u201d<\/em>&nbsp;in sintetico del complesso sportivo&nbsp;<em>\u201dIl Noce\u201d<\/em>, a Noceto, il <strong>Parma pareggia con l&#8217;Hellas Verona 1-1<\/strong>. In attesa delle gare di domenica 12 novembre 2023, in classifica, le due squadre affiancano a quota 10 il Sassuolo al quarto posto, dietro la capolista Juventus (15), la Roma (13) e il Milan (12).<\/p>\n<p><\/p>\n<p><strong>Gara a senso unico per 95 minuti<\/strong>: il Verona imposta la sfida con una precisa idea tattica, ossia squadra compattissima attorno alla linea mediana con dieci giocatrici in 20\/25 metri che spesso porta, specie nel primo tempo, le Crociate ad andare oltre la linea in fuorigioco. Il possesso palla \u00e8 costantemente in mano alla formazione allenata da Coach Ilena Nicoli che prova a trovare il modo di scardinare l&#8217;ordinamento delle ospiti, ma Irene Bucci (portiere della nazionale Italia Under 17) dimostra in pi\u00f9 occasioni il suo valore (nel primo tempo&nbsp;<em>miracoli<\/em>&nbsp;su Marika Gregis al 11\u2019, su Angela Cinquegrana al 17\u2019 e su una rovesciata di Rachele Nicoletti al 37\u2019) e quando la numero uno non arriva, \u00e8 Giulia Garofalo a togliere la palla dalla porta. Al 32\u2019 un rilancio di Gaia Zordan sorprende la linea difensiva di casa e dopo una buona triangolazione con Carlotta Rovere, Maddalena Totolo trova l\u2019inaspettato e beffardo vantaggio (0-1). Il Parma ha il merito di non perdere lucidit\u00e0 e continua una costante pressione nella met\u00e0 campo avversaria. Ancora Irene Bucci \u00e8 decisiva su Angela Cinquegrana al 3\u2019 st. La pressione delle ducali continua e prima Viviana Aversa e poi Marta Sicuri vanno vicine al pari che arriva meritato al 27\u2019 st con Cristina <strong>Minuscoli <\/strong>abile a mettere dentro sugli sviluppi di un calcio d&#8217;angolo (11-2, per la cronaca, il conto dei corner) di Mariah Elyson Gueguen. Il Parma, nei minuti finali, continua, seppur con meno lucidit\u00e0, a tenere il Verona nella propria area, ma appena prima del triplice fischio \u00e8 la traversa a dire di no a Camilla Cini, negando una vittoria che sarebbe stata meritata.<\/p>\n<p>&#8221; data_box_twitch=&#8221;null&#8221; data_box_instagram=&#8221;null&#8221; data_box_tiktok=&#8221;null&#8221; data_box_twitter=&#8221;null&#8221; data_box_youtube=&#8221;null&#8221; data_box_facebook=&#8221;null&#8221; ][\/swp_base_p][swp_hero_mini  id=&#8221;0&#8243;  type=&#8221;hero_mini&#8221;  order=&#8221;1&#8243;  name=&#8221;hero_mini&#8221; option_header_mini=&#8221;1&#8243; option_component_anchor=&#8221;null&#8221; option_component_padding=&#8221;[]&#8221; data_hero_title=&#8221;PRIMAVERA 1 FEMMINILE, 6^ GIORNATA: PARMA-HELLAS VERONA 1-1&#8243; data_hero_image=&#8221;https:\/\/www.parmacalcio1913.com\/wp-content\/uploads\/_heros\/parma-hellas-verona-primavera-1-femminile-11-11-2023-20231112120834.png&#8221; data_hero_image_responsive=&#8221;https:\/\/www.parmacalcio1913.com\/wp-content\/uploads\/_heros\/parma-hellas-verona-primavera-1-femminile-11-11-2023-20231112120834.png&#8221; data_icon_image_alt=&#8221;null&#8221; ][\/swp_hero_mini][\/swp_wrapper][\/swp_content]<\/p>\n","protected":false},"excerpt":{"rendered":"<p>[swp_content page_og_title=&#8221;PRIMAVERA 1 FEMMINILE, 6^ GIORNATA: PARMA-HELLAS VERONA 1-1&#8243; page_og_description=&#8221;null&#8221; page_og_type=&#8221;null&#8221; page_og_image=&#8221;https:\/\/www.parmacalcio1913.com\/wp-content\/uploads\/_ogs\/parma-hellas-verona-primavera-1-femminile-11-11-2023-20231112120834.jpg&#8221; page_keywords=&#8221;null&#8221; page_description=&#8221;null&#8221; page_on_app=&#8221;1&#8243; page_on_home=&#8221;2&#8243; news_cover=&#8221;https:\/\/www.parmacalcio1913.com\/wp-content\/uploads\/_news\/parma-hellas-verona-primavera-1-femminile-11-11-2023-20231112120834.png&#8221; ][swp_wrapper id=&#8221;id&#8221; order=&#8221;1&#8243; name=&#8221;blocco 1&#8243; option_wrapper_color=&#8221;1&#8243; option_wrapper_image=&#8221;1&#8243; ][swp_base_p id=&#8221;3&#8243; type=&#8221;base_p&#8221; order=&#8221;4&#8243; name=&#8221;base_p&#8221; option_component_anchor=&#8221;null&#8221; option_component_padding=&#8221;[]&#8221; data_box_title=&#8221;null&#8221; data_box_subtitle=&#8221;null&#8221; data_box_text=&#8221; PARMA-HELLAS VERONA 1-1 (6^ GIORNATA DI ANDATA CAMPIONATO PRIMAVERA 1 FEMMINILE) Marcatrici: 32\u2032 Totolo, 27\u2032 st Minuscoli PARMA&nbsp;\u2013 1. Camilla Barbierato; [&hellip;]<\/p>\n","protected":false},"author":11,"featured_media":0,"menu_order":0,"template":"","format":"standard","meta":{"footnotes":""},"categories":[65],"tags":[59],"class_list":["post-16830","pr_news","type-pr_news","status-publish","format-standard","hentry","category-giovanili","tag-giovanili"],"yoast_head":"<!-- This site is optimized with the Yoast SEO plugin v27.4 - https:\/\/yoast.com\/product\/yoast-seo-wordpress\/ -->\n<title>PRIMAVERA 1 FEMMINILE, 6^ GIORNATA: PARMA-HELLAS VERONA 1-1 - Parma Calcio 1913<\/title>\n<meta name=\"robots\" content=\"index, follow, max-snippet:-1, max-image-preview:large, max-video-preview:-1\" \/>\n<link rel=\"canonical\" href=\"https:\/\/www.parmacalcio1913.com\/en\/main-news\/primavera-1-femminile-6-giornata-parma-hellas-verona-1-1\/\" \/>\n<meta property=\"og:locale\" content=\"en_US\" \/>\n<meta property=\"og:type\" content=\"article\" \/>\n<meta property=\"og:title\" content=\"PRIMAVERA 1 FEMMINILE, 6^ GIORNATA: PARMA-HELLAS VERONA 1-1 - Parma Calcio 1913\" \/>\n<meta property=\"og:description\" content=\"[swp_content page_og_title=&#8221;PRIMAVERA 1 FEMMINILE, 6^ GIORNATA: PARMA-HELLAS VERONA 1-1&#8243; page_og_description=&#8221;null&#8221; page_og_type=&#8221;null&#8221; page_og_image=&#8221;https:\/\/www.parmacalcio1913.com\/wp-content\/uploads\/_ogs\/parma-hellas-verona-primavera-1-femminile-11-11-2023-20231112120834.jpg&#8221; page_keywords=&#8221;null&#8221; page_description=&#8221;null&#8221; page_on_app=&#8221;1&#8243; page_on_home=&#8221;2&#8243; news_cover=&#8221;https:\/\/www.parmacalcio1913.com\/wp-content\/uploads\/_news\/parma-hellas-verona-primavera-1-femminile-11-11-2023-20231112120834.png&#8221; ][swp_wrapper id=&#8221;id&#8221; order=&#8221;1&#8243; name=&#8221;blocco 1&#8243; option_wrapper_color=&#8221;1&#8243; option_wrapper_image=&#8221;1&#8243; ][swp_base_p id=&#8221;3&#8243; type=&#8221;base_p&#8221; order=&#8221;4&#8243; name=&#8221;base_p&#8221; option_component_anchor=&#8221;null&#8221; option_component_padding=&#8221;[]&#8221; data_box_title=&#8221;null&#8221; data_box_subtitle=&#8221;null&#8221; data_box_text=&#8221; PARMA-HELLAS VERONA 1-1 (6^ GIORNATA DI ANDATA CAMPIONATO PRIMAVERA 1 FEMMINILE) Marcatrici: 32\u2032 Totolo, 27\u2032 st Minuscoli PARMA&nbsp;\u2013 1. Camilla Barbierato; [&hellip;]\" \/>\n<meta property=\"og:url\" content=\"https:\/\/www.parmacalcio1913.com\/en\/main-news\/primavera-1-femminile-6-giornata-parma-hellas-verona-1-1\/\" \/>\n<meta property=\"og:site_name\" content=\"Parma Calcio 1913\" \/>\n<meta property=\"article:publisher\" content=\"https:\/\/www.facebook.com\/parmacalcio1913\/yoast\" \/>\n<meta name=\"twitter:card\" content=\"summary_large_image\" \/>\n<meta name=\"twitter:label1\" content=\"Est. reading time\" \/>\n\t<meta name=\"twitter:data1\" content=\"4 minutes\" \/>\n<script type=\"application\/ld+json\" class=\"yoast-schema-graph\">{\"@context\":\"https:\\\/\\\/schema.org\",\"@graph\":[{\"@type\":\"WebPage\",\"@id\":\"https:\\\/\\\/www.parmacalcio1913.com\\\/en\\\/main-news\\\/primavera-1-femminile-6-giornata-parma-hellas-verona-1-1\\\/\",\"url\":\"https:\\\/\\\/www.parmacalcio1913.com\\\/en\\\/main-news\\\/primavera-1-femminile-6-giornata-parma-hellas-verona-1-1\\\/\",\"name\":\"PRIMAVERA 1 FEMMINILE, 6^ GIORNATA: PARMA-HELLAS VERONA 1-1 - Parma Calcio 1913\",\"isPartOf\":{\"@id\":\"https:\\\/\\\/www.parmacalcio1913.com\\\/en\\\/#website\"},\"datePublished\":\"2023-11-12T11:13:54+00:00\",\"breadcrumb\":{\"@id\":\"https:\\\/\\\/www.parmacalcio1913.com\\\/en\\\/main-news\\\/primavera-1-femminile-6-giornata-parma-hellas-verona-1-1\\\/#breadcrumb\"},\"inLanguage\":\"en-US\",\"potentialAction\":[{\"@type\":\"ReadAction\",\"target\":[\"https:\\\/\\\/www.parmacalcio1913.com\\\/en\\\/main-news\\\/primavera-1-femminile-6-giornata-parma-hellas-verona-1-1\\\/\"]}]},{\"@type\":\"BreadcrumbList\",\"@id\":\"https:\\\/\\\/www.parmacalcio1913.com\\\/en\\\/main-news\\\/primavera-1-femminile-6-giornata-parma-hellas-verona-1-1\\\/#breadcrumb\",\"itemListElement\":[{\"@type\":\"ListItem\",\"position\":1,\"name\":\"Home\",\"item\":\"https:\\\/\\\/www.parmacalcio1913.com\\\/en\\\/\"},{\"@type\":\"ListItem\",\"position\":2,\"name\":\"News\",\"item\":\"https:\\\/\\\/www.parmacalcio1913.com\\\/en\\\/main-news\\\/\"},{\"@type\":\"ListItem\",\"position\":3,\"name\":\"PRIMAVERA 1 FEMMINILE, 6^ GIORNATA: PARMA-HELLAS VERONA 1-1\"}]},{\"@type\":\"WebSite\",\"@id\":\"https:\\\/\\\/www.parmacalcio1913.com\\\/en\\\/#website\",\"url\":\"https:\\\/\\\/www.parmacalcio1913.com\\\/en\\\/\",\"name\":\"Parma Calcio 1913\",\"description\":\"\",\"publisher\":{\"@id\":\"https:\\\/\\\/www.parmacalcio1913.com\\\/en\\\/#organization\"},\"potentialAction\":[{\"@type\":\"SearchAction\",\"target\":{\"@type\":\"EntryPoint\",\"urlTemplate\":\"https:\\\/\\\/www.parmacalcio1913.com\\\/en\\\/?s={search_term_string}\"},\"query-input\":{\"@type\":\"PropertyValueSpecification\",\"valueRequired\":true,\"valueName\":\"search_term_string\"}}],\"inLanguage\":\"en-US\"},{\"@type\":\"Organization\",\"@id\":\"https:\\\/\\\/www.parmacalcio1913.com\\\/en\\\/#organization\",\"name\":\"Parma Calcio 1913\",\"url\":\"https:\\\/\\\/www.parmacalcio1913.com\\\/en\\\/\",\"logo\":{\"@type\":\"ImageObject\",\"inLanguage\":\"en-US\",\"@id\":\"https:\\\/\\\/www.parmacalcio1913.com\\\/en\\\/#\\\/schema\\\/logo\\\/image\\\/\",\"url\":\"https:\\\/\\\/www.parmacalcio1913.com\\\/wp-content\\\/uploads\\\/2023\\\/04\\\/parma_logo.svg\",\"contentUrl\":\"https:\\\/\\\/www.parmacalcio1913.com\\\/wp-content\\\/uploads\\\/2023\\\/04\\\/parma_logo.svg\",\"width\":67.255,\"height\":82.323,\"caption\":\"Parma Calcio 1913\"},\"image\":{\"@id\":\"https:\\\/\\\/www.parmacalcio1913.com\\\/en\\\/#\\\/schema\\\/logo\\\/image\\\/\"},\"sameAs\":[\"https:\\\/\\\/www.facebook.com\\\/parmacalcio1913\\\/yoast\",\"https:\\\/\\\/www.tiktok.com\\\/@parmacalcio1913\\\/yoast\",\"https:\\\/\\\/www.instagram.com\\\/parmacalcio1913\\\/yoast\",\"https:\\\/\\\/it.linkedin.com\\\/company\\\/parma-calcio-1913\\\/yoast\",\"https:\\\/\\\/www.youtube.com\\\/c\\\/ParmaCalcio1913\\\/yoast\",\"https:\\\/\\\/www.threads.net\\\/@parmacalcio1913\\\/yoast\"]}]}<\/script>\n<!-- \/ Yoast SEO plugin. -->","yoast_head_json":{"title":"PRIMAVERA 1 FEMMINILE, 6^ GIORNATA: PARMA-HELLAS VERONA 1-1 - Parma Calcio 1913","robots":{"index":"index","follow":"follow","max-snippet":"max-snippet:-1","max-image-preview":"max-image-preview:large","max-video-preview":"max-video-preview:-1"},"canonical":"https:\/\/www.parmacalcio1913.com\/en\/main-news\/primavera-1-femminile-6-giornata-parma-hellas-verona-1-1\/","og_locale":"en_US","og_type":"article","og_title":"PRIMAVERA 1 FEMMINILE, 6^ GIORNATA: PARMA-HELLAS VERONA 1-1 - Parma Calcio 1913","og_description":"[swp_content page_og_title=&#8221;PRIMAVERA 1 FEMMINILE, 6^ GIORNATA: PARMA-HELLAS VERONA 1-1&#8243; page_og_description=&#8221;null&#8221; page_og_type=&#8221;null&#8221; page_og_image=&#8221;https:\/\/www.parmacalcio1913.com\/wp-content\/uploads\/_ogs\/parma-hellas-verona-primavera-1-femminile-11-11-2023-20231112120834.jpg&#8221; page_keywords=&#8221;null&#8221; page_description=&#8221;null&#8221; page_on_app=&#8221;1&#8243; page_on_home=&#8221;2&#8243; news_cover=&#8221;https:\/\/www.parmacalcio1913.com\/wp-content\/uploads\/_news\/parma-hellas-verona-primavera-1-femminile-11-11-2023-20231112120834.png&#8221; ][swp_wrapper id=&#8221;id&#8221; order=&#8221;1&#8243; name=&#8221;blocco 1&#8243; option_wrapper_color=&#8221;1&#8243; option_wrapper_image=&#8221;1&#8243; ][swp_base_p id=&#8221;3&#8243; type=&#8221;base_p&#8221; order=&#8221;4&#8243; name=&#8221;base_p&#8221; option_component_anchor=&#8221;null&#8221; option_component_padding=&#8221;[]&#8221; data_box_title=&#8221;null&#8221; data_box_subtitle=&#8221;null&#8221; data_box_text=&#8221; PARMA-HELLAS VERONA 1-1 (6^ GIORNATA DI ANDATA CAMPIONATO PRIMAVERA 1 FEMMINILE) Marcatrici: 32\u2032 Totolo, 27\u2032 st Minuscoli PARMA&nbsp;\u2013 1. Camilla Barbierato; [&hellip;]","og_url":"https:\/\/www.parmacalcio1913.com\/en\/main-news\/primavera-1-femminile-6-giornata-parma-hellas-verona-1-1\/","og_site_name":"Parma Calcio 1913","article_publisher":"https:\/\/www.facebook.com\/parmacalcio1913\/yoast","twitter_card":"summary_large_image","twitter_misc":{"Est. reading time":"4 minutes"},"schema":{"@context":"https:\/\/schema.org","@graph":[{"@type":"WebPage","@id":"https:\/\/www.parmacalcio1913.com\/en\/main-news\/primavera-1-femminile-6-giornata-parma-hellas-verona-1-1\/","url":"https:\/\/www.parmacalcio1913.com\/en\/main-news\/primavera-1-femminile-6-giornata-parma-hellas-verona-1-1\/","name":"PRIMAVERA 1 FEMMINILE, 6^ GIORNATA: PARMA-HELLAS VERONA 1-1 - Parma Calcio 1913","isPartOf":{"@id":"https:\/\/www.parmacalcio1913.com\/en\/#website"},"datePublished":"2023-11-12T11:13:54+00:00","breadcrumb":{"@id":"https:\/\/www.parmacalcio1913.com\/en\/main-news\/primavera-1-femminile-6-giornata-parma-hellas-verona-1-1\/#breadcrumb"},"inLanguage":"en-US","potentialAction":[{"@type":"ReadAction","target":["https:\/\/www.parmacalcio1913.com\/en\/main-news\/primavera-1-femminile-6-giornata-parma-hellas-verona-1-1\/"]}]},{"@type":"BreadcrumbList","@id":"https:\/\/www.parmacalcio1913.com\/en\/main-news\/primavera-1-femminile-6-giornata-parma-hellas-verona-1-1\/#breadcrumb","itemListElement":[{"@type":"ListItem","position":1,"name":"Home","item":"https:\/\/www.parmacalcio1913.com\/en\/"},{"@type":"ListItem","position":2,"name":"News","item":"https:\/\/www.parmacalcio1913.com\/en\/main-news\/"},{"@type":"ListItem","position":3,"name":"PRIMAVERA 1 FEMMINILE, 6^ GIORNATA: PARMA-HELLAS VERONA 1-1"}]},{"@type":"WebSite","@id":"https:\/\/www.parmacalcio1913.com\/en\/#website","url":"https:\/\/www.parmacalcio1913.com\/en\/","name":"Parma Calcio 1913","description":"","publisher":{"@id":"https:\/\/www.parmacalcio1913.com\/en\/#organization"},"potentialAction":[{"@type":"SearchAction","target":{"@type":"EntryPoint","urlTemplate":"https:\/\/www.parmacalcio1913.com\/en\/?s={search_term_string}"},"query-input":{"@type":"PropertyValueSpecification","valueRequired":true,"valueName":"search_term_string"}}],"inLanguage":"en-US"},{"@type":"Organization","@id":"https:\/\/www.parmacalcio1913.com\/en\/#organization","name":"Parma Calcio 1913","url":"https:\/\/www.parmacalcio1913.com\/en\/","logo":{"@type":"ImageObject","inLanguage":"en-US","@id":"https:\/\/www.parmacalcio1913.com\/en\/#\/schema\/logo\/image\/","url":"https:\/\/www.parmacalcio1913.com\/wp-content\/uploads\/2023\/04\/parma_logo.svg","contentUrl":"https:\/\/www.parmacalcio1913.com\/wp-content\/uploads\/2023\/04\/parma_logo.svg","width":67.255,"height":82.323,"caption":"Parma Calcio 1913"},"image":{"@id":"https:\/\/www.parmacalcio1913.com\/en\/#\/schema\/logo\/image\/"},"sameAs":["https:\/\/www.facebook.com\/parmacalcio1913\/yoast","https:\/\/www.tiktok.com\/@parmacalcio1913\/yoast","https:\/\/www.instagram.com\/parmacalcio1913\/yoast","https:\/\/it.linkedin.com\/company\/parma-calcio-1913\/yoast","https:\/\/www.youtube.com\/c\/ParmaCalcio1913\/yoast","https:\/\/www.threads.net\/@parmacalcio1913\/yoast"]}]}},"_links":{"self":[{"href":"https:\/\/www.parmacalcio1913.com\/en\/wp-json\/wp\/v2\/pr_news\/16830","targetHints":{"allow":["GET"]}}],"collection":[{"href":"https:\/\/www.parmacalcio1913.com\/en\/wp-json\/wp\/v2\/pr_news"}],"about":[{"href":"https:\/\/www.parmacalcio1913.com\/en\/wp-json\/wp\/v2\/types\/pr_news"}],"author":[{"embeddable":true,"href":"https:\/\/www.parmacalcio1913.com\/en\/wp-json\/wp\/v2\/users\/11"}],"version-history":[{"count":1,"href":"https:\/\/www.parmacalcio1913.com\/en\/wp-json\/wp\/v2\/pr_news\/16830\/revisions"}],"predecessor-version":[{"id":16833,"href":"https:\/\/www.parmacalcio1913.com\/en\/wp-json\/wp\/v2\/pr_news\/16830\/revisions\/16833"}],"wp:attachment":[{"href":"https:\/\/www.parmacalcio1913.com\/en\/wp-json\/wp\/v2\/media?parent=16830"}],"wp:term":[{"taxonomy":"category","embeddable":true,"href":"https:\/\/www.parmacalcio1913.com\/en\/wp-json\/wp\/v2\/categories?post=16830"},{"taxonomy":"post_tag","embeddable":true,"href":"https:\/\/www.parmacalcio1913.com\/en\/wp-json\/wp\/v2\/tags?post=16830"}],"curies":[{"name":"wp","href":"https:\/\/api.w.org\/{rel}","templated":true}]}}