{"id":12955,"date":"2023-10-16T15:30:59","date_gmt":"2023-10-16T13:30:59","guid":{"rendered":"https:\/\/www.parmacalcio1913.com\/?post_type=pr_news&#038;p=12955"},"modified":"2023-10-19T17:37:13","modified_gmt":"2023-10-19T15:37:13","slug":"under-16-4-giornata-pisa-parma-0-4","status":"publish","type":"pr_news","link":"https:\/\/www.parmacalcio1913.com\/en\/main-news\/under-16-4-giornata-pisa-parma-0-4\/","title":{"rendered":"UNDER 16, 4^ GIORNATA: PISA-PARMA 0-4"},"content":{"rendered":"<p>[swp_content page_og_title=&#8221;UNDER 16, 4^ GIORNATA: PISA-PARMA 0-4&#8243; page_og_description=&#8221;null&#8221; page_og_type=&#8221;null&#8221; page_og_image=&#8221;https:\/\/www.parmacalcio1913.com\/wp-content\/uploads\/_ogs\/pisa-parma-under-16-15-10-2023-20231016160714.jpg&#8221; page_keywords=&#8221;null&#8221; page_description=&#8221;null&#8221; page_on_app=&#8221;1&#8243; page_on_home=&#8221;1&#8243; news_cover=&#8221;https:\/\/www.parmacalcio1913.com\/wp-content\/uploads\/_news\/pisa-parma-under-16-15-10-2023-20231016160714.png&#8221; ][swp_wrapper  id=&#8221;id&#8221;  order=&#8221;1&#8243;  name=&#8221;blocco 1&#8243; option_wrapper_color=&#8221;1&#8243; option_wrapper_image=&#8221;1&#8243; ][swp_hero_mini  id=&#8221;0&#8243;  type=&#8221;hero_mini&#8221;  order=&#8221;1&#8243;  name=&#8221;hero_mini&#8221; option_header_mini=&#8221;1&#8243; option_component_anchor=&#8221;null&#8221; option_component_padding=&#8221;[]&#8221; data_hero_title=&#8221;UNDER 16, 4^ GIORNATA: PISA-PARMA 0-4&#8243; data_hero_image=&#8221;https:\/\/www.parmacalcio1913.com\/wp-content\/uploads\/_heros\/pisa-parma-under-16-15-10-2023-20231016160714.png&#8221; data_hero_image_responsive=&#8221;https:\/\/www.parmacalcio1913.com\/wp-content\/uploads\/_heros\/pisa-parma-under-16-15-10-2023-20231016160714.png&#8221; data_icon_image_alt=&#8221;null&#8221; ][\/swp_hero_mini][swp_base_p  id=&#8221;1&#8243;  type=&#8221;base_p&#8221;  order=&#8221;2&#8243;  name=&#8221;base_p&#8221; option_component_anchor=&#8221;null&#8221; option_component_padding=&#8221;[]&#8221; data_box_title=&#8221;null&#8221; data_box_subtitle=&#8221;null&#8221; data_box_text=&#8221;<\/p>\n<p><em>Calcinaia (PI), 16 ottobre 2023 \u2013<\/em>&nbsp;4^ Giornata del Girone di Andata del Campionato Nazionale Serie A &amp; B Under 16, domenica 15 ottobre 2023, allo stadio comunale&nbsp;<em>\u201cCorrado Corsi\u201d<\/em>&nbsp;di Calcinaia (PI), Pisa-Parma termina 0-4. I giallobl\u00f9, a punteggio pieno (12), restano al comando della classifica assieme alla Sampdoria corsara a Torino (1-3), mentre il Genoa, costretto al pari esterno dal Modena (1-1), perde i primi punti e segue alle spalle (10) della coppia di testa.<\/p>\n<p>Pronti via (2&#8242;) e, dopo un lancio in profondit\u00e0 per lo scatto di Lapo Santini, Riccardo Chiesa, a braccia allargate, intercetta il cross dal fondo provocando il calcio di rigore che il direttore dell&#8217;incontro, il Sig. Matteo Laganaro della Sezione A.I.A. di Genova, non esita ad accordare. Lo stesso numero 9 del Pisa si incarica del tentativo di trasformazione, andando sul dischetto, ma \u00e8 bravo il portiere Crociato Lorenzo Mosca ad intuire e a respingere il tiro.<\/p>\n<p>Si rimane, cos\u00ec, sullo 0-0 e il Parma, dopo i primi 5 minuti di difficolt\u00e0, inizia a prendere in mano la gara, alzando i ritmi, mettendo in mostra le proprie qualit\u00e0 e provando, con qualche giocata individuale, a mettere in crisi la difesa nerazzurra.<\/p>\n<p>Al 19&#8242; il Parma riesce a passare: azione in dribbling, dalla linea di fondo, di Anthony <strong>Tagliente <\/strong>che rientra e scarica verso la porta un gran destro. E&#8217; bravo il portiere Francesco Raigi a deviare, per\u00f2 la sfera carambola proprio sui piedi di Andrea Muto che da due passi mette dentro (0-1).<\/p>\n<p>Il vantaggio d\u00e0 ancora pi\u00f9 coraggio ai Crociati che spingono e trovano il raddoppio in chiusura di tempo (38&#8242; st) con il&nbsp;<em>&#8216;solito&#8217;<\/em>&nbsp;gran tiro dai venti metri di Matteo <strong>Maglione <\/strong>imprendibile per l&#8217;estremo difensore pisano (0-2).<\/p>\n<p>Ad inizio ripresa (2&#8242; st) il portiere ducale Lorenzo Mosca sfodera un gran intervento sul tiro di Tommaso Sogli Degl&#8217;Innocenti: sar\u00e0, questa, l&#8217;unica occasione dei toscani in tutta la ripresa, contro le numerose dei Crociati che vanno vicini alla terza segnatura, in pi\u00f9 occasioni, con Anthony Tagliente prima e Francesco Arcuri poi.<\/p>\n<p>Al 27&#8242; st proprio Francesco <strong>Arcuri <\/strong>sigla lo 0-3, pescato da un lancio millimetrico di Dario Pio D&#8217;Amico, e poi il definitivo 0-4 pennellando alla perfezione una punizione sopra la barriera, nel primo dei quattro minuti di recupero (41&#8242; st).<\/p>\n<p>&#8221; data_box_twitch=&#8221;null&#8221; data_box_instagram=&#8221;null&#8221; data_box_tiktok=&#8221;null&#8221; data_box_twitter=&#8221;null&#8221; data_box_youtube=&#8221;null&#8221; data_box_facebook=&#8221;null&#8221; ][\/swp_base_p][swp_image  id=&#8221;2&#8243;  type=&#8221;image&#8221;  order=&#8221;3&#8243;  name=&#8221;image&#8221; option_component_anchor=&#8221;null&#8221; option_component_padding=&#8221;[]&#8221; data_box_image=&#8221;https:\/\/www.parmacalcio1913.com\/wp-content\/uploads\/_heros\/Parma-Genoa-5-20231016155428.png&#8221; data_box_image_alt=&#8221;null&#8221; ][\/swp_image][swp_base_p  id=&#8221;3&#8243;  type=&#8221;base_p&#8221;  order=&#8221;4&#8243;  name=&#8221;base_p&#8221; option_component_anchor=&#8221;null&#8221; option_component_padding=&#8221;[]&#8221; data_box_title=&#8221;null&#8221; data_box_subtitle=&#8221;null&#8221; data_box_text=&#8221;<\/p>\n<p><strong>PISA-PARMA 0-4 (4^ GIORNATA DI ANDATA CAMPIONATO NAZIONALE SERIE A &amp; B UNDER 16)<\/strong><\/p>\n<p><strong>Marcatori:<\/strong>&nbsp;13\u2032 Muto, 38&#8242; Maglione, 27&#8242; st e 41&#8242; st Arcuri<\/p>\n<p><\/p>\n<p><strong>PISA \u2013<\/strong>&nbsp;1. Francesco Raigi; 2. Niccol\u00f2 Conti (30&#8242; st 19. Edoardo Santi), 3. Niccol\u00f2 Mazzantini; 4. Michelangelo Marzano (35&#8242; st 18. Niccol\u00f2 Vllashej), 5. Lorenzo Foglia, 6. Louis Bendinelli (35&#8242; st 15. Claudio Pio Sofia); 7. Tommaso Sogli Degl&#8217;Innocenti (30&#8242; st 17. Giulio Chiarugi), 8. Nicola Tuon (30&#8242; st 14. Gabriele Morosi), 9. Lapo Santini (13&#8242; st 16. Fabian Lila), 10. Brando Ruberti (13&#8242; st 20. Damiano Accardo), 11. Michele Ribechini. Allenatore: Luca Paoletti<\/p>\n<p>A disposizione: 12. Tommaso Guidi; 13. Gabriele Bianchi&nbsp;&nbsp;<\/p>\n<p><\/p>\n<p><strong>PARMA \u2013<\/strong>1. Lorenzo Mosca; 2. Pietro Fiorasi (26&#8242; st 13. Leonardo Parisi), 3. Davide Antonelli; 4. Nicola Bellofiore, 5. Riccardo Chiesa (Cap.), 6. Djibril Diallo (32&#8242; st 14. Simone Landini); 7. Matteo Maglione (26&#8242; st 18. Adam Atraoui), 8. Andrea Brizi (32&#8242; st 19. Manuel Morabito), 9. Andrea Muto (17&#8242; st 15. Giovanni Parafioriti), 10. Dario Pio D\u2019Amico (V. Cap., 32&#8242; st 16. Federico Po), 11. Anthony Tagliente (17&#8242; st 20. Francesco Arcuri). Allenatore: Simone Fusaro<\/p>\n<p>A disposizione: 12. Andrea Karol Giardino; 17. Brian Iacuzio<\/p>\n<p><\/p>\n<p><strong>Arbitro:<\/strong>&nbsp;Sig. Matteo Laganaro della Sezione A.I.A. di Genova<\/p>\n<p><strong>Assistenti:<\/strong>&nbsp;Sigg. Alessandro Giambini e GianMarco Dimico di Livorno<\/p>\n<p><strong>Ammoniti:<\/strong>&nbsp;Bendinelli, Mazzantini<\/p>\n<p><strong>Recupero:<\/strong>&nbsp;1\u2019+4\u2032<\/p>\n<p><strong>Note:<\/strong>&nbsp;al 2&#8242; il portiere del Parma Lorenzo Mosca para un calcio di rigore a Lapo Santini<\/p>\n<p>&#8221; data_box_twitch=&#8221;null&#8221; data_box_instagram=&#8221;null&#8221; data_box_tiktok=&#8221;null&#8221; data_box_twitter=&#8221;null&#8221; data_box_youtube=&#8221;null&#8221; data_box_facebook=&#8221;null&#8221; ][\/swp_base_p][\/swp_wrapper][\/swp_content]<\/p>\n","protected":false},"excerpt":{"rendered":"<p>[swp_content page_og_title=&#8221;UNDER 16, 4^ GIORNATA: PISA-PARMA 0-4&#8243; page_og_description=&#8221;null&#8221; page_og_type=&#8221;null&#8221; page_og_image=&#8221;https:\/\/www.parmacalcio1913.com\/wp-content\/uploads\/_ogs\/pisa-parma-under-16-15-10-2023-20231016160714.jpg&#8221; page_keywords=&#8221;null&#8221; page_description=&#8221;null&#8221; page_on_app=&#8221;1&#8243; page_on_home=&#8221;1&#8243; news_cover=&#8221;https:\/\/www.parmacalcio1913.com\/wp-content\/uploads\/_news\/pisa-parma-under-16-15-10-2023-20231016160714.png&#8221; ][swp_wrapper id=&#8221;id&#8221; order=&#8221;1&#8243; name=&#8221;blocco 1&#8243; option_wrapper_color=&#8221;1&#8243; option_wrapper_image=&#8221;1&#8243; ][swp_hero_mini id=&#8221;0&#8243; type=&#8221;hero_mini&#8221; order=&#8221;1&#8243; name=&#8221;hero_mini&#8221; option_header_mini=&#8221;1&#8243; option_component_anchor=&#8221;null&#8221; option_component_padding=&#8221;[]&#8221; data_hero_title=&#8221;UNDER 16, 4^ GIORNATA: PISA-PARMA 0-4&#8243; data_hero_image=&#8221;https:\/\/www.parmacalcio1913.com\/wp-content\/uploads\/_heros\/pisa-parma-under-16-15-10-2023-20231016160714.png&#8221; data_hero_image_responsive=&#8221;https:\/\/www.parmacalcio1913.com\/wp-content\/uploads\/_heros\/pisa-parma-under-16-15-10-2023-20231016160714.png&#8221; data_icon_image_alt=&#8221;null&#8221; ][\/swp_hero_mini][swp_base_p id=&#8221;1&#8243; type=&#8221;base_p&#8221; order=&#8221;2&#8243; name=&#8221;base_p&#8221; option_component_anchor=&#8221;null&#8221; option_component_padding=&#8221;[]&#8221; data_box_title=&#8221;null&#8221; data_box_subtitle=&#8221;null&#8221; data_box_text=&#8221; Calcinaia (PI), 16 ottobre 2023 \u2013&nbsp;4^ [&hellip;]<\/p>\n","protected":false},"author":11,"featured_media":0,"menu_order":0,"template":"","format":"standard","meta":{"footnotes":""},"categories":[65],"tags":[59],"class_list":["post-12955","pr_news","type-pr_news","status-publish","format-standard","hentry","category-giovanili","tag-giovanili"],"yoast_head":"<!-- This site is optimized with the Yoast SEO plugin v27.4 - https:\/\/yoast.com\/product\/yoast-seo-wordpress\/ -->\n<title>UNDER 16, 4^ GIORNATA: PISA-PARMA 0-4 - Parma Calcio 1913<\/title>\n<meta name=\"robots\" content=\"index, follow, max-snippet:-1, max-image-preview:large, max-video-preview:-1\" \/>\n<link rel=\"canonical\" href=\"https:\/\/www.parmacalcio1913.com\/en\/main-news\/under-16-4-giornata-pisa-parma-0-4\/\" \/>\n<meta property=\"og:locale\" content=\"en_US\" \/>\n<meta property=\"og:type\" content=\"article\" \/>\n<meta property=\"og:title\" content=\"UNDER 16, 4^ GIORNATA: PISA-PARMA 0-4 - Parma Calcio 1913\" \/>\n<meta property=\"og:description\" content=\"[swp_content page_og_title=&#8221;UNDER 16, 4^ GIORNATA: PISA-PARMA 0-4&#8243; page_og_description=&#8221;null&#8221; page_og_type=&#8221;null&#8221; page_og_image=&#8221;https:\/\/www.parmacalcio1913.com\/wp-content\/uploads\/_ogs\/pisa-parma-under-16-15-10-2023-20231016160714.jpg&#8221; page_keywords=&#8221;null&#8221; page_description=&#8221;null&#8221; page_on_app=&#8221;1&#8243; page_on_home=&#8221;1&#8243; news_cover=&#8221;https:\/\/www.parmacalcio1913.com\/wp-content\/uploads\/_news\/pisa-parma-under-16-15-10-2023-20231016160714.png&#8221; ][swp_wrapper id=&#8221;id&#8221; order=&#8221;1&#8243; name=&#8221;blocco 1&#8243; option_wrapper_color=&#8221;1&#8243; option_wrapper_image=&#8221;1&#8243; ][swp_hero_mini id=&#8221;0&#8243; type=&#8221;hero_mini&#8221; order=&#8221;1&#8243; name=&#8221;hero_mini&#8221; option_header_mini=&#8221;1&#8243; option_component_anchor=&#8221;null&#8221; option_component_padding=&#8221;[]&#8221; data_hero_title=&#8221;UNDER 16, 4^ GIORNATA: PISA-PARMA 0-4&#8243; data_hero_image=&#8221;https:\/\/www.parmacalcio1913.com\/wp-content\/uploads\/_heros\/pisa-parma-under-16-15-10-2023-20231016160714.png&#8221; data_hero_image_responsive=&#8221;https:\/\/www.parmacalcio1913.com\/wp-content\/uploads\/_heros\/pisa-parma-under-16-15-10-2023-20231016160714.png&#8221; data_icon_image_alt=&#8221;null&#8221; ][\/swp_hero_mini][swp_base_p id=&#8221;1&#8243; type=&#8221;base_p&#8221; order=&#8221;2&#8243; name=&#8221;base_p&#8221; option_component_anchor=&#8221;null&#8221; option_component_padding=&#8221;[]&#8221; data_box_title=&#8221;null&#8221; data_box_subtitle=&#8221;null&#8221; data_box_text=&#8221; Calcinaia (PI), 16 ottobre 2023 \u2013&nbsp;4^ [&hellip;]\" \/>\n<meta property=\"og:url\" content=\"https:\/\/www.parmacalcio1913.com\/en\/main-news\/under-16-4-giornata-pisa-parma-0-4\/\" \/>\n<meta property=\"og:site_name\" content=\"Parma Calcio 1913\" \/>\n<meta property=\"article:publisher\" content=\"https:\/\/www.facebook.com\/parmacalcio1913\/yoast\" \/>\n<meta property=\"article:modified_time\" content=\"2023-10-19T15:37:13+00:00\" \/>\n<meta name=\"twitter:card\" content=\"summary_large_image\" \/>\n<meta name=\"twitter:label1\" content=\"Est. reading time\" \/>\n\t<meta name=\"twitter:data1\" content=\"4 minutes\" \/>\n<script type=\"application\/ld+json\" class=\"yoast-schema-graph\">{\"@context\":\"https:\\\/\\\/schema.org\",\"@graph\":[{\"@type\":\"WebPage\",\"@id\":\"https:\\\/\\\/www.parmacalcio1913.com\\\/en\\\/main-news\\\/under-16-4-giornata-pisa-parma-0-4\\\/\",\"url\":\"https:\\\/\\\/www.parmacalcio1913.com\\\/en\\\/main-news\\\/under-16-4-giornata-pisa-parma-0-4\\\/\",\"name\":\"UNDER 16, 4^ GIORNATA: PISA-PARMA 0-4 - Parma Calcio 1913\",\"isPartOf\":{\"@id\":\"https:\\\/\\\/www.parmacalcio1913.com\\\/en\\\/#website\"},\"datePublished\":\"2023-10-16T13:30:59+00:00\",\"dateModified\":\"2023-10-19T15:37:13+00:00\",\"breadcrumb\":{\"@id\":\"https:\\\/\\\/www.parmacalcio1913.com\\\/en\\\/main-news\\\/under-16-4-giornata-pisa-parma-0-4\\\/#breadcrumb\"},\"inLanguage\":\"en-US\",\"potentialAction\":[{\"@type\":\"ReadAction\",\"target\":[\"https:\\\/\\\/www.parmacalcio1913.com\\\/en\\\/main-news\\\/under-16-4-giornata-pisa-parma-0-4\\\/\"]}]},{\"@type\":\"BreadcrumbList\",\"@id\":\"https:\\\/\\\/www.parmacalcio1913.com\\\/en\\\/main-news\\\/under-16-4-giornata-pisa-parma-0-4\\\/#breadcrumb\",\"itemListElement\":[{\"@type\":\"ListItem\",\"position\":1,\"name\":\"Home\",\"item\":\"https:\\\/\\\/www.parmacalcio1913.com\\\/en\\\/\"},{\"@type\":\"ListItem\",\"position\":2,\"name\":\"News\",\"item\":\"https:\\\/\\\/www.parmacalcio1913.com\\\/en\\\/main-news\\\/\"},{\"@type\":\"ListItem\",\"position\":3,\"name\":\"UNDER 16, 4^ GIORNATA: PISA-PARMA 0-4\"}]},{\"@type\":\"WebSite\",\"@id\":\"https:\\\/\\\/www.parmacalcio1913.com\\\/en\\\/#website\",\"url\":\"https:\\\/\\\/www.parmacalcio1913.com\\\/en\\\/\",\"name\":\"Parma Calcio 1913\",\"description\":\"\",\"publisher\":{\"@id\":\"https:\\\/\\\/www.parmacalcio1913.com\\\/en\\\/#organization\"},\"potentialAction\":[{\"@type\":\"SearchAction\",\"target\":{\"@type\":\"EntryPoint\",\"urlTemplate\":\"https:\\\/\\\/www.parmacalcio1913.com\\\/en\\\/?s={search_term_string}\"},\"query-input\":{\"@type\":\"PropertyValueSpecification\",\"valueRequired\":true,\"valueName\":\"search_term_string\"}}],\"inLanguage\":\"en-US\"},{\"@type\":\"Organization\",\"@id\":\"https:\\\/\\\/www.parmacalcio1913.com\\\/en\\\/#organization\",\"name\":\"Parma Calcio 1913\",\"url\":\"https:\\\/\\\/www.parmacalcio1913.com\\\/en\\\/\",\"logo\":{\"@type\":\"ImageObject\",\"inLanguage\":\"en-US\",\"@id\":\"https:\\\/\\\/www.parmacalcio1913.com\\\/en\\\/#\\\/schema\\\/logo\\\/image\\\/\",\"url\":\"https:\\\/\\\/www.parmacalcio1913.com\\\/wp-content\\\/uploads\\\/2023\\\/04\\\/parma_logo.svg\",\"contentUrl\":\"https:\\\/\\\/www.parmacalcio1913.com\\\/wp-content\\\/uploads\\\/2023\\\/04\\\/parma_logo.svg\",\"width\":67.255,\"height\":82.323,\"caption\":\"Parma Calcio 1913\"},\"image\":{\"@id\":\"https:\\\/\\\/www.parmacalcio1913.com\\\/en\\\/#\\\/schema\\\/logo\\\/image\\\/\"},\"sameAs\":[\"https:\\\/\\\/www.facebook.com\\\/parmacalcio1913\\\/yoast\",\"https:\\\/\\\/www.tiktok.com\\\/@parmacalcio1913\\\/yoast\",\"https:\\\/\\\/www.instagram.com\\\/parmacalcio1913\\\/yoast\",\"https:\\\/\\\/it.linkedin.com\\\/company\\\/parma-calcio-1913\\\/yoast\",\"https:\\\/\\\/www.youtube.com\\\/c\\\/ParmaCalcio1913\\\/yoast\",\"https:\\\/\\\/www.threads.net\\\/@parmacalcio1913\\\/yoast\"]}]}<\/script>\n<!-- \/ Yoast SEO plugin. -->","yoast_head_json":{"title":"UNDER 16, 4^ GIORNATA: PISA-PARMA 0-4 - Parma Calcio 1913","robots":{"index":"index","follow":"follow","max-snippet":"max-snippet:-1","max-image-preview":"max-image-preview:large","max-video-preview":"max-video-preview:-1"},"canonical":"https:\/\/www.parmacalcio1913.com\/en\/main-news\/under-16-4-giornata-pisa-parma-0-4\/","og_locale":"en_US","og_type":"article","og_title":"UNDER 16, 4^ GIORNATA: PISA-PARMA 0-4 - Parma Calcio 1913","og_description":"[swp_content page_og_title=&#8221;UNDER 16, 4^ GIORNATA: PISA-PARMA 0-4&#8243; page_og_description=&#8221;null&#8221; page_og_type=&#8221;null&#8221; page_og_image=&#8221;https:\/\/www.parmacalcio1913.com\/wp-content\/uploads\/_ogs\/pisa-parma-under-16-15-10-2023-20231016160714.jpg&#8221; page_keywords=&#8221;null&#8221; page_description=&#8221;null&#8221; page_on_app=&#8221;1&#8243; page_on_home=&#8221;1&#8243; news_cover=&#8221;https:\/\/www.parmacalcio1913.com\/wp-content\/uploads\/_news\/pisa-parma-under-16-15-10-2023-20231016160714.png&#8221; ][swp_wrapper id=&#8221;id&#8221; order=&#8221;1&#8243; name=&#8221;blocco 1&#8243; option_wrapper_color=&#8221;1&#8243; option_wrapper_image=&#8221;1&#8243; ][swp_hero_mini id=&#8221;0&#8243; type=&#8221;hero_mini&#8221; order=&#8221;1&#8243; name=&#8221;hero_mini&#8221; option_header_mini=&#8221;1&#8243; option_component_anchor=&#8221;null&#8221; option_component_padding=&#8221;[]&#8221; data_hero_title=&#8221;UNDER 16, 4^ GIORNATA: PISA-PARMA 0-4&#8243; data_hero_image=&#8221;https:\/\/www.parmacalcio1913.com\/wp-content\/uploads\/_heros\/pisa-parma-under-16-15-10-2023-20231016160714.png&#8221; data_hero_image_responsive=&#8221;https:\/\/www.parmacalcio1913.com\/wp-content\/uploads\/_heros\/pisa-parma-under-16-15-10-2023-20231016160714.png&#8221; data_icon_image_alt=&#8221;null&#8221; ][\/swp_hero_mini][swp_base_p id=&#8221;1&#8243; type=&#8221;base_p&#8221; order=&#8221;2&#8243; name=&#8221;base_p&#8221; option_component_anchor=&#8221;null&#8221; option_component_padding=&#8221;[]&#8221; data_box_title=&#8221;null&#8221; data_box_subtitle=&#8221;null&#8221; data_box_text=&#8221; Calcinaia (PI), 16 ottobre 2023 \u2013&nbsp;4^ [&hellip;]","og_url":"https:\/\/www.parmacalcio1913.com\/en\/main-news\/under-16-4-giornata-pisa-parma-0-4\/","og_site_name":"Parma Calcio 1913","article_publisher":"https:\/\/www.facebook.com\/parmacalcio1913\/yoast","article_modified_time":"2023-10-19T15:37:13+00:00","twitter_card":"summary_large_image","twitter_misc":{"Est. reading time":"4 minutes"},"schema":{"@context":"https:\/\/schema.org","@graph":[{"@type":"WebPage","@id":"https:\/\/www.parmacalcio1913.com\/en\/main-news\/under-16-4-giornata-pisa-parma-0-4\/","url":"https:\/\/www.parmacalcio1913.com\/en\/main-news\/under-16-4-giornata-pisa-parma-0-4\/","name":"UNDER 16, 4^ GIORNATA: PISA-PARMA 0-4 - Parma Calcio 1913","isPartOf":{"@id":"https:\/\/www.parmacalcio1913.com\/en\/#website"},"datePublished":"2023-10-16T13:30:59+00:00","dateModified":"2023-10-19T15:37:13+00:00","breadcrumb":{"@id":"https:\/\/www.parmacalcio1913.com\/en\/main-news\/under-16-4-giornata-pisa-parma-0-4\/#breadcrumb"},"inLanguage":"en-US","potentialAction":[{"@type":"ReadAction","target":["https:\/\/www.parmacalcio1913.com\/en\/main-news\/under-16-4-giornata-pisa-parma-0-4\/"]}]},{"@type":"BreadcrumbList","@id":"https:\/\/www.parmacalcio1913.com\/en\/main-news\/under-16-4-giornata-pisa-parma-0-4\/#breadcrumb","itemListElement":[{"@type":"ListItem","position":1,"name":"Home","item":"https:\/\/www.parmacalcio1913.com\/en\/"},{"@type":"ListItem","position":2,"name":"News","item":"https:\/\/www.parmacalcio1913.com\/en\/main-news\/"},{"@type":"ListItem","position":3,"name":"UNDER 16, 4^ GIORNATA: PISA-PARMA 0-4"}]},{"@type":"WebSite","@id":"https:\/\/www.parmacalcio1913.com\/en\/#website","url":"https:\/\/www.parmacalcio1913.com\/en\/","name":"Parma Calcio 1913","description":"","publisher":{"@id":"https:\/\/www.parmacalcio1913.com\/en\/#organization"},"potentialAction":[{"@type":"SearchAction","target":{"@type":"EntryPoint","urlTemplate":"https:\/\/www.parmacalcio1913.com\/en\/?s={search_term_string}"},"query-input":{"@type":"PropertyValueSpecification","valueRequired":true,"valueName":"search_term_string"}}],"inLanguage":"en-US"},{"@type":"Organization","@id":"https:\/\/www.parmacalcio1913.com\/en\/#organization","name":"Parma Calcio 1913","url":"https:\/\/www.parmacalcio1913.com\/en\/","logo":{"@type":"ImageObject","inLanguage":"en-US","@id":"https:\/\/www.parmacalcio1913.com\/en\/#\/schema\/logo\/image\/","url":"https:\/\/www.parmacalcio1913.com\/wp-content\/uploads\/2023\/04\/parma_logo.svg","contentUrl":"https:\/\/www.parmacalcio1913.com\/wp-content\/uploads\/2023\/04\/parma_logo.svg","width":67.255,"height":82.323,"caption":"Parma Calcio 1913"},"image":{"@id":"https:\/\/www.parmacalcio1913.com\/en\/#\/schema\/logo\/image\/"},"sameAs":["https:\/\/www.facebook.com\/parmacalcio1913\/yoast","https:\/\/www.tiktok.com\/@parmacalcio1913\/yoast","https:\/\/www.instagram.com\/parmacalcio1913\/yoast","https:\/\/it.linkedin.com\/company\/parma-calcio-1913\/yoast","https:\/\/www.youtube.com\/c\/ParmaCalcio1913\/yoast","https:\/\/www.threads.net\/@parmacalcio1913\/yoast"]}]}},"_links":{"self":[{"href":"https:\/\/www.parmacalcio1913.com\/en\/wp-json\/wp\/v2\/pr_news\/12955","targetHints":{"allow":["GET"]}}],"collection":[{"href":"https:\/\/www.parmacalcio1913.com\/en\/wp-json\/wp\/v2\/pr_news"}],"about":[{"href":"https:\/\/www.parmacalcio1913.com\/en\/wp-json\/wp\/v2\/types\/pr_news"}],"author":[{"embeddable":true,"href":"https:\/\/www.parmacalcio1913.com\/en\/wp-json\/wp\/v2\/users\/11"}],"version-history":[{"count":5,"href":"https:\/\/www.parmacalcio1913.com\/en\/wp-json\/wp\/v2\/pr_news\/12955\/revisions"}],"predecessor-version":[{"id":13439,"href":"https:\/\/www.parmacalcio1913.com\/en\/wp-json\/wp\/v2\/pr_news\/12955\/revisions\/13439"}],"wp:attachment":[{"href":"https:\/\/www.parmacalcio1913.com\/en\/wp-json\/wp\/v2\/media?parent=12955"}],"wp:term":[{"taxonomy":"category","embeddable":true,"href":"https:\/\/www.parmacalcio1913.com\/en\/wp-json\/wp\/v2\/categories?post=12955"},{"taxonomy":"post_tag","embeddable":true,"href":"https:\/\/www.parmacalcio1913.com\/en\/wp-json\/wp\/v2\/tags?post=12955"}],"curies":[{"name":"wp","href":"https:\/\/api.w.org\/{rel}","templated":true}]}}