{"id":1261,"date":"2023-06-26T14:43:05","date_gmt":"2023-06-26T12:43:05","guid":{"rendered":"https:\/\/www.parmacalcio1913.com\/?post_type=pr_news&#038;p=1261"},"modified":"2023-09-01T09:53:53","modified_gmt":"2023-09-01T07:53:53","slug":"parma-calcio-academy-a-new-york-per-la-prima-volta-i-summer-camp-negli-usa","status":"publish","type":"pr_news","link":"https:\/\/www.parmacalcio1913.com\/en\/main-news\/parma-calcio-academy-a-new-york-per-la-prima-volta-i-summer-camp-negli-usa\/","title":{"rendered":"Parma Calcio Academy a New York: per la prima volta i Summer Camp negli USA"},"content":{"rendered":"<p>[swp_content page_og_title=&#8221;null&#8221; page_og_description=&#8221;null&#8221; page_og_type=&#8221;null&#8221; page_og_image=&#8221;data:image\/gif;base64,R0lGODlhAQABAAAAACH5BAEKAAEALAAAAAABAAEAAAICTAEAOw==&#8221; page_keywords=&#8221;null&#8221; page_description=&#8221;null&#8221; page_on_app=&#8221;1&#8243; news_cover=&#8221;https:\/\/www.parmacalcio1913.com\/wp-content\/uploads\/_news\/parma-academy-yellow-cover-20230626144210.webp&#8221; ][swp_wrapper  id=&#8221;id&#8221;  order=&#8221;1&#8243;  name=&#8221;blocco 1&#8243; option_wrapper_color=&#8221;1&#8243; option_wrapper_image=&#8221;1&#8243; ][swp_hero_mini  id=&#8221;0&#8243;  type=&#8221;hero_mini&#8221;  order=&#8221;1&#8243;  name=&#8221;hero_mini&#8221; option_header_mini=&#8221;1&#8243; option_component_anchor=&#8221;null&#8221; option_component_padding=&#8221;[]&#8221; data_hero_title=&#8221;Parma Calcio Academy a New York: per la prima volta i Summer Camp negli USA&#8221; data_hero_image=&#8221;https:\/\/www.parmacalcio1913.com\/wp-content\/uploads\/_heros\/parma-academy-yellow-cover-20230626144142.webp&#8221; data_hero_image_responsive=&#8221;data:image\/gif;base64,R0lGODlhAQABAAAAACH5BAEKAAEALAAAAAABAAEAAAICTAEAOw==&#8221; data_icon_image_alt=&#8221;null&#8221; ][\/swp_hero_mini][swp_base_p  id=&#8221;1&#8243;  type=&#8221;base_p&#8221;  order=&#8221;2&#8243;  name=&#8221;base_p&#8221; option_component_anchor=&#8221;null&#8221; option_component_padding=&#8221;[]&#8221; data_box_title=&#8221;null&#8221; data_box_subtitle=&#8221;null&#8221; data_box_text=&#8221;<\/p>\n<p>Parma Calcio vola per la prima volta negli Stati Uniti, organizzando con l\u2019Academy i primi <strong>Summer Camp americani<\/strong>. Grazie alla collaborazione con Chaka2, gli stage estivi partiranno da <strong>New York<\/strong>, la citt\u00e0 pi\u00f9 iconica e pi\u00f9 popolata da italoamericani, che del Parma Calcio conoscono storia e campioni. I Camp estivi, in programma <strong>dal 24 luglio al 4 agosto 2023<\/strong>, si terranno nel distretto di Manhattan, cuore pulsante della Grande Mela (Lower East Side e Little Italy).<\/p>\n<p><em>\u201cIn queste ultime due stagioni <\/em>\u2013 spiega il Managing Director Corporate <strong>Luca Martines<\/strong> \u2013 <em>abbiamo lavorato molto all\u2019estero coinvolgendo oltre 100 club e associazioni sportive che, nel 2023, abbiamo ospitato a Parma con pi\u00f9 di 2mila persone provenienti da tutto il mondo. Abbiamo portato l\u2019Academy Parma Calcio in diversi paesi Europei, in Australia e in Giappone, sviluppando progetti ad hoc in citt\u00e0 importanti come Sydney, Perth, Melbourne, Osaka, Kyoto, Londra, La Valletta, Francoforte e Monaco. Oggi siamo felici di poter annunciare che il nostro prossimo progetto sar\u00e0 l\u2019organizzazione dei Summer Camp a New York. <\/em><strong><em>Lavoriamo intensamente nel territorio parmigiano e di questo siamo orgogliosi, ma altrettanto orgoglio \u00e8 poter portare il brand \u201cParma\u201d nel mondo<\/em><\/strong><em>. E poterlo fare negli USA per la prima volta ha un valore assoluto\u201c.<\/em><\/p>\n<p><\/p>\n<p>I Camp, coordinati dagli allenatori del Parma Calcio, sono aperti ai ragazzi dai 5 ai 14 anni. Tutte le info per le iscrizioni sono disponibili su <a target='_blank' href='\/\/www.parmaacademyny.com' rel=\"noopener\">www.parmaacademyny.com<\/a>.<\/p>\n<p><\/p>\n<p>\u201cDopo tanti contatti, abbiamo individuato il partner ideale per estendere il progetto negli USA. Partiremo quest\u2019estate con New York, la citt\u00e0 pi\u00f9 importante degli Stati Uniti, fortemente popolata da italiani e italoamericani, appassionati di calcio e del nostro Paese. Questa nuova sfida rappresenta il primo step per l\u2019espansione del nostro network negli USA\u201d afferma <strong>Gioele Caravello<\/strong>, responsabile del programma Academy Parma Calcio.<\/p>\n<p>&#8221; ][\/swp_base_p][\/swp_wrapper][\/swp_content]<\/p>\n","protected":false},"excerpt":{"rendered":"<p>[swp_content page_og_title=&#8221;null&#8221; page_og_description=&#8221;null&#8221; page_og_type=&#8221;null&#8221; page_og_image=&#8221;data:image\/gif;base64,R0lGODlhAQABAAAAACH5BAEKAAEALAAAAAABAAEAAAICTAEAOw==&#8221; page_keywords=&#8221;null&#8221; page_description=&#8221;null&#8221; page_on_app=&#8221;1&#8243; news_cover=&#8221;https:\/\/www.parmacalcio1913.com\/wp-content\/uploads\/_news\/parma-academy-yellow-cover-20230626144210.webp&#8221; ][swp_wrapper id=&#8221;id&#8221; order=&#8221;1&#8243; name=&#8221;blocco 1&#8243; option_wrapper_color=&#8221;1&#8243; option_wrapper_image=&#8221;1&#8243; ][swp_hero_mini id=&#8221;0&#8243; type=&#8221;hero_mini&#8221; order=&#8221;1&#8243; name=&#8221;hero_mini&#8221; option_header_mini=&#8221;1&#8243; option_component_anchor=&#8221;null&#8221; option_component_padding=&#8221;[]&#8221; data_hero_title=&#8221;Parma Calcio Academy a New York: per la prima volta i Summer Camp negli USA&#8221; data_hero_image=&#8221;https:\/\/www.parmacalcio1913.com\/wp-content\/uploads\/_heros\/parma-academy-yellow-cover-20230626144142.webp&#8221; data_hero_image_responsive=&#8221;data:image\/gif;base64,R0lGODlhAQABAAAAACH5BAEKAAEALAAAAAABAAEAAAICTAEAOw==&#8221; data_icon_image_alt=&#8221;null&#8221; ][\/swp_hero_mini][swp_base_p id=&#8221;1&#8243; type=&#8221;base_p&#8221; order=&#8221;2&#8243; name=&#8221;base_p&#8221; option_component_anchor=&#8221;null&#8221; option_component_padding=&#8221;[]&#8221; data_box_title=&#8221;null&#8221; data_box_subtitle=&#8221;null&#8221; data_box_text=&#8221; Parma Calcio vola [&hellip;]<\/p>\n","protected":false},"author":11,"featured_media":0,"menu_order":0,"template":"","format":"standard","meta":{"footnotes":""},"categories":[65],"tags":[43,38,39,40],"class_list":["post-1261","pr_news","type-pr_news","status-publish","format-standard","hentry","category-giovanili","tag-academy","tag-marketing","tag-prima-squadra","tag-societa"],"yoast_head":"<!-- This site is optimized with the Yoast SEO plugin v27.4 - https:\/\/yoast.com\/product\/yoast-seo-wordpress\/ -->\n<title>Parma Calcio Academy a New York: per la prima volta i Summer Camp negli USA - Parma Calcio 1913<\/title>\n<meta name=\"robots\" content=\"index, follow, max-snippet:-1, max-image-preview:large, max-video-preview:-1\" \/>\n<link rel=\"canonical\" href=\"https:\/\/www.parmacalcio1913.com\/en\/main-news\/parma-calcio-academy-a-new-york-per-la-prima-volta-i-summer-camp-negli-usa\/\" \/>\n<meta property=\"og:locale\" content=\"en_US\" \/>\n<meta property=\"og:type\" content=\"article\" \/>\n<meta property=\"og:title\" content=\"Parma Calcio Academy a New York: per la prima volta i Summer Camp negli USA - Parma Calcio 1913\" \/>\n<meta property=\"og:description\" content=\"[swp_content page_og_title=&#8221;null&#8221; page_og_description=&#8221;null&#8221; page_og_type=&#8221;null&#8221; page_og_image=&#8221;data:image\/gif;base64,R0lGODlhAQABAAAAACH5BAEKAAEALAAAAAABAAEAAAICTAEAOw==&#8221; page_keywords=&#8221;null&#8221; page_description=&#8221;null&#8221; page_on_app=&#8221;1&#8243; news_cover=&#8221;https:\/\/www.parmacalcio1913.com\/wp-content\/uploads\/_news\/parma-academy-yellow-cover-20230626144210.webp&#8221; ][swp_wrapper id=&#8221;id&#8221; order=&#8221;1&#8243; name=&#8221;blocco 1&#8243; option_wrapper_color=&#8221;1&#8243; option_wrapper_image=&#8221;1&#8243; ][swp_hero_mini id=&#8221;0&#8243; type=&#8221;hero_mini&#8221; order=&#8221;1&#8243; name=&#8221;hero_mini&#8221; option_header_mini=&#8221;1&#8243; option_component_anchor=&#8221;null&#8221; option_component_padding=&#8221;[]&#8221; data_hero_title=&#8221;Parma Calcio Academy a New York: per la prima volta i Summer Camp negli USA&#8221; data_hero_image=&#8221;https:\/\/www.parmacalcio1913.com\/wp-content\/uploads\/_heros\/parma-academy-yellow-cover-20230626144142.webp&#8221; data_hero_image_responsive=&#8221;data:image\/gif;base64,R0lGODlhAQABAAAAACH5BAEKAAEALAAAAAABAAEAAAICTAEAOw==&#8221; data_icon_image_alt=&#8221;null&#8221; ][\/swp_hero_mini][swp_base_p id=&#8221;1&#8243; type=&#8221;base_p&#8221; order=&#8221;2&#8243; name=&#8221;base_p&#8221; option_component_anchor=&#8221;null&#8221; option_component_padding=&#8221;[]&#8221; data_box_title=&#8221;null&#8221; data_box_subtitle=&#8221;null&#8221; data_box_text=&#8221; Parma Calcio vola [&hellip;]\" \/>\n<meta property=\"og:url\" content=\"https:\/\/www.parmacalcio1913.com\/en\/main-news\/parma-calcio-academy-a-new-york-per-la-prima-volta-i-summer-camp-negli-usa\/\" \/>\n<meta property=\"og:site_name\" content=\"Parma Calcio 1913\" \/>\n<meta property=\"article:publisher\" content=\"https:\/\/www.facebook.com\/parmacalcio1913\/yoast\" \/>\n<meta property=\"article:modified_time\" content=\"2023-09-01T07:53:53+00:00\" \/>\n<meta name=\"twitter:card\" content=\"summary_large_image\" \/>\n<meta name=\"twitter:label1\" content=\"Est. reading time\" \/>\n\t<meta name=\"twitter:data1\" content=\"2 minutes\" \/>\n<script type=\"application\/ld+json\" class=\"yoast-schema-graph\">{\"@context\":\"https:\\\/\\\/schema.org\",\"@graph\":[{\"@type\":\"WebPage\",\"@id\":\"https:\\\/\\\/www.parmacalcio1913.com\\\/en\\\/main-news\\\/parma-calcio-academy-a-new-york-per-la-prima-volta-i-summer-camp-negli-usa\\\/\",\"url\":\"https:\\\/\\\/www.parmacalcio1913.com\\\/en\\\/main-news\\\/parma-calcio-academy-a-new-york-per-la-prima-volta-i-summer-camp-negli-usa\\\/\",\"name\":\"Parma Calcio Academy a New York: per la prima volta i Summer Camp negli USA - Parma Calcio 1913\",\"isPartOf\":{\"@id\":\"https:\\\/\\\/www.parmacalcio1913.com\\\/en\\\/#website\"},\"datePublished\":\"2023-06-26T12:43:05+00:00\",\"dateModified\":\"2023-09-01T07:53:53+00:00\",\"breadcrumb\":{\"@id\":\"https:\\\/\\\/www.parmacalcio1913.com\\\/en\\\/main-news\\\/parma-calcio-academy-a-new-york-per-la-prima-volta-i-summer-camp-negli-usa\\\/#breadcrumb\"},\"inLanguage\":\"en-US\",\"potentialAction\":[{\"@type\":\"ReadAction\",\"target\":[\"https:\\\/\\\/www.parmacalcio1913.com\\\/en\\\/main-news\\\/parma-calcio-academy-a-new-york-per-la-prima-volta-i-summer-camp-negli-usa\\\/\"]}]},{\"@type\":\"BreadcrumbList\",\"@id\":\"https:\\\/\\\/www.parmacalcio1913.com\\\/en\\\/main-news\\\/parma-calcio-academy-a-new-york-per-la-prima-volta-i-summer-camp-negli-usa\\\/#breadcrumb\",\"itemListElement\":[{\"@type\":\"ListItem\",\"position\":1,\"name\":\"Home\",\"item\":\"https:\\\/\\\/www.parmacalcio1913.com\\\/en\\\/\"},{\"@type\":\"ListItem\",\"position\":2,\"name\":\"News\",\"item\":\"https:\\\/\\\/www.parmacalcio1913.com\\\/en\\\/main-news\\\/\"},{\"@type\":\"ListItem\",\"position\":3,\"name\":\"Parma Calcio Academy a New York: per la prima volta i Summer Camp negli USA\"}]},{\"@type\":\"WebSite\",\"@id\":\"https:\\\/\\\/www.parmacalcio1913.com\\\/en\\\/#website\",\"url\":\"https:\\\/\\\/www.parmacalcio1913.com\\\/en\\\/\",\"name\":\"Parma Calcio 1913\",\"description\":\"\",\"publisher\":{\"@id\":\"https:\\\/\\\/www.parmacalcio1913.com\\\/en\\\/#organization\"},\"potentialAction\":[{\"@type\":\"SearchAction\",\"target\":{\"@type\":\"EntryPoint\",\"urlTemplate\":\"https:\\\/\\\/www.parmacalcio1913.com\\\/en\\\/?s={search_term_string}\"},\"query-input\":{\"@type\":\"PropertyValueSpecification\",\"valueRequired\":true,\"valueName\":\"search_term_string\"}}],\"inLanguage\":\"en-US\"},{\"@type\":\"Organization\",\"@id\":\"https:\\\/\\\/www.parmacalcio1913.com\\\/en\\\/#organization\",\"name\":\"Parma Calcio 1913\",\"url\":\"https:\\\/\\\/www.parmacalcio1913.com\\\/en\\\/\",\"logo\":{\"@type\":\"ImageObject\",\"inLanguage\":\"en-US\",\"@id\":\"https:\\\/\\\/www.parmacalcio1913.com\\\/en\\\/#\\\/schema\\\/logo\\\/image\\\/\",\"url\":\"https:\\\/\\\/www.parmacalcio1913.com\\\/wp-content\\\/uploads\\\/2023\\\/04\\\/parma_logo.svg\",\"contentUrl\":\"https:\\\/\\\/www.parmacalcio1913.com\\\/wp-content\\\/uploads\\\/2023\\\/04\\\/parma_logo.svg\",\"width\":67.255,\"height\":82.323,\"caption\":\"Parma Calcio 1913\"},\"image\":{\"@id\":\"https:\\\/\\\/www.parmacalcio1913.com\\\/en\\\/#\\\/schema\\\/logo\\\/image\\\/\"},\"sameAs\":[\"https:\\\/\\\/www.facebook.com\\\/parmacalcio1913\\\/yoast\",\"https:\\\/\\\/www.tiktok.com\\\/@parmacalcio1913\\\/yoast\",\"https:\\\/\\\/www.instagram.com\\\/parmacalcio1913\\\/yoast\",\"https:\\\/\\\/it.linkedin.com\\\/company\\\/parma-calcio-1913\\\/yoast\",\"https:\\\/\\\/www.youtube.com\\\/c\\\/ParmaCalcio1913\\\/yoast\",\"https:\\\/\\\/www.threads.net\\\/@parmacalcio1913\\\/yoast\"]}]}<\/script>\n<!-- \/ Yoast SEO plugin. -->","yoast_head_json":{"title":"Parma Calcio Academy a New York: per la prima volta i Summer Camp negli USA - Parma Calcio 1913","robots":{"index":"index","follow":"follow","max-snippet":"max-snippet:-1","max-image-preview":"max-image-preview:large","max-video-preview":"max-video-preview:-1"},"canonical":"https:\/\/www.parmacalcio1913.com\/en\/main-news\/parma-calcio-academy-a-new-york-per-la-prima-volta-i-summer-camp-negli-usa\/","og_locale":"en_US","og_type":"article","og_title":"Parma Calcio Academy a New York: per la prima volta i Summer Camp negli USA - Parma Calcio 1913","og_description":"[swp_content page_og_title=&#8221;null&#8221; page_og_description=&#8221;null&#8221; page_og_type=&#8221;null&#8221; page_og_image=&#8221;data:image\/gif;base64,R0lGODlhAQABAAAAACH5BAEKAAEALAAAAAABAAEAAAICTAEAOw==&#8221; page_keywords=&#8221;null&#8221; page_description=&#8221;null&#8221; page_on_app=&#8221;1&#8243; news_cover=&#8221;https:\/\/www.parmacalcio1913.com\/wp-content\/uploads\/_news\/parma-academy-yellow-cover-20230626144210.webp&#8221; ][swp_wrapper id=&#8221;id&#8221; order=&#8221;1&#8243; name=&#8221;blocco 1&#8243; option_wrapper_color=&#8221;1&#8243; option_wrapper_image=&#8221;1&#8243; ][swp_hero_mini id=&#8221;0&#8243; type=&#8221;hero_mini&#8221; order=&#8221;1&#8243; name=&#8221;hero_mini&#8221; option_header_mini=&#8221;1&#8243; option_component_anchor=&#8221;null&#8221; option_component_padding=&#8221;[]&#8221; data_hero_title=&#8221;Parma Calcio Academy a New York: per la prima volta i Summer Camp negli USA&#8221; data_hero_image=&#8221;https:\/\/www.parmacalcio1913.com\/wp-content\/uploads\/_heros\/parma-academy-yellow-cover-20230626144142.webp&#8221; data_hero_image_responsive=&#8221;data:image\/gif;base64,R0lGODlhAQABAAAAACH5BAEKAAEALAAAAAABAAEAAAICTAEAOw==&#8221; data_icon_image_alt=&#8221;null&#8221; ][\/swp_hero_mini][swp_base_p id=&#8221;1&#8243; type=&#8221;base_p&#8221; order=&#8221;2&#8243; name=&#8221;base_p&#8221; option_component_anchor=&#8221;null&#8221; option_component_padding=&#8221;[]&#8221; data_box_title=&#8221;null&#8221; data_box_subtitle=&#8221;null&#8221; data_box_text=&#8221; Parma Calcio vola [&hellip;]","og_url":"https:\/\/www.parmacalcio1913.com\/en\/main-news\/parma-calcio-academy-a-new-york-per-la-prima-volta-i-summer-camp-negli-usa\/","og_site_name":"Parma Calcio 1913","article_publisher":"https:\/\/www.facebook.com\/parmacalcio1913\/yoast","article_modified_time":"2023-09-01T07:53:53+00:00","twitter_card":"summary_large_image","twitter_misc":{"Est. reading time":"2 minutes"},"schema":{"@context":"https:\/\/schema.org","@graph":[{"@type":"WebPage","@id":"https:\/\/www.parmacalcio1913.com\/en\/main-news\/parma-calcio-academy-a-new-york-per-la-prima-volta-i-summer-camp-negli-usa\/","url":"https:\/\/www.parmacalcio1913.com\/en\/main-news\/parma-calcio-academy-a-new-york-per-la-prima-volta-i-summer-camp-negli-usa\/","name":"Parma Calcio Academy a New York: per la prima volta i Summer Camp negli USA - Parma Calcio 1913","isPartOf":{"@id":"https:\/\/www.parmacalcio1913.com\/en\/#website"},"datePublished":"2023-06-26T12:43:05+00:00","dateModified":"2023-09-01T07:53:53+00:00","breadcrumb":{"@id":"https:\/\/www.parmacalcio1913.com\/en\/main-news\/parma-calcio-academy-a-new-york-per-la-prima-volta-i-summer-camp-negli-usa\/#breadcrumb"},"inLanguage":"en-US","potentialAction":[{"@type":"ReadAction","target":["https:\/\/www.parmacalcio1913.com\/en\/main-news\/parma-calcio-academy-a-new-york-per-la-prima-volta-i-summer-camp-negli-usa\/"]}]},{"@type":"BreadcrumbList","@id":"https:\/\/www.parmacalcio1913.com\/en\/main-news\/parma-calcio-academy-a-new-york-per-la-prima-volta-i-summer-camp-negli-usa\/#breadcrumb","itemListElement":[{"@type":"ListItem","position":1,"name":"Home","item":"https:\/\/www.parmacalcio1913.com\/en\/"},{"@type":"ListItem","position":2,"name":"News","item":"https:\/\/www.parmacalcio1913.com\/en\/main-news\/"},{"@type":"ListItem","position":3,"name":"Parma Calcio Academy a New York: per la prima volta i Summer Camp negli USA"}]},{"@type":"WebSite","@id":"https:\/\/www.parmacalcio1913.com\/en\/#website","url":"https:\/\/www.parmacalcio1913.com\/en\/","name":"Parma Calcio 1913","description":"","publisher":{"@id":"https:\/\/www.parmacalcio1913.com\/en\/#organization"},"potentialAction":[{"@type":"SearchAction","target":{"@type":"EntryPoint","urlTemplate":"https:\/\/www.parmacalcio1913.com\/en\/?s={search_term_string}"},"query-input":{"@type":"PropertyValueSpecification","valueRequired":true,"valueName":"search_term_string"}}],"inLanguage":"en-US"},{"@type":"Organization","@id":"https:\/\/www.parmacalcio1913.com\/en\/#organization","name":"Parma Calcio 1913","url":"https:\/\/www.parmacalcio1913.com\/en\/","logo":{"@type":"ImageObject","inLanguage":"en-US","@id":"https:\/\/www.parmacalcio1913.com\/en\/#\/schema\/logo\/image\/","url":"https:\/\/www.parmacalcio1913.com\/wp-content\/uploads\/2023\/04\/parma_logo.svg","contentUrl":"https:\/\/www.parmacalcio1913.com\/wp-content\/uploads\/2023\/04\/parma_logo.svg","width":67.255,"height":82.323,"caption":"Parma Calcio 1913"},"image":{"@id":"https:\/\/www.parmacalcio1913.com\/en\/#\/schema\/logo\/image\/"},"sameAs":["https:\/\/www.facebook.com\/parmacalcio1913\/yoast","https:\/\/www.tiktok.com\/@parmacalcio1913\/yoast","https:\/\/www.instagram.com\/parmacalcio1913\/yoast","https:\/\/it.linkedin.com\/company\/parma-calcio-1913\/yoast","https:\/\/www.youtube.com\/c\/ParmaCalcio1913\/yoast","https:\/\/www.threads.net\/@parmacalcio1913\/yoast"]}]}},"_links":{"self":[{"href":"https:\/\/www.parmacalcio1913.com\/en\/wp-json\/wp\/v2\/pr_news\/1261","targetHints":{"allow":["GET"]}}],"collection":[{"href":"https:\/\/www.parmacalcio1913.com\/en\/wp-json\/wp\/v2\/pr_news"}],"about":[{"href":"https:\/\/www.parmacalcio1913.com\/en\/wp-json\/wp\/v2\/types\/pr_news"}],"author":[{"embeddable":true,"href":"https:\/\/www.parmacalcio1913.com\/en\/wp-json\/wp\/v2\/users\/11"}],"version-history":[{"count":4,"href":"https:\/\/www.parmacalcio1913.com\/en\/wp-json\/wp\/v2\/pr_news\/1261\/revisions"}],"predecessor-version":[{"id":3745,"href":"https:\/\/www.parmacalcio1913.com\/en\/wp-json\/wp\/v2\/pr_news\/1261\/revisions\/3745"}],"wp:attachment":[{"href":"https:\/\/www.parmacalcio1913.com\/en\/wp-json\/wp\/v2\/media?parent=1261"}],"wp:term":[{"taxonomy":"category","embeddable":true,"href":"https:\/\/www.parmacalcio1913.com\/en\/wp-json\/wp\/v2\/categories?post=1261"},{"taxonomy":"post_tag","embeddable":true,"href":"https:\/\/www.parmacalcio1913.com\/en\/wp-json\/wp\/v2\/tags?post=1261"}],"curies":[{"name":"wp","href":"https:\/\/api.w.org\/{rel}","templated":true}]}}