{"id":1255,"date":"2023-06-26T14:39:53","date_gmt":"2023-06-26T12:39:53","guid":{"rendered":"https:\/\/www.parmacalcio1913.com\/?post_type=pr_news&#038;p=1255"},"modified":"2023-09-11T09:35:02","modified_gmt":"2023-09-11T07:35:02","slug":"il-managing-director-corporate-luca-martines-abbonamenti-e-playoff-ci-piacerebbe-una-partecipazione-ampia","status":"publish","type":"pr_news","link":"https:\/\/www.parmacalcio1913.com\/en\/main-news\/il-managing-director-corporate-luca-martines-abbonamenti-e-playoff-ci-piacerebbe-una-partecipazione-ampia\/","title":{"rendered":"Il Managing Director Corporate Luca Martines: &#8220;Abbonamenti e Playoff, ci piacerebbe una partecipazione ampia&#8221;"},"content":{"rendered":"<p>[swp_content page_og_title=&#8221;null&#8221; page_og_description=&#8221;null&#8221; page_og_type=&#8221;null&#8221; page_og_image=&#8221;data:image\/gif;base64,R0lGODlhAQABAAAAACH5BAEKAAEALAAAAAABAAEAAAICTAEAOw==&#8221; page_keywords=&#8221;null&#8221; page_description=&#8221;null&#8221; page_on_app=&#8221;1&#8243; news_cover=&#8221;https:\/\/www.parmacalcio1913.com\/wp-content\/uploads\/_news\/parma-abbonamenti-2023-martines-cover-20230626143615.webp&#8221; ][swp_wrapper  id=&#8221;id&#8221;  order=&#8221;1&#8243;  name=&#8221;blocco 1&#8243; option_wrapper_color=&#8221;1&#8243; option_wrapper_image=&#8221;1&#8243; ][swp_hero_mini  id=&#8221;0&#8243;  type=&#8221;hero_mini&#8221;  order=&#8221;1&#8243;  name=&#8221;hero_mini&#8221; option_header_mini=&#8221;1&#8243; option_component_anchor=&#8221;null&#8221; option_component_padding=&#8221;[]&#8221; data_hero_title=&#8221;Il Managing Director Corporate Luca Martines: &#8221; data_hero_image=&#8221;https:\/\/www.parmacalcio1913.com\/wp-content\/uploads\/_heros\/parma-abbonamenti-2023-martines-cover-20230626143647.webp&#8221; data_hero_image_responsive=&#8221;data:image\/gif;base64,R0lGODlhAQABAAAAACH5BAEKAAEALAAAAAABAAEAAAICTAEAOw==&#8221; data_icon_image_alt=&#8221;null&#8221; ][\/swp_hero_mini][swp_base_p  id=&#8221;1&#8243;  type=&#8221;base_p&#8221;  order=&#8221;2&#8243;  name=&#8221;base_p&#8221; option_component_anchor=&#8221;null&#8221; option_component_padding=&#8221;[]&#8221; data_box_title=&#8221;null&#8221; data_box_subtitle=&#8221;null&#8221; data_box_text=&#8221;<\/p>\n<p>Le dichiarazioni del Managing Director Corporate, <strong>Luca Martines<\/strong>, rilasciate durante la trasmissione \u201cBar Sport\u201d in onda su 12 TV Parma e condotta dal giornalista Carlo Chiesa.<\/p>\n<p><\/p>\n<p>LA PREVENDITA DELLA CAMPAGNA ABBONAMENTI<\/p>\n<p><\/p>\n<p><em>\u201cAvevamo fatto una promessa ai nostri abbonati, a inizio campagna, e l\u2019abbiamo voluta mantenere dopo un periodo difficile premiando la fedelt\u00e0. Siamo partiti per anticipare la campagna indipendentemente da dove giocheremo e da quale categoria, mantenendo i prezzi dell\u2019anno scorso. Ci aspettiamo sicuramente una partecipazione ampia e devo dire che la campagna \u00e8 cominciata molto bene. Sicuramente raggiungere lo stesso obiettivo nei numeri della precedente sarebbe un grandissimo risultato. E\u2019 stato un anno difficile, sicuramente l\u2019inflazione e l\u2019aumento dei prezzi ha eroso una parte importante del potere di acquisto delle famiglie. <\/em><strong><em>Per questo \u00e8 nata la voglia di mantenere gli stessi prezzi. Ma ci aspettiamo una buona risposta e che questo sia percepito come un valore tangibile del Club verso i tifosi<\/em><\/strong><em>. Piccoli malumori? Aspetti tecnici della configurazione della campagna, la decisione \u00e8 stata presa molto velocemente, condivisa e abbracciata anche dal nostro Presidente, nella realizzazione della campagna una configurazione tecnica che risultava possibile in cos\u00ec poco tempo. Siamo uno dei pochi Club che ha un quantitativo di riduzioni cos\u00ec ampio in tutti i settori dello stadio. <\/em><strong><em>\u00c8 un aspetto gestionale importante, si \u00e8 deciso di convogliare determinate riduzioni in modo tale da rendere pi\u00f9 uniforme la partecipazione e la presenza allo stadio<\/em><\/strong><em>. E\u2019 stata fatta una piccola revisione, comunque. Le partite al Tardini? Si giocheranno tutte al Tardini\u201c<\/em>.<\/p>\n<p><\/p>\n<p>TICKETING PER I PLAYOFF<\/p>\n<p><\/p>\n<p><em>\u201cAnnuncio che anche per i playoff terremo dei prezzi popolari, per garantire l\u2019accesso a tutti i nostri tifosi. Ci saranno due prezzi differenziati, alcuni ridotti avranno dei prezzi molto bassi. <\/em><strong><em>Saranno prezzi popolari, ci aspettiamo una grande partecipazione perch\u00e9 ne abbiamo bisogno<\/em><\/strong><em>. Saranno in vendita allo stadio, internet e nei punti vendita su TicketOne\u201c<\/em>.<\/p>\n<p><\/p>\n<p>DONAZIONE PER L\u2019EMILIA ROMAGNA<\/p>\n<p><\/p>\n<p><em>\u201cEssendo noi in Emilia Romagna, non potevamo esimerci dal dare il nostro sostegno alle popolazioni che sono state colpite da questa tragedia. <\/em><strong><em>Tuttavia, il Club negli ultimi 16 mesi ha organizzato 33 operazioni nell\u2019ambito del CSR, \u00e8 molto importante per le donazioni alle comunit\u00e0 locali<\/em><\/strong><em>. Fa parte del nostro Club e lo vogliamo portare avanti. In questa situazione di drammaticit\u00e0 ci siamo sentiti subito coinvolti e lo abbiamo fatto subito, per chi sta vivendo un periodo difficile\u201c<\/em>.<\/p>\n<p><strong>INVESTIMENTI SUL CALCIO FEMMINILE<\/strong><\/p>\n<p><\/p>\n<p><em>\u201cContinueremo ad investire. Abbiamo giocato un ruolo importante per l\u2019evoluzione e la promozione del calcio femminile in Italia, che ha registrato crescite importanti. Aver militato in Serie A ci avrebbe dato una posizione diversa, nel continuare questo processo che comunque continueremo a guidare perch\u00e9 \u00e8 una linea del Club e del Presidente. Il nostro impegno non cambia, dispiace per la retrocessione in B ma ci riproveremo l\u2019anno prossimo\u201c<\/em>.<\/p>\n<p>&#8221; ][\/swp_base_p][swp_image  id=&#8221;2&#8243;  type=&#8221;image&#8221;  order=&#8221;3&#8243;  name=&#8221;image&#8221; option_component_anchor=&#8221;null&#8221; option_component_padding=&#8221;2&#8243; data_box_image=&#8221;https:\/\/www.parmacalcio1913.com\/wp-content\/uploads\/_heros\/parma-abbonamenti-2023-martines-20230626143929.webp&#8221; data_box_image_alt=&#8221;null&#8221; ][\/swp_image][\/swp_wrapper][\/swp_content]<\/p>\n","protected":false},"excerpt":{"rendered":"<p>[swp_content page_og_title=&#8221;null&#8221; page_og_description=&#8221;null&#8221; page_og_type=&#8221;null&#8221; page_og_image=&#8221;data:image\/gif;base64,R0lGODlhAQABAAAAACH5BAEKAAEALAAAAAABAAEAAAICTAEAOw==&#8221; page_keywords=&#8221;null&#8221; page_description=&#8221;null&#8221; page_on_app=&#8221;1&#8243; news_cover=&#8221;https:\/\/www.parmacalcio1913.com\/wp-content\/uploads\/_news\/parma-abbonamenti-2023-martines-cover-20230626143615.webp&#8221; ][swp_wrapper id=&#8221;id&#8221; order=&#8221;1&#8243; name=&#8221;blocco 1&#8243; option_wrapper_color=&#8221;1&#8243; option_wrapper_image=&#8221;1&#8243; ][swp_hero_mini id=&#8221;0&#8243; type=&#8221;hero_mini&#8221; order=&#8221;1&#8243; name=&#8221;hero_mini&#8221; option_header_mini=&#8221;1&#8243; option_component_anchor=&#8221;null&#8221; option_component_padding=&#8221;[]&#8221; data_hero_title=&#8221;Il Managing Director Corporate Luca Martines: &#8221; data_hero_image=&#8221;https:\/\/www.parmacalcio1913.com\/wp-content\/uploads\/_heros\/parma-abbonamenti-2023-martines-cover-20230626143647.webp&#8221; data_hero_image_responsive=&#8221;data:image\/gif;base64,R0lGODlhAQABAAAAACH5BAEKAAEALAAAAAABAAEAAAICTAEAOw==&#8221; data_icon_image_alt=&#8221;null&#8221; ][\/swp_hero_mini][swp_base_p id=&#8221;1&#8243; type=&#8221;base_p&#8221; order=&#8221;2&#8243; name=&#8221;base_p&#8221; option_component_anchor=&#8221;null&#8221; option_component_padding=&#8221;[]&#8221; data_box_title=&#8221;null&#8221; data_box_subtitle=&#8221;null&#8221; data_box_text=&#8221; Le dichiarazioni del Managing Director Corporate, Luca Martines, rilasciate durante la [&hellip;]<\/p>\n","protected":false},"author":11,"featured_media":0,"menu_order":0,"template":"","format":"standard","meta":{"footnotes":""},"categories":[64],"tags":[38,39,40],"class_list":["post-1255","pr_news","type-pr_news","status-publish","format-standard","hentry","category-club","tag-marketing","tag-prima-squadra","tag-societa"],"yoast_head":"<!-- This site is optimized with the Yoast SEO plugin v27.4 - https:\/\/yoast.com\/product\/yoast-seo-wordpress\/ -->\n<title>Il Managing Director Corporate Luca Martines: &quot;Abbonamenti e Playoff, ci piacerebbe una partecipazione ampia&quot; - Parma Calcio 1913<\/title>\n<meta name=\"robots\" content=\"index, follow, max-snippet:-1, max-image-preview:large, max-video-preview:-1\" \/>\n<link rel=\"canonical\" href=\"https:\/\/www.parmacalcio1913.com\/en\/main-news\/il-managing-director-corporate-luca-martines-abbonamenti-e-playoff-ci-piacerebbe-una-partecipazione-ampia\/\" \/>\n<meta property=\"og:locale\" content=\"en_US\" \/>\n<meta property=\"og:type\" content=\"article\" \/>\n<meta property=\"og:title\" content=\"Il Managing Director Corporate Luca Martines: &quot;Abbonamenti e Playoff, ci piacerebbe una partecipazione ampia&quot; - Parma Calcio 1913\" \/>\n<meta property=\"og:description\" content=\"[swp_content page_og_title=&#8221;null&#8221; page_og_description=&#8221;null&#8221; page_og_type=&#8221;null&#8221; page_og_image=&#8221;data:image\/gif;base64,R0lGODlhAQABAAAAACH5BAEKAAEALAAAAAABAAEAAAICTAEAOw==&#8221; page_keywords=&#8221;null&#8221; page_description=&#8221;null&#8221; page_on_app=&#8221;1&#8243; news_cover=&#8221;https:\/\/www.parmacalcio1913.com\/wp-content\/uploads\/_news\/parma-abbonamenti-2023-martines-cover-20230626143615.webp&#8221; ][swp_wrapper id=&#8221;id&#8221; order=&#8221;1&#8243; name=&#8221;blocco 1&#8243; option_wrapper_color=&#8221;1&#8243; option_wrapper_image=&#8221;1&#8243; ][swp_hero_mini id=&#8221;0&#8243; type=&#8221;hero_mini&#8221; order=&#8221;1&#8243; name=&#8221;hero_mini&#8221; option_header_mini=&#8221;1&#8243; option_component_anchor=&#8221;null&#8221; option_component_padding=&#8221;[]&#8221; data_hero_title=&#8221;Il Managing Director Corporate Luca Martines: &#8221; data_hero_image=&#8221;https:\/\/www.parmacalcio1913.com\/wp-content\/uploads\/_heros\/parma-abbonamenti-2023-martines-cover-20230626143647.webp&#8221; data_hero_image_responsive=&#8221;data:image\/gif;base64,R0lGODlhAQABAAAAACH5BAEKAAEALAAAAAABAAEAAAICTAEAOw==&#8221; data_icon_image_alt=&#8221;null&#8221; ][\/swp_hero_mini][swp_base_p id=&#8221;1&#8243; type=&#8221;base_p&#8221; order=&#8221;2&#8243; name=&#8221;base_p&#8221; option_component_anchor=&#8221;null&#8221; option_component_padding=&#8221;[]&#8221; data_box_title=&#8221;null&#8221; data_box_subtitle=&#8221;null&#8221; data_box_text=&#8221; Le dichiarazioni del Managing Director Corporate, Luca Martines, rilasciate durante la [&hellip;]\" \/>\n<meta property=\"og:url\" content=\"https:\/\/www.parmacalcio1913.com\/en\/main-news\/il-managing-director-corporate-luca-martines-abbonamenti-e-playoff-ci-piacerebbe-una-partecipazione-ampia\/\" \/>\n<meta property=\"og:site_name\" content=\"Parma Calcio 1913\" \/>\n<meta property=\"article:publisher\" content=\"https:\/\/www.facebook.com\/parmacalcio1913\/yoast\" \/>\n<meta property=\"article:modified_time\" content=\"2023-09-11T07:35:02+00:00\" \/>\n<meta name=\"twitter:card\" content=\"summary_large_image\" \/>\n<meta name=\"twitter:label1\" content=\"Est. reading time\" \/>\n\t<meta name=\"twitter:data1\" content=\"3 minutes\" \/>\n<script type=\"application\/ld+json\" class=\"yoast-schema-graph\">{\"@context\":\"https:\\\/\\\/schema.org\",\"@graph\":[{\"@type\":\"WebPage\",\"@id\":\"https:\\\/\\\/www.parmacalcio1913.com\\\/en\\\/main-news\\\/il-managing-director-corporate-luca-martines-abbonamenti-e-playoff-ci-piacerebbe-una-partecipazione-ampia\\\/\",\"url\":\"https:\\\/\\\/www.parmacalcio1913.com\\\/en\\\/main-news\\\/il-managing-director-corporate-luca-martines-abbonamenti-e-playoff-ci-piacerebbe-una-partecipazione-ampia\\\/\",\"name\":\"Il Managing Director Corporate Luca Martines: \\\"Abbonamenti e Playoff, ci piacerebbe una partecipazione ampia\\\" - Parma Calcio 1913\",\"isPartOf\":{\"@id\":\"https:\\\/\\\/www.parmacalcio1913.com\\\/en\\\/#website\"},\"datePublished\":\"2023-06-26T12:39:53+00:00\",\"dateModified\":\"2023-09-11T07:35:02+00:00\",\"breadcrumb\":{\"@id\":\"https:\\\/\\\/www.parmacalcio1913.com\\\/en\\\/main-news\\\/il-managing-director-corporate-luca-martines-abbonamenti-e-playoff-ci-piacerebbe-una-partecipazione-ampia\\\/#breadcrumb\"},\"inLanguage\":\"en-US\",\"potentialAction\":[{\"@type\":\"ReadAction\",\"target\":[\"https:\\\/\\\/www.parmacalcio1913.com\\\/en\\\/main-news\\\/il-managing-director-corporate-luca-martines-abbonamenti-e-playoff-ci-piacerebbe-una-partecipazione-ampia\\\/\"]}]},{\"@type\":\"BreadcrumbList\",\"@id\":\"https:\\\/\\\/www.parmacalcio1913.com\\\/en\\\/main-news\\\/il-managing-director-corporate-luca-martines-abbonamenti-e-playoff-ci-piacerebbe-una-partecipazione-ampia\\\/#breadcrumb\",\"itemListElement\":[{\"@type\":\"ListItem\",\"position\":1,\"name\":\"Home\",\"item\":\"https:\\\/\\\/www.parmacalcio1913.com\\\/en\\\/\"},{\"@type\":\"ListItem\",\"position\":2,\"name\":\"News\",\"item\":\"https:\\\/\\\/www.parmacalcio1913.com\\\/en\\\/main-news\\\/\"},{\"@type\":\"ListItem\",\"position\":3,\"name\":\"Il Managing Director Corporate Luca Martines: &#8220;Abbonamenti e Playoff, ci piacerebbe una partecipazione ampia&#8221;\"}]},{\"@type\":\"WebSite\",\"@id\":\"https:\\\/\\\/www.parmacalcio1913.com\\\/en\\\/#website\",\"url\":\"https:\\\/\\\/www.parmacalcio1913.com\\\/en\\\/\",\"name\":\"Parma Calcio 1913\",\"description\":\"\",\"publisher\":{\"@id\":\"https:\\\/\\\/www.parmacalcio1913.com\\\/en\\\/#organization\"},\"potentialAction\":[{\"@type\":\"SearchAction\",\"target\":{\"@type\":\"EntryPoint\",\"urlTemplate\":\"https:\\\/\\\/www.parmacalcio1913.com\\\/en\\\/?s={search_term_string}\"},\"query-input\":{\"@type\":\"PropertyValueSpecification\",\"valueRequired\":true,\"valueName\":\"search_term_string\"}}],\"inLanguage\":\"en-US\"},{\"@type\":\"Organization\",\"@id\":\"https:\\\/\\\/www.parmacalcio1913.com\\\/en\\\/#organization\",\"name\":\"Parma Calcio 1913\",\"url\":\"https:\\\/\\\/www.parmacalcio1913.com\\\/en\\\/\",\"logo\":{\"@type\":\"ImageObject\",\"inLanguage\":\"en-US\",\"@id\":\"https:\\\/\\\/www.parmacalcio1913.com\\\/en\\\/#\\\/schema\\\/logo\\\/image\\\/\",\"url\":\"https:\\\/\\\/www.parmacalcio1913.com\\\/wp-content\\\/uploads\\\/2023\\\/04\\\/parma_logo.svg\",\"contentUrl\":\"https:\\\/\\\/www.parmacalcio1913.com\\\/wp-content\\\/uploads\\\/2023\\\/04\\\/parma_logo.svg\",\"width\":67.255,\"height\":82.323,\"caption\":\"Parma Calcio 1913\"},\"image\":{\"@id\":\"https:\\\/\\\/www.parmacalcio1913.com\\\/en\\\/#\\\/schema\\\/logo\\\/image\\\/\"},\"sameAs\":[\"https:\\\/\\\/www.facebook.com\\\/parmacalcio1913\\\/yoast\",\"https:\\\/\\\/www.tiktok.com\\\/@parmacalcio1913\\\/yoast\",\"https:\\\/\\\/www.instagram.com\\\/parmacalcio1913\\\/yoast\",\"https:\\\/\\\/it.linkedin.com\\\/company\\\/parma-calcio-1913\\\/yoast\",\"https:\\\/\\\/www.youtube.com\\\/c\\\/ParmaCalcio1913\\\/yoast\",\"https:\\\/\\\/www.threads.net\\\/@parmacalcio1913\\\/yoast\"]}]}<\/script>\n<!-- \/ Yoast SEO plugin. -->","yoast_head_json":{"title":"Il Managing Director Corporate Luca Martines: \"Abbonamenti e Playoff, ci piacerebbe una partecipazione ampia\" - Parma Calcio 1913","robots":{"index":"index","follow":"follow","max-snippet":"max-snippet:-1","max-image-preview":"max-image-preview:large","max-video-preview":"max-video-preview:-1"},"canonical":"https:\/\/www.parmacalcio1913.com\/en\/main-news\/il-managing-director-corporate-luca-martines-abbonamenti-e-playoff-ci-piacerebbe-una-partecipazione-ampia\/","og_locale":"en_US","og_type":"article","og_title":"Il Managing Director Corporate Luca Martines: \"Abbonamenti e Playoff, ci piacerebbe una partecipazione ampia\" - Parma Calcio 1913","og_description":"[swp_content page_og_title=&#8221;null&#8221; page_og_description=&#8221;null&#8221; page_og_type=&#8221;null&#8221; page_og_image=&#8221;data:image\/gif;base64,R0lGODlhAQABAAAAACH5BAEKAAEALAAAAAABAAEAAAICTAEAOw==&#8221; page_keywords=&#8221;null&#8221; page_description=&#8221;null&#8221; page_on_app=&#8221;1&#8243; news_cover=&#8221;https:\/\/www.parmacalcio1913.com\/wp-content\/uploads\/_news\/parma-abbonamenti-2023-martines-cover-20230626143615.webp&#8221; ][swp_wrapper id=&#8221;id&#8221; order=&#8221;1&#8243; name=&#8221;blocco 1&#8243; option_wrapper_color=&#8221;1&#8243; option_wrapper_image=&#8221;1&#8243; ][swp_hero_mini id=&#8221;0&#8243; type=&#8221;hero_mini&#8221; order=&#8221;1&#8243; name=&#8221;hero_mini&#8221; option_header_mini=&#8221;1&#8243; option_component_anchor=&#8221;null&#8221; option_component_padding=&#8221;[]&#8221; data_hero_title=&#8221;Il Managing Director Corporate Luca Martines: &#8221; data_hero_image=&#8221;https:\/\/www.parmacalcio1913.com\/wp-content\/uploads\/_heros\/parma-abbonamenti-2023-martines-cover-20230626143647.webp&#8221; data_hero_image_responsive=&#8221;data:image\/gif;base64,R0lGODlhAQABAAAAACH5BAEKAAEALAAAAAABAAEAAAICTAEAOw==&#8221; data_icon_image_alt=&#8221;null&#8221; ][\/swp_hero_mini][swp_base_p id=&#8221;1&#8243; type=&#8221;base_p&#8221; order=&#8221;2&#8243; name=&#8221;base_p&#8221; option_component_anchor=&#8221;null&#8221; option_component_padding=&#8221;[]&#8221; data_box_title=&#8221;null&#8221; data_box_subtitle=&#8221;null&#8221; data_box_text=&#8221; Le dichiarazioni del Managing Director Corporate, Luca Martines, rilasciate durante la [&hellip;]","og_url":"https:\/\/www.parmacalcio1913.com\/en\/main-news\/il-managing-director-corporate-luca-martines-abbonamenti-e-playoff-ci-piacerebbe-una-partecipazione-ampia\/","og_site_name":"Parma Calcio 1913","article_publisher":"https:\/\/www.facebook.com\/parmacalcio1913\/yoast","article_modified_time":"2023-09-11T07:35:02+00:00","twitter_card":"summary_large_image","twitter_misc":{"Est. reading time":"3 minutes"},"schema":{"@context":"https:\/\/schema.org","@graph":[{"@type":"WebPage","@id":"https:\/\/www.parmacalcio1913.com\/en\/main-news\/il-managing-director-corporate-luca-martines-abbonamenti-e-playoff-ci-piacerebbe-una-partecipazione-ampia\/","url":"https:\/\/www.parmacalcio1913.com\/en\/main-news\/il-managing-director-corporate-luca-martines-abbonamenti-e-playoff-ci-piacerebbe-una-partecipazione-ampia\/","name":"Il Managing Director Corporate Luca Martines: \"Abbonamenti e Playoff, ci piacerebbe una partecipazione ampia\" - Parma Calcio 1913","isPartOf":{"@id":"https:\/\/www.parmacalcio1913.com\/en\/#website"},"datePublished":"2023-06-26T12:39:53+00:00","dateModified":"2023-09-11T07:35:02+00:00","breadcrumb":{"@id":"https:\/\/www.parmacalcio1913.com\/en\/main-news\/il-managing-director-corporate-luca-martines-abbonamenti-e-playoff-ci-piacerebbe-una-partecipazione-ampia\/#breadcrumb"},"inLanguage":"en-US","potentialAction":[{"@type":"ReadAction","target":["https:\/\/www.parmacalcio1913.com\/en\/main-news\/il-managing-director-corporate-luca-martines-abbonamenti-e-playoff-ci-piacerebbe-una-partecipazione-ampia\/"]}]},{"@type":"BreadcrumbList","@id":"https:\/\/www.parmacalcio1913.com\/en\/main-news\/il-managing-director-corporate-luca-martines-abbonamenti-e-playoff-ci-piacerebbe-una-partecipazione-ampia\/#breadcrumb","itemListElement":[{"@type":"ListItem","position":1,"name":"Home","item":"https:\/\/www.parmacalcio1913.com\/en\/"},{"@type":"ListItem","position":2,"name":"News","item":"https:\/\/www.parmacalcio1913.com\/en\/main-news\/"},{"@type":"ListItem","position":3,"name":"Il Managing Director Corporate Luca Martines: &#8220;Abbonamenti e Playoff, ci piacerebbe una partecipazione ampia&#8221;"}]},{"@type":"WebSite","@id":"https:\/\/www.parmacalcio1913.com\/en\/#website","url":"https:\/\/www.parmacalcio1913.com\/en\/","name":"Parma Calcio 1913","description":"","publisher":{"@id":"https:\/\/www.parmacalcio1913.com\/en\/#organization"},"potentialAction":[{"@type":"SearchAction","target":{"@type":"EntryPoint","urlTemplate":"https:\/\/www.parmacalcio1913.com\/en\/?s={search_term_string}"},"query-input":{"@type":"PropertyValueSpecification","valueRequired":true,"valueName":"search_term_string"}}],"inLanguage":"en-US"},{"@type":"Organization","@id":"https:\/\/www.parmacalcio1913.com\/en\/#organization","name":"Parma Calcio 1913","url":"https:\/\/www.parmacalcio1913.com\/en\/","logo":{"@type":"ImageObject","inLanguage":"en-US","@id":"https:\/\/www.parmacalcio1913.com\/en\/#\/schema\/logo\/image\/","url":"https:\/\/www.parmacalcio1913.com\/wp-content\/uploads\/2023\/04\/parma_logo.svg","contentUrl":"https:\/\/www.parmacalcio1913.com\/wp-content\/uploads\/2023\/04\/parma_logo.svg","width":67.255,"height":82.323,"caption":"Parma Calcio 1913"},"image":{"@id":"https:\/\/www.parmacalcio1913.com\/en\/#\/schema\/logo\/image\/"},"sameAs":["https:\/\/www.facebook.com\/parmacalcio1913\/yoast","https:\/\/www.tiktok.com\/@parmacalcio1913\/yoast","https:\/\/www.instagram.com\/parmacalcio1913\/yoast","https:\/\/it.linkedin.com\/company\/parma-calcio-1913\/yoast","https:\/\/www.youtube.com\/c\/ParmaCalcio1913\/yoast","https:\/\/www.threads.net\/@parmacalcio1913\/yoast"]}]}},"_links":{"self":[{"href":"https:\/\/www.parmacalcio1913.com\/en\/wp-json\/wp\/v2\/pr_news\/1255","targetHints":{"allow":["GET"]}}],"collection":[{"href":"https:\/\/www.parmacalcio1913.com\/en\/wp-json\/wp\/v2\/pr_news"}],"about":[{"href":"https:\/\/www.parmacalcio1913.com\/en\/wp-json\/wp\/v2\/types\/pr_news"}],"author":[{"embeddable":true,"href":"https:\/\/www.parmacalcio1913.com\/en\/wp-json\/wp\/v2\/users\/11"}],"version-history":[{"count":4,"href":"https:\/\/www.parmacalcio1913.com\/en\/wp-json\/wp\/v2\/pr_news\/1255\/revisions"}],"predecessor-version":[{"id":6392,"href":"https:\/\/www.parmacalcio1913.com\/en\/wp-json\/wp\/v2\/pr_news\/1255\/revisions\/6392"}],"wp:attachment":[{"href":"https:\/\/www.parmacalcio1913.com\/en\/wp-json\/wp\/v2\/media?parent=1255"}],"wp:term":[{"taxonomy":"category","embeddable":true,"href":"https:\/\/www.parmacalcio1913.com\/en\/wp-json\/wp\/v2\/categories?post=1255"},{"taxonomy":"post_tag","embeddable":true,"href":"https:\/\/www.parmacalcio1913.com\/en\/wp-json\/wp\/v2\/tags?post=1255"}],"curies":[{"name":"wp","href":"https:\/\/api.w.org\/{rel}","templated":true}]}}