{"id":1219,"date":"2023-06-26T12:36:33","date_gmt":"2023-06-26T10:36:33","guid":{"rendered":"https:\/\/www.parmacalcio1913.com\/?post_type=pr_news&#038;p=1219"},"modified":"2023-09-11T09:37:28","modified_gmt":"2023-09-11T07:37:28","slug":"gianluigi-buffon-gratificato-da-puma-nostro-percorso-di-crescita","status":"publish","type":"pr_news","link":"https:\/\/www.parmacalcio1913.com\/en\/main-news\/gianluigi-buffon-gratificato-da-puma-nostro-percorso-di-crescita\/","title":{"rendered":"Gianluigi Buffon: &#8220;Gratificato da Puma, nostro percorso di crescita&#8221;"},"content":{"rendered":"<p>[swp_content page_og_title=&#8221;null&#8221; page_og_description=&#8221;null&#8221; page_og_type=&#8221;null&#8221; page_og_image=&#8221;data:image\/gif;base64,R0lGODlhAQABAAAAACH5BAEKAAEALAAAAAABAAEAAAICTAEAOw==&#8221; page_keywords=&#8221;null&#8221; page_description=&#8221;null&#8221; page_on_app=&#8221;1&#8243; news_cover=&#8221;https:\/\/www.parmacalcio1913.com\/wp-content\/uploads\/_news\/parma-buffon-cover-20230626123419.webp&#8221; ][swp_wrapper  id=&#8221;id&#8221;  order=&#8221;1&#8243;  name=&#8221;blocco 1&#8243; option_wrapper_color=&#8221;1&#8243; option_wrapper_image=&#8221;1&#8243; ][swp_hero_mini  id=&#8221;0&#8243;  type=&#8221;hero_mini&#8221;  order=&#8221;1&#8243;  name=&#8221;hero_mini&#8221; option_header_mini=&#8221;1&#8243; option_component_anchor=&#8221;null&#8221; option_component_padding=&#8221;[]&#8221; data_hero_title=&#8221;Gianluigi Buffon: &#8221; data_hero_image=&#8221;https:\/\/www.parmacalcio1913.com\/wp-content\/uploads\/_heros\/parma-buffon-cover-20230626123355.webp&#8221; data_hero_image_responsive=&#8221;data:image\/gif;base64,R0lGODlhAQABAAAAACH5BAEKAAEALAAAAAABAAEAAAICTAEAOw==&#8221; data_icon_image_alt=&#8221;null&#8221; ][\/swp_hero_mini][swp_base_p  id=&#8221;1&#8243;  type=&#8221;base_p&#8221;  order=&#8221;2&#8243;  name=&#8221;base_p&#8221; option_component_anchor=&#8221;null&#8221; option_component_padding=&#8221;[]&#8221; data_box_title=&#8221;null&#8221; data_box_subtitle=&#8221;null&#8221; data_box_text=&#8221;<\/p>\n<p>Alla presentazione della partnership fra <strong>Parma Calcio e PUMA<\/strong> al Castello di Felino, il capitano crociato <strong>Gianluigi Buffon<\/strong> ha rilasciato le dichiarazioni ai media presenti.<\/p>\n<p>&#8221; ][\/swp_base_p][swp_image  id=&#8221;2&#8243;  type=&#8221;image&#8221;  order=&#8221;3&#8243;  name=&#8221;image&#8221; option_component_anchor=&#8221;null&#8221; option_component_padding=&#8221;[]&#8221; data_box_image=&#8221;https:\/\/www.parmacalcio1913.com\/wp-content\/uploads\/_heros\/parma-puma-buffon-20230626123510.webp&#8221; data_box_image_alt=&#8221;null&#8221; ][\/swp_image][swp_base_p  id=&#8221;3&#8243;  type=&#8221;base_p&#8221;  order=&#8221;4&#8243;  name=&#8221;base_p&#8221; option_component_anchor=&#8221;null&#8221; option_component_padding=&#8221;[]&#8221; data_box_title=&#8221;null&#8221; data_box_subtitle=&#8221;null&#8221; data_box_text=&#8221;<\/p>\n<p><em>\u201cSiamo qua per un bellissimo evento che mi fa molto piacere, perch\u00e9 \u00e8 un ritorno al passato, al mio inizio nel calcio che conta. <\/em><strong><em>E che PUMA il prossimo anno sar\u00e0 lo sponsor del Parma mi gratifica molto e mi rende orgoglioso<\/em><\/strong><em>. Nella vita c\u2019\u00e8 sempre da imparare, non mi permetto di dar consigli. L\u2019esperienza dei playoff non l\u2019ho mai vissuta, quindi il fatto che a 45 anni la debba affrontare da neofita \u00e8 un qualcosa che mi fa sorridere e mi piace molto. <\/em><strong><em>Ci arriviamo bene, perch\u00e9 negli ultimi 2 mesi il nostro percorso \u00e8 convincente e di crescita. Per\u00f2 \u00e8 chiaro che le altre squadre con cui ci contenderemo l\u2019ultima piazza per andare in A sono squadre attrezzate almeno quanto noi per poterci sperare<\/em><\/strong><em>. E come tutte le competizioni dove c\u2019\u00e8 grande equilibrio, il dettaglio far\u00e0 la differenza\u201d.<\/em><\/p>\n<p>&#8221; ][\/swp_base_p][swp_image  id=&#8221;4&#8243;  type=&#8221;image&#8221;  order=&#8221;5&#8243;  name=&#8221;image&#8221; option_component_anchor=&#8221;null&#8221; option_component_padding=&#8221;2&#8243; data_box_image=&#8221;https:\/\/www.parmacalcio1913.com\/wp-content\/uploads\/_heros\/parma-puma-buffon-intervista-20230626123607.webp&#8221; data_box_image_alt=&#8221;null&#8221; ][\/swp_image][\/swp_wrapper][\/swp_content]<\/p>\n","protected":false},"excerpt":{"rendered":"<p>[swp_content page_og_title=&#8221;null&#8221; page_og_description=&#8221;null&#8221; page_og_type=&#8221;null&#8221; page_og_image=&#8221;data:image\/gif;base64,R0lGODlhAQABAAAAACH5BAEKAAEALAAAAAABAAEAAAICTAEAOw==&#8221; page_keywords=&#8221;null&#8221; page_description=&#8221;null&#8221; page_on_app=&#8221;1&#8243; news_cover=&#8221;https:\/\/www.parmacalcio1913.com\/wp-content\/uploads\/_news\/parma-buffon-cover-20230626123419.webp&#8221; ][swp_wrapper id=&#8221;id&#8221; order=&#8221;1&#8243; name=&#8221;blocco 1&#8243; option_wrapper_color=&#8221;1&#8243; option_wrapper_image=&#8221;1&#8243; ][swp_hero_mini id=&#8221;0&#8243; type=&#8221;hero_mini&#8221; order=&#8221;1&#8243; name=&#8221;hero_mini&#8221; option_header_mini=&#8221;1&#8243; option_component_anchor=&#8221;null&#8221; option_component_padding=&#8221;[]&#8221; data_hero_title=&#8221;Gianluigi Buffon: &#8221; data_hero_image=&#8221;https:\/\/www.parmacalcio1913.com\/wp-content\/uploads\/_heros\/parma-buffon-cover-20230626123355.webp&#8221; data_hero_image_responsive=&#8221;data:image\/gif;base64,R0lGODlhAQABAAAAACH5BAEKAAEALAAAAAABAAEAAAICTAEAOw==&#8221; data_icon_image_alt=&#8221;null&#8221; ][\/swp_hero_mini][swp_base_p id=&#8221;1&#8243; type=&#8221;base_p&#8221; order=&#8221;2&#8243; name=&#8221;base_p&#8221; option_component_anchor=&#8221;null&#8221; option_component_padding=&#8221;[]&#8221; data_box_title=&#8221;null&#8221; data_box_subtitle=&#8221;null&#8221; data_box_text=&#8221; Alla presentazione della partnership fra Parma Calcio e PUMA al Castello di Felino, il capitano [&hellip;]<\/p>\n","protected":false},"author":11,"featured_media":0,"menu_order":0,"template":"","format":"standard","meta":{"footnotes":""},"categories":[64],"tags":[33,41,38,40],"class_list":["post-1219","pr_news","type-pr_news","status-publish","format-standard","hentry","category-club","tag-buffon","tag-legends","tag-marketing","tag-societa"],"yoast_head":"<!-- This site is optimized with the Yoast SEO plugin v27.4 - https:\/\/yoast.com\/product\/yoast-seo-wordpress\/ -->\n<title>Gianluigi Buffon: &quot;Gratificato da Puma, nostro percorso di crescita&quot; - Parma Calcio 1913<\/title>\n<meta name=\"robots\" content=\"index, follow, max-snippet:-1, max-image-preview:large, max-video-preview:-1\" \/>\n<link rel=\"canonical\" href=\"https:\/\/www.parmacalcio1913.com\/en\/main-news\/gianluigi-buffon-gratificato-da-puma-nostro-percorso-di-crescita\/\" \/>\n<meta property=\"og:locale\" content=\"en_US\" \/>\n<meta property=\"og:type\" content=\"article\" \/>\n<meta property=\"og:title\" content=\"Gianluigi Buffon: &quot;Gratificato da Puma, nostro percorso di crescita&quot; - Parma Calcio 1913\" \/>\n<meta property=\"og:description\" content=\"[swp_content page_og_title=&#8221;null&#8221; page_og_description=&#8221;null&#8221; page_og_type=&#8221;null&#8221; page_og_image=&#8221;data:image\/gif;base64,R0lGODlhAQABAAAAACH5BAEKAAEALAAAAAABAAEAAAICTAEAOw==&#8221; page_keywords=&#8221;null&#8221; page_description=&#8221;null&#8221; page_on_app=&#8221;1&#8243; news_cover=&#8221;https:\/\/www.parmacalcio1913.com\/wp-content\/uploads\/_news\/parma-buffon-cover-20230626123419.webp&#8221; ][swp_wrapper id=&#8221;id&#8221; order=&#8221;1&#8243; name=&#8221;blocco 1&#8243; option_wrapper_color=&#8221;1&#8243; option_wrapper_image=&#8221;1&#8243; ][swp_hero_mini id=&#8221;0&#8243; type=&#8221;hero_mini&#8221; order=&#8221;1&#8243; name=&#8221;hero_mini&#8221; option_header_mini=&#8221;1&#8243; option_component_anchor=&#8221;null&#8221; option_component_padding=&#8221;[]&#8221; data_hero_title=&#8221;Gianluigi Buffon: &#8221; data_hero_image=&#8221;https:\/\/www.parmacalcio1913.com\/wp-content\/uploads\/_heros\/parma-buffon-cover-20230626123355.webp&#8221; data_hero_image_responsive=&#8221;data:image\/gif;base64,R0lGODlhAQABAAAAACH5BAEKAAEALAAAAAABAAEAAAICTAEAOw==&#8221; data_icon_image_alt=&#8221;null&#8221; ][\/swp_hero_mini][swp_base_p id=&#8221;1&#8243; type=&#8221;base_p&#8221; order=&#8221;2&#8243; name=&#8221;base_p&#8221; option_component_anchor=&#8221;null&#8221; option_component_padding=&#8221;[]&#8221; data_box_title=&#8221;null&#8221; data_box_subtitle=&#8221;null&#8221; data_box_text=&#8221; Alla presentazione della partnership fra Parma Calcio e PUMA al Castello di Felino, il capitano [&hellip;]\" \/>\n<meta property=\"og:url\" content=\"https:\/\/www.parmacalcio1913.com\/en\/main-news\/gianluigi-buffon-gratificato-da-puma-nostro-percorso-di-crescita\/\" \/>\n<meta property=\"og:site_name\" content=\"Parma Calcio 1913\" \/>\n<meta property=\"article:publisher\" content=\"https:\/\/www.facebook.com\/parmacalcio1913\/yoast\" \/>\n<meta property=\"article:modified_time\" content=\"2023-09-11T07:37:28+00:00\" \/>\n<meta name=\"twitter:card\" content=\"summary_large_image\" \/>\n<meta name=\"twitter:label1\" content=\"Est. reading time\" \/>\n\t<meta name=\"twitter:data1\" content=\"2 minutes\" \/>\n<script type=\"application\/ld+json\" class=\"yoast-schema-graph\">{\"@context\":\"https:\\\/\\\/schema.org\",\"@graph\":[{\"@type\":\"WebPage\",\"@id\":\"https:\\\/\\\/www.parmacalcio1913.com\\\/en\\\/main-news\\\/gianluigi-buffon-gratificato-da-puma-nostro-percorso-di-crescita\\\/\",\"url\":\"https:\\\/\\\/www.parmacalcio1913.com\\\/en\\\/main-news\\\/gianluigi-buffon-gratificato-da-puma-nostro-percorso-di-crescita\\\/\",\"name\":\"Gianluigi Buffon: \\\"Gratificato da Puma, nostro percorso di crescita\\\" - Parma Calcio 1913\",\"isPartOf\":{\"@id\":\"https:\\\/\\\/www.parmacalcio1913.com\\\/en\\\/#website\"},\"datePublished\":\"2023-06-26T10:36:33+00:00\",\"dateModified\":\"2023-09-11T07:37:28+00:00\",\"breadcrumb\":{\"@id\":\"https:\\\/\\\/www.parmacalcio1913.com\\\/en\\\/main-news\\\/gianluigi-buffon-gratificato-da-puma-nostro-percorso-di-crescita\\\/#breadcrumb\"},\"inLanguage\":\"en-US\",\"potentialAction\":[{\"@type\":\"ReadAction\",\"target\":[\"https:\\\/\\\/www.parmacalcio1913.com\\\/en\\\/main-news\\\/gianluigi-buffon-gratificato-da-puma-nostro-percorso-di-crescita\\\/\"]}]},{\"@type\":\"BreadcrumbList\",\"@id\":\"https:\\\/\\\/www.parmacalcio1913.com\\\/en\\\/main-news\\\/gianluigi-buffon-gratificato-da-puma-nostro-percorso-di-crescita\\\/#breadcrumb\",\"itemListElement\":[{\"@type\":\"ListItem\",\"position\":1,\"name\":\"Home\",\"item\":\"https:\\\/\\\/www.parmacalcio1913.com\\\/en\\\/\"},{\"@type\":\"ListItem\",\"position\":2,\"name\":\"News\",\"item\":\"https:\\\/\\\/www.parmacalcio1913.com\\\/en\\\/main-news\\\/\"},{\"@type\":\"ListItem\",\"position\":3,\"name\":\"Gianluigi Buffon: &#8220;Gratificato da Puma, nostro percorso di crescita&#8221;\"}]},{\"@type\":\"WebSite\",\"@id\":\"https:\\\/\\\/www.parmacalcio1913.com\\\/en\\\/#website\",\"url\":\"https:\\\/\\\/www.parmacalcio1913.com\\\/en\\\/\",\"name\":\"Parma Calcio 1913\",\"description\":\"\",\"publisher\":{\"@id\":\"https:\\\/\\\/www.parmacalcio1913.com\\\/en\\\/#organization\"},\"potentialAction\":[{\"@type\":\"SearchAction\",\"target\":{\"@type\":\"EntryPoint\",\"urlTemplate\":\"https:\\\/\\\/www.parmacalcio1913.com\\\/en\\\/?s={search_term_string}\"},\"query-input\":{\"@type\":\"PropertyValueSpecification\",\"valueRequired\":true,\"valueName\":\"search_term_string\"}}],\"inLanguage\":\"en-US\"},{\"@type\":\"Organization\",\"@id\":\"https:\\\/\\\/www.parmacalcio1913.com\\\/en\\\/#organization\",\"name\":\"Parma Calcio 1913\",\"url\":\"https:\\\/\\\/www.parmacalcio1913.com\\\/en\\\/\",\"logo\":{\"@type\":\"ImageObject\",\"inLanguage\":\"en-US\",\"@id\":\"https:\\\/\\\/www.parmacalcio1913.com\\\/en\\\/#\\\/schema\\\/logo\\\/image\\\/\",\"url\":\"https:\\\/\\\/www.parmacalcio1913.com\\\/wp-content\\\/uploads\\\/2023\\\/04\\\/parma_logo.svg\",\"contentUrl\":\"https:\\\/\\\/www.parmacalcio1913.com\\\/wp-content\\\/uploads\\\/2023\\\/04\\\/parma_logo.svg\",\"width\":67.255,\"height\":82.323,\"caption\":\"Parma Calcio 1913\"},\"image\":{\"@id\":\"https:\\\/\\\/www.parmacalcio1913.com\\\/en\\\/#\\\/schema\\\/logo\\\/image\\\/\"},\"sameAs\":[\"https:\\\/\\\/www.facebook.com\\\/parmacalcio1913\\\/yoast\",\"https:\\\/\\\/www.tiktok.com\\\/@parmacalcio1913\\\/yoast\",\"https:\\\/\\\/www.instagram.com\\\/parmacalcio1913\\\/yoast\",\"https:\\\/\\\/it.linkedin.com\\\/company\\\/parma-calcio-1913\\\/yoast\",\"https:\\\/\\\/www.youtube.com\\\/c\\\/ParmaCalcio1913\\\/yoast\",\"https:\\\/\\\/www.threads.net\\\/@parmacalcio1913\\\/yoast\"]}]}<\/script>\n<!-- \/ Yoast SEO plugin. -->","yoast_head_json":{"title":"Gianluigi Buffon: \"Gratificato da Puma, nostro percorso di crescita\" - Parma Calcio 1913","robots":{"index":"index","follow":"follow","max-snippet":"max-snippet:-1","max-image-preview":"max-image-preview:large","max-video-preview":"max-video-preview:-1"},"canonical":"https:\/\/www.parmacalcio1913.com\/en\/main-news\/gianluigi-buffon-gratificato-da-puma-nostro-percorso-di-crescita\/","og_locale":"en_US","og_type":"article","og_title":"Gianluigi Buffon: \"Gratificato da Puma, nostro percorso di crescita\" - Parma Calcio 1913","og_description":"[swp_content page_og_title=&#8221;null&#8221; page_og_description=&#8221;null&#8221; page_og_type=&#8221;null&#8221; page_og_image=&#8221;data:image\/gif;base64,R0lGODlhAQABAAAAACH5BAEKAAEALAAAAAABAAEAAAICTAEAOw==&#8221; page_keywords=&#8221;null&#8221; page_description=&#8221;null&#8221; page_on_app=&#8221;1&#8243; news_cover=&#8221;https:\/\/www.parmacalcio1913.com\/wp-content\/uploads\/_news\/parma-buffon-cover-20230626123419.webp&#8221; ][swp_wrapper id=&#8221;id&#8221; order=&#8221;1&#8243; name=&#8221;blocco 1&#8243; option_wrapper_color=&#8221;1&#8243; option_wrapper_image=&#8221;1&#8243; ][swp_hero_mini id=&#8221;0&#8243; type=&#8221;hero_mini&#8221; order=&#8221;1&#8243; name=&#8221;hero_mini&#8221; option_header_mini=&#8221;1&#8243; option_component_anchor=&#8221;null&#8221; option_component_padding=&#8221;[]&#8221; data_hero_title=&#8221;Gianluigi Buffon: &#8221; data_hero_image=&#8221;https:\/\/www.parmacalcio1913.com\/wp-content\/uploads\/_heros\/parma-buffon-cover-20230626123355.webp&#8221; data_hero_image_responsive=&#8221;data:image\/gif;base64,R0lGODlhAQABAAAAACH5BAEKAAEALAAAAAABAAEAAAICTAEAOw==&#8221; data_icon_image_alt=&#8221;null&#8221; ][\/swp_hero_mini][swp_base_p id=&#8221;1&#8243; type=&#8221;base_p&#8221; order=&#8221;2&#8243; name=&#8221;base_p&#8221; option_component_anchor=&#8221;null&#8221; option_component_padding=&#8221;[]&#8221; data_box_title=&#8221;null&#8221; data_box_subtitle=&#8221;null&#8221; data_box_text=&#8221; Alla presentazione della partnership fra Parma Calcio e PUMA al Castello di Felino, il capitano [&hellip;]","og_url":"https:\/\/www.parmacalcio1913.com\/en\/main-news\/gianluigi-buffon-gratificato-da-puma-nostro-percorso-di-crescita\/","og_site_name":"Parma Calcio 1913","article_publisher":"https:\/\/www.facebook.com\/parmacalcio1913\/yoast","article_modified_time":"2023-09-11T07:37:28+00:00","twitter_card":"summary_large_image","twitter_misc":{"Est. reading time":"2 minutes"},"schema":{"@context":"https:\/\/schema.org","@graph":[{"@type":"WebPage","@id":"https:\/\/www.parmacalcio1913.com\/en\/main-news\/gianluigi-buffon-gratificato-da-puma-nostro-percorso-di-crescita\/","url":"https:\/\/www.parmacalcio1913.com\/en\/main-news\/gianluigi-buffon-gratificato-da-puma-nostro-percorso-di-crescita\/","name":"Gianluigi Buffon: \"Gratificato da Puma, nostro percorso di crescita\" - Parma Calcio 1913","isPartOf":{"@id":"https:\/\/www.parmacalcio1913.com\/en\/#website"},"datePublished":"2023-06-26T10:36:33+00:00","dateModified":"2023-09-11T07:37:28+00:00","breadcrumb":{"@id":"https:\/\/www.parmacalcio1913.com\/en\/main-news\/gianluigi-buffon-gratificato-da-puma-nostro-percorso-di-crescita\/#breadcrumb"},"inLanguage":"en-US","potentialAction":[{"@type":"ReadAction","target":["https:\/\/www.parmacalcio1913.com\/en\/main-news\/gianluigi-buffon-gratificato-da-puma-nostro-percorso-di-crescita\/"]}]},{"@type":"BreadcrumbList","@id":"https:\/\/www.parmacalcio1913.com\/en\/main-news\/gianluigi-buffon-gratificato-da-puma-nostro-percorso-di-crescita\/#breadcrumb","itemListElement":[{"@type":"ListItem","position":1,"name":"Home","item":"https:\/\/www.parmacalcio1913.com\/en\/"},{"@type":"ListItem","position":2,"name":"News","item":"https:\/\/www.parmacalcio1913.com\/en\/main-news\/"},{"@type":"ListItem","position":3,"name":"Gianluigi Buffon: &#8220;Gratificato da Puma, nostro percorso di crescita&#8221;"}]},{"@type":"WebSite","@id":"https:\/\/www.parmacalcio1913.com\/en\/#website","url":"https:\/\/www.parmacalcio1913.com\/en\/","name":"Parma Calcio 1913","description":"","publisher":{"@id":"https:\/\/www.parmacalcio1913.com\/en\/#organization"},"potentialAction":[{"@type":"SearchAction","target":{"@type":"EntryPoint","urlTemplate":"https:\/\/www.parmacalcio1913.com\/en\/?s={search_term_string}"},"query-input":{"@type":"PropertyValueSpecification","valueRequired":true,"valueName":"search_term_string"}}],"inLanguage":"en-US"},{"@type":"Organization","@id":"https:\/\/www.parmacalcio1913.com\/en\/#organization","name":"Parma Calcio 1913","url":"https:\/\/www.parmacalcio1913.com\/en\/","logo":{"@type":"ImageObject","inLanguage":"en-US","@id":"https:\/\/www.parmacalcio1913.com\/en\/#\/schema\/logo\/image\/","url":"https:\/\/www.parmacalcio1913.com\/wp-content\/uploads\/2023\/04\/parma_logo.svg","contentUrl":"https:\/\/www.parmacalcio1913.com\/wp-content\/uploads\/2023\/04\/parma_logo.svg","width":67.255,"height":82.323,"caption":"Parma Calcio 1913"},"image":{"@id":"https:\/\/www.parmacalcio1913.com\/en\/#\/schema\/logo\/image\/"},"sameAs":["https:\/\/www.facebook.com\/parmacalcio1913\/yoast","https:\/\/www.tiktok.com\/@parmacalcio1913\/yoast","https:\/\/www.instagram.com\/parmacalcio1913\/yoast","https:\/\/it.linkedin.com\/company\/parma-calcio-1913\/yoast","https:\/\/www.youtube.com\/c\/ParmaCalcio1913\/yoast","https:\/\/www.threads.net\/@parmacalcio1913\/yoast"]}]}},"_links":{"self":[{"href":"https:\/\/www.parmacalcio1913.com\/en\/wp-json\/wp\/v2\/pr_news\/1219","targetHints":{"allow":["GET"]}}],"collection":[{"href":"https:\/\/www.parmacalcio1913.com\/en\/wp-json\/wp\/v2\/pr_news"}],"about":[{"href":"https:\/\/www.parmacalcio1913.com\/en\/wp-json\/wp\/v2\/types\/pr_news"}],"author":[{"embeddable":true,"href":"https:\/\/www.parmacalcio1913.com\/en\/wp-json\/wp\/v2\/users\/11"}],"version-history":[{"count":4,"href":"https:\/\/www.parmacalcio1913.com\/en\/wp-json\/wp\/v2\/pr_news\/1219\/revisions"}],"predecessor-version":[{"id":6395,"href":"https:\/\/www.parmacalcio1913.com\/en\/wp-json\/wp\/v2\/pr_news\/1219\/revisions\/6395"}],"wp:attachment":[{"href":"https:\/\/www.parmacalcio1913.com\/en\/wp-json\/wp\/v2\/media?parent=1219"}],"wp:term":[{"taxonomy":"category","embeddable":true,"href":"https:\/\/www.parmacalcio1913.com\/en\/wp-json\/wp\/v2\/categories?post=1219"},{"taxonomy":"post_tag","embeddable":true,"href":"https:\/\/www.parmacalcio1913.com\/en\/wp-json\/wp\/v2\/tags?post=1219"}],"curies":[{"name":"wp","href":"https:\/\/api.w.org\/{rel}","templated":true}]}}