{"id":11406,"date":"2023-10-07T17:17:19","date_gmt":"2023-10-07T15:17:19","guid":{"rendered":"https:\/\/www.parmacalcio1913.com\/?post_type=pr_news&#038;p=11406"},"modified":"2023-10-07T18:36:19","modified_gmt":"2023-10-07T16:36:19","slug":"primavera-2-reggiana-parma-0-1","status":"publish","type":"pr_news","link":"https:\/\/www.parmacalcio1913.com\/en\/main-news\/primavera-2-reggiana-parma-0-1\/","title":{"rendered":"PRIMAVERA 2, 4^ GIORNATA: REGGIANA-PARMA 0-1"},"content":{"rendered":"<p>[swp_content page_og_title=&#8221;PRIMAVERA 2, 4^ GIORNATA REGGIANA-PARMA 0-1&#8243; page_og_description=&#8221;null&#8221; page_og_type=&#8221;null&#8221; page_og_image=&#8221;https:\/\/www.parmacalcio1913.com\/wp-content\/uploads\/_ogs\/REG_PAR_primavera-20231007170030.jpg&#8221; page_keywords=&#8221;null&#8221; page_description=&#8221;null&#8221; page_on_app=&#8221;1&#8243; page_on_home=&#8221;1&#8243; news_cover=&#8221;https:\/\/www.parmacalcio1913.com\/wp-content\/uploads\/_news\/REG_PAR_primavera-20231007170030.png&#8221; ][swp_wrapper  id=&#8221;id&#8221;  order=&#8221;1&#8243;  name=&#8221;blocco 1&#8243; option_wrapper_color=&#8221;1&#8243; option_wrapper_image=&#8221;1&#8243; ][swp_hero_mini  id=&#8221;0&#8243;  type=&#8221;hero_mini&#8221;  order=&#8221;1&#8243;  name=&#8221;hero_mini&#8221; option_header_mini=&#8221;1&#8243; option_component_anchor=&#8221;null&#8221; option_component_padding=&#8221;[]&#8221; data_hero_title=&#8221;PRIMAVERA 2, 4^ GIORNATA: REGGIANA-PARMA 0-1&#8243; data_hero_image=&#8221;https:\/\/www.parmacalcio1913.com\/wp-content\/uploads\/_heros\/REG_PAR_primavera-20231007170030.png&#8221; data_hero_image_responsive=&#8221;https:\/\/www.parmacalcio1913.com\/wp-content\/uploads\/_heros\/REG_PAR_primavera-20231007170030.png&#8221; data_icon_image_alt=&#8221;null&#8221; ][\/swp_hero_mini][swp_base_p  id=&#8221;1&#8243;  type=&#8221;base_p&#8221;  order=&#8221;2&#8243;  name=&#8221;base_p&#8221; option_component_anchor=&#8221;null&#8221; option_component_padding=&#8221;[]&#8221; data_box_title=&#8221;null&#8221; data_box_subtitle=&#8221;null&#8221; data_box_text=&#8221;<\/p>\n<p><em>Casalgrande (RE), 7 ottobre 2023<\/em>&nbsp;&#8211;&nbsp;4^ Giornata di Andata del Campionato Primavera 2, sul campo Comunale&nbsp;\u201cRoberto Gottardi\u201d&nbsp;di Casalgrande, RE, sabato 7 ottobre 2023, <strong>Reggiana-Parma termina 0-1<\/strong>.<\/p>\n<p><\/p>\n<p>Parte meglio la Reggiana che gi\u00e0 al 3&#8242; si fa pericolosa in avanti con una tambureggiante azione sulla sinistra, sono buone le prime trame di gioco dei padroni di casa al controllo della gara.Al 7&#8242; Alessandro cardinali tenta di involarsi, ma viene trattenuto da Osmane Camara. Al 9&#8242; altra iniziativa granata: azione di Nuhu Shaibu che si avvicina all&#8217;area, arrivato al limite anzich\u00e9 concludere allarga a sinistra a Sebastiano Casini il cui tiro al volo \u00e8 bloccato sul suo palo da Francesco Borriello. Il numero 10 ci riprover\u00e0 al 12&#8242; dalla sinistra, ma con sfera abbondantemente alta.<\/p>\n<p><\/p>\n<p>Parma risponde prima con un tentativo di Dren Terrnava e poi al 14&#8242; tiro con un tiro al volo di Alessandro Cardinali dalla sinistra, pescato con un traversone da Emmanuel Hammond Tannor dall&#8217;opposto versante, ma la palla finisce ben lontana dallo specchio.<\/p>\n<p>&#8221; data_box_twitch=&#8221;null&#8221; data_box_instagram=&#8221;null&#8221; data_box_tiktok=&#8221;null&#8221; data_box_twitter=&#8221;null&#8221; data_box_youtube=&#8221;null&#8221; data_box_facebook=&#8221;null&#8221; ][\/swp_base_p][swp_image  id=&#8221;2&#8243;  type=&#8221;image&#8221;  order=&#8221;3&#8243;  name=&#8221;image&#8221; option_component_anchor=&#8221;null&#8221; option_component_padding=&#8221;[]&#8221; data_box_image=&#8221;https:\/\/www.parmacalcio1913.com\/wp-content\/uploads\/_heros\/Reg_par_pr1-20231007171158.png&#8221; data_box_image_alt=&#8221;null&#8221; ][\/swp_image][swp_base_p  id=&#8221;3&#8243;  type=&#8221;base_p&#8221;  order=&#8221;4&#8243;  name=&#8221;base_p&#8221; option_component_anchor=&#8221;null&#8221; option_component_padding=&#8221;[]&#8221; data_box_title=&#8221;null&#8221; data_box_subtitle=&#8221;null&#8221; data_box_text=&#8221;<\/p>\n<p>Al 22&#8242; ammonito Sebastiano Casini per aver trattenuto per la maglia Djoseph Bangala, schierato da Mister Cesare Beggi titolare dopo il problema durante il&nbsp;riscaldamento di Davide Mancini. Al 23&#8242; Frederick Flintholm Flex spreca da posizione favorevole allargando troppo a destra. Al 24&#8242; tiro di controbalzo di Sebastiano Casini, che raccoglie un precedente disimpegno della retroguardia Crociata. Al 25&#8242; s<strong>alvataggio miracoloso<\/strong> della Reggiana dopo la girata di Daniel Mikolajewski su calcio d&#8217;angolo dalla destra di Frederik Flintholm Flex.<\/p>\n<p>Al 29&#8242; girata di sinistro dall&#8217;area piccola di Emmanuel Hammond Tannor che raccoglie una palla vagante, ma para Edoardo Motti. Al 37&#8242; tiro dalla distanza di Capitan Bryan Blanco, ma Francesco Borriello c&#8217;\u00e8 e blocca.<\/p>\n<p><strong>38&#8242; Parma in vantaggio<\/strong> gran gol di Federico Lorenzani che ribadisce a rete dopo azione di calcio d&#8217;angolo dalla destra di Frederik Flintholm Flex (0-1).<\/p>\n<p>Al 42&#8242; \u00e8 ammonito il capitano granata Bryan Blanco che ferma irregolarmente a centrocampo&nbsp;Mateusz Kowalski. Al 44&#8242; una punizione di Francesco Casini \u00e8 controllata agevolmente dal portiere Crociato Francesco Borriello. Senza recupero il primo tempo termina con il Parma in vantaggio sulla Reggiana 0-1.<\/p>\n<p>&#8221; data_box_twitch=&#8221;null&#8221; data_box_instagram=&#8221;null&#8221; data_box_tiktok=&#8221;null&#8221; data_box_twitter=&#8221;null&#8221; data_box_youtube=&#8221;null&#8221; data_box_facebook=&#8221;null&#8221; ][\/swp_base_p][swp_image  id=&#8221;4&#8243;  type=&#8221;image&#8221;  order=&#8221;5&#8243;  name=&#8221;image&#8221; option_component_anchor=&#8221;null&#8221; option_component_padding=&#8221;[]&#8221; data_box_image=&#8221;https:\/\/www.parmacalcio1913.com\/wp-content\/uploads\/_heros\/WhatsApp-Image-2023-10-07-at-16-20231007171249.png&#8221; data_box_image_alt=&#8221;null&#8221; ][\/swp_image][swp_base_p  id=&#8221;5&#8243;  type=&#8221;base_p&#8221;  order=&#8221;6&#8243;  name=&#8221;base_p&#8221; option_component_anchor=&#8221;null&#8221; option_component_padding=&#8221;[]&#8221; data_box_title=&#8221;null&#8221; data_box_subtitle=&#8221;null&#8221; data_box_text=&#8221;<\/p>\n<p>La ripresa parte con gli stessi effettivi che avevano iniziato la prima frazione.<\/p>\n<p>Al 2&#8242; st Tommaso Galante libera sulla destra Bryan Blanco che conclude male, sull&#8217;azione seguente \u00e8 invece Mateusz Kowalski che anzich\u00e9 concludere cerca Daniel Mikolajewski, ma il portiere Edoardo Motti esce agevolmente e blocca. Passano cinque minuti e ancora Mateusz Kowalski cerca di avvicinarsi ancora all&#8217;area granata, ma anche in questo caso senza arrecare particolari pericoli.<\/p>\n<p>10&#8242; st girata dalla destra di Alessandro Cardinali (versante su cui corre dalla met\u00e0 del primo tempo, dopo essersi invertito di fascia con Emmanuel Hammond Tannor) su cui ci mette la mano il portiere Edoardo Motti. Al 14&#8242; st <strong>primo cambio<\/strong> deciso da Mister Cesare Beggi: esce Daniel Mikolajewski, dentro Andrea Gemello. Al 15&#8242; st ammonito Nuhu Shaibu per fallo su Capitan Federico Lorenzani. Al 16&#8242; st doppio cambio nella Reggiana: lascia Sebastiano Casini per Gabriele Pederzini, e l&#8217;ex GianMaria D&#8217;Angelo Pizzolo per Mario Natale.<\/p>\n<p>&#8221; data_box_twitch=&#8221;null&#8221; data_box_instagram=&#8221;null&#8221; data_box_tiktok=&#8221;null&#8221; data_box_twitter=&#8221;null&#8221; data_box_youtube=&#8221;null&#8221; data_box_facebook=&#8221;null&#8221; ][\/swp_base_p][swp_image  id=&#8221;6&#8243;  type=&#8221;image&#8221;  order=&#8221;7&#8243;  name=&#8221;image&#8221; option_component_anchor=&#8221;null&#8221; option_component_padding=&#8221;[]&#8221; data_box_image=&#8221;https:\/\/www.parmacalcio1913.com\/wp-content\/uploads\/_heros\/WhatsApp-Image-2023-10-07-at-16-20231007171322.png&#8221; data_box_image_alt=&#8221;null&#8221; ][\/swp_image][swp_base_p  id=&#8221;7&#8243;  type=&#8221;base_p&#8221;  order=&#8221;8&#8243;  name=&#8221;base_p&#8221; option_component_anchor=&#8221;null&#8221; option_component_padding=&#8221;[]&#8221; data_box_title=&#8221;null&#8221; data_box_subtitle=&#8221;null&#8221; data_box_text=&#8221;<\/p>\n<p>17&#8242; st&nbsp;tap pin&nbsp;di Emmanuel Hammond Tannor su azione e conclusione al volo di Alessandro Cardinali, ma l&#8217;arbitro Sig. a Maria Marotta della Sezione A.I.A. di Sapri, annulla il gol per fuorigioco. Al 29&#8242; st esce Alessandro Cardinali rilevato da Diego Alexander Rossi.<\/p>\n<p>Al 30&#8242; st Federico Motti serve Emmanuel Hammond Tannor, ma il portiere Edoardo Motti chiude bene. Al 32&#8242; st panico in area granata su iniziativa di Diego Alexander Rossi, ma nulla di fatto. Al 35&#8242; st sinistro al volo da applausi per Emmanuel Hammond Tannor, ma altrettanto la risposta del portiere Edoardo Motti.<\/p>\n<p>Al 36&#8242; st quattro cambi, due per parte: nella Reggiana esce Capitan Bryan Blanco rilevato da Cristian De Marco, e Francesco Di Turi per Giacomo Barbieri; nel Parma esce Capitan Federico Lorenzani (applauditissimo) per Cristopher Russo ed Emmanuel Hammond Tannor per Elhadj Hamed Mbaye. Al 41&#8242; st ammonito Federico Motti per trattenuta per la maglia di Tommaso Galante. Al 44&#8242; st Esce Nuhu Shaibu ed entra Matteo Tessitori. Al 47&#8242; st tiro dalla distanza di Osmane Camara, abbondantemente lontano dalla porta. Dopo 5&#8242; minuti di recupero arriva il triplice fischio di chiusura: aggiudicandosi il derby, grazie al gol di Federico Lorenzani al 38&#8242; il <strong>Parma fa suoi i 3 punti salendo a quota 7 in classifica.<\/strong><\/p>\n<p>&#8221; data_box_twitch=&#8221;null&#8221; data_box_instagram=&#8221;null&#8221; data_box_tiktok=&#8221;null&#8221; data_box_twitter=&#8221;null&#8221; data_box_youtube=&#8221;null&#8221; data_box_facebook=&#8221;null&#8221; ][\/swp_base_p][swp_image  id=&#8221;8&#8243;  type=&#8221;image&#8221;  order=&#8221;9&#8243;  name=&#8221;image&#8221; option_component_anchor=&#8221;null&#8221; option_component_padding=&#8221;[]&#8221; data_box_image=&#8221;https:\/\/www.parmacalcio1913.com\/wp-content\/uploads\/_heros\/WhatsApp-Image-2023-10-07-at-16-20231007171501.png&#8221; data_box_image_alt=&#8221;null&#8221; ][\/swp_image][swp_base_p  id=&#8221;9&#8243;  type=&#8221;base_p&#8221;  order=&#8221;10&#8243;  name=&#8221;base_p&#8221; option_component_anchor=&#8221;null&#8221; option_component_padding=&#8221;[]&#8221; data_box_title=&#8221;null&#8221; data_box_subtitle=&#8221;null&#8221; data_box_text=&#8221;<\/p>\n<p><strong>REGGIANA-PARMA 0-1<\/strong>&nbsp;(4^ Giornata di Andata Campionato Primavera 2)<\/p>\n<p><strong>Marcatori<\/strong>: 38\u2032 Lorenzani<\/p>\n<p><\/p>\n<p><strong>REGGIANA<\/strong>&nbsp;\u2013 1. Edoardo Motti; 2. Francesco Di Turi (36&#8242; st 16.&nbsp;Giacomo Barbieri), 3. Morad Rouiched; 4. Nuhu Shaibu (44&#8242; st 21.&nbsp;Matteo Tessitori), 5. Federico Paterlini, 6. Nicolo Meringolo; 7. Osmane Camara, 8. Bryan Blanco (Cap., 36&#8242; st 20. Cristian De Marco), 9. Tommaso Galante (V. Cap.), 10. Sebastiano Casini (16&#8242; st 22. Gabriele Pederzini), 11. GianMaria D&#8217;Angelo Pizzolo (16&#8242; st 19. Mario Natale). Allenatore: Andrea CostaA disposizione: 12. Simon Aibangbee Esosa; 13. Nicola Grammatica, 14. Nizar Sabbar, 15. Mattia Brevini, 17. Mattia Ferrari, 18. Tommaso Biolchi,&nbsp;23. Tommaso Pirazzoli<\/p>\n<p><\/p>\n<p><strong>PARMA&nbsp;<\/strong>\u2013 1. Francesco Borriello; 2. Federico Motti, 3.&nbsp;Frederik Flintholm Flex (V. Cap.); 4.&nbsp;Djoseph Bangala, 5. Federico Lorenzani (Cap., 36&#8242; st 21. Cristopher Russo), 6. Toluwanimi Peter Amoran; 7.&nbsp;&nbsp;Dren Terrnava, 8. Mateusz Kowalski, 9. Emmanuel Hammond Tannor (36&#8242; st&nbsp;18. Elhadj Hamed Mbaye), 10.&nbsp;Daniel Mikolajewski (14&#8242; st 20. Andrea Gemello), 11. Alessandro Cardinali (29&#8242; st 13. Diego Alexander Rossi). Allenatore: Cesare BeggiA disposizione: 12. GianLuca Maria Astaldi; 14. Antonio Cruoglio, 15. Davide Mancini, 16. Isaac Annan, 17. Aboubacar-Sama Coulibaly, 19. Dean Vranici<\/p>\n<p><\/p>\n<p><strong>Arbitro<\/strong>: Sig. a Maria Marotta della Sezione A.I.A. di Sapri<\/p>\n<p><strong>Assistenti<\/strong>: Sig. Gianluca Scardovi di Imola e Sig. Tommaso Mambelli di Cesena<\/p>\n<p><strong>Ammoniti:<\/strong>&nbsp;Casini, Blanco, Shaibu, Kowalski, Motti<\/p>\n<p><strong>Recupero:<\/strong>&nbsp;0&#8217;+5&#8242;<\/p>\n<p>&#8221; data_box_twitch=&#8221;null&#8221; data_box_instagram=&#8221;null&#8221; data_box_tiktok=&#8221;null&#8221; data_box_twitter=&#8221;null&#8221; data_box_youtube=&#8221;null&#8221; data_box_facebook=&#8221;null&#8221; ][\/swp_base_p][swp_gallery  id=&#8221;10&#8243;  type=&#8221;gallery&#8221;  order=&#8221;11&#8243;  name=&#8221;gallery&#8221; option_component_anchor=&#8221;null&#8221; option_component_padding=&#8221;[]&#8221; data_gallery_preview=&#8221;11421&#8243; data_gallery_title=&#8221;null&#8221; data_gallery_symbol=&#8221;0&#8243; data_gallery_medias=&#8221;null&#8221; ][\/swp_gallery][\/swp_wrapper][\/swp_content]<\/p>\n","protected":false},"excerpt":{"rendered":"<p>[swp_content page_og_title=&#8221;PRIMAVERA 2, 4^ GIORNATA REGGIANA-PARMA 0-1&#8243; page_og_description=&#8221;null&#8221; page_og_type=&#8221;null&#8221; page_og_image=&#8221;https:\/\/www.parmacalcio1913.com\/wp-content\/uploads\/_ogs\/REG_PAR_primavera-20231007170030.jpg&#8221; page_keywords=&#8221;null&#8221; page_description=&#8221;null&#8221; page_on_app=&#8221;1&#8243; page_on_home=&#8221;1&#8243; news_cover=&#8221;https:\/\/www.parmacalcio1913.com\/wp-content\/uploads\/_news\/REG_PAR_primavera-20231007170030.png&#8221; ][swp_wrapper id=&#8221;id&#8221; order=&#8221;1&#8243; name=&#8221;blocco 1&#8243; option_wrapper_color=&#8221;1&#8243; option_wrapper_image=&#8221;1&#8243; ][swp_hero_mini id=&#8221;0&#8243; type=&#8221;hero_mini&#8221; order=&#8221;1&#8243; name=&#8221;hero_mini&#8221; option_header_mini=&#8221;1&#8243; option_component_anchor=&#8221;null&#8221; option_component_padding=&#8221;[]&#8221; data_hero_title=&#8221;PRIMAVERA 2, 4^ GIORNATA: REGGIANA-PARMA 0-1&#8243; data_hero_image=&#8221;https:\/\/www.parmacalcio1913.com\/wp-content\/uploads\/_heros\/REG_PAR_primavera-20231007170030.png&#8221; data_hero_image_responsive=&#8221;https:\/\/www.parmacalcio1913.com\/wp-content\/uploads\/_heros\/REG_PAR_primavera-20231007170030.png&#8221; data_icon_image_alt=&#8221;null&#8221; ][\/swp_hero_mini][swp_base_p id=&#8221;1&#8243; type=&#8221;base_p&#8221; order=&#8221;2&#8243; name=&#8221;base_p&#8221; option_component_anchor=&#8221;null&#8221; option_component_padding=&#8221;[]&#8221; data_box_title=&#8221;null&#8221; data_box_subtitle=&#8221;null&#8221; data_box_text=&#8221; Casalgrande (RE), 7 ottobre 2023&nbsp;&#8211;&nbsp;4^ Giornata [&hellip;]<\/p>\n","protected":false},"author":11,"featured_media":0,"menu_order":0,"template":"","format":"standard","meta":{"footnotes":""},"categories":[65],"tags":[59,109],"class_list":["post-11406","pr_news","type-pr_news","status-publish","format-standard","hentry","category-giovanili","tag-giovanili","tag-giovanili-maschili"],"yoast_head":"<!-- This site is optimized with the Yoast SEO plugin v27.4 - https:\/\/yoast.com\/product\/yoast-seo-wordpress\/ -->\n<title>PRIMAVERA 2, 4^ GIORNATA: REGGIANA-PARMA 0-1 - Parma Calcio 1913<\/title>\n<meta name=\"robots\" content=\"index, follow, max-snippet:-1, max-image-preview:large, max-video-preview:-1\" \/>\n<link rel=\"canonical\" href=\"https:\/\/www.parmacalcio1913.com\/en\/main-news\/primavera-2-reggiana-parma-0-1\/\" \/>\n<meta property=\"og:locale\" content=\"en_US\" \/>\n<meta property=\"og:type\" content=\"article\" \/>\n<meta property=\"og:title\" content=\"PRIMAVERA 2, 4^ GIORNATA: REGGIANA-PARMA 0-1 - Parma Calcio 1913\" \/>\n<meta property=\"og:description\" content=\"[swp_content page_og_title=&#8221;PRIMAVERA 2, 4^ GIORNATA REGGIANA-PARMA 0-1&#8243; page_og_description=&#8221;null&#8221; page_og_type=&#8221;null&#8221; page_og_image=&#8221;https:\/\/www.parmacalcio1913.com\/wp-content\/uploads\/_ogs\/REG_PAR_primavera-20231007170030.jpg&#8221; page_keywords=&#8221;null&#8221; page_description=&#8221;null&#8221; page_on_app=&#8221;1&#8243; page_on_home=&#8221;1&#8243; news_cover=&#8221;https:\/\/www.parmacalcio1913.com\/wp-content\/uploads\/_news\/REG_PAR_primavera-20231007170030.png&#8221; ][swp_wrapper id=&#8221;id&#8221; order=&#8221;1&#8243; name=&#8221;blocco 1&#8243; option_wrapper_color=&#8221;1&#8243; option_wrapper_image=&#8221;1&#8243; ][swp_hero_mini id=&#8221;0&#8243; type=&#8221;hero_mini&#8221; order=&#8221;1&#8243; name=&#8221;hero_mini&#8221; option_header_mini=&#8221;1&#8243; option_component_anchor=&#8221;null&#8221; option_component_padding=&#8221;[]&#8221; data_hero_title=&#8221;PRIMAVERA 2, 4^ GIORNATA: REGGIANA-PARMA 0-1&#8243; data_hero_image=&#8221;https:\/\/www.parmacalcio1913.com\/wp-content\/uploads\/_heros\/REG_PAR_primavera-20231007170030.png&#8221; data_hero_image_responsive=&#8221;https:\/\/www.parmacalcio1913.com\/wp-content\/uploads\/_heros\/REG_PAR_primavera-20231007170030.png&#8221; data_icon_image_alt=&#8221;null&#8221; ][\/swp_hero_mini][swp_base_p id=&#8221;1&#8243; type=&#8221;base_p&#8221; order=&#8221;2&#8243; name=&#8221;base_p&#8221; option_component_anchor=&#8221;null&#8221; option_component_padding=&#8221;[]&#8221; data_box_title=&#8221;null&#8221; data_box_subtitle=&#8221;null&#8221; data_box_text=&#8221; Casalgrande (RE), 7 ottobre 2023&nbsp;&#8211;&nbsp;4^ Giornata [&hellip;]\" \/>\n<meta property=\"og:url\" content=\"https:\/\/www.parmacalcio1913.com\/en\/main-news\/primavera-2-reggiana-parma-0-1\/\" \/>\n<meta property=\"og:site_name\" content=\"Parma Calcio 1913\" \/>\n<meta property=\"article:publisher\" content=\"https:\/\/www.facebook.com\/parmacalcio1913\/yoast\" \/>\n<meta property=\"article:modified_time\" content=\"2023-10-07T16:36:19+00:00\" \/>\n<meta name=\"twitter:card\" content=\"summary_large_image\" \/>\n<meta name=\"twitter:label1\" content=\"Est. reading time\" \/>\n\t<meta name=\"twitter:data1\" content=\"7 minutes\" \/>\n<script type=\"application\/ld+json\" class=\"yoast-schema-graph\">{\"@context\":\"https:\\\/\\\/schema.org\",\"@graph\":[{\"@type\":\"WebPage\",\"@id\":\"https:\\\/\\\/www.parmacalcio1913.com\\\/en\\\/main-news\\\/primavera-2-reggiana-parma-0-1\\\/\",\"url\":\"https:\\\/\\\/www.parmacalcio1913.com\\\/en\\\/main-news\\\/primavera-2-reggiana-parma-0-1\\\/\",\"name\":\"PRIMAVERA 2, 4^ GIORNATA: REGGIANA-PARMA 0-1 - Parma Calcio 1913\",\"isPartOf\":{\"@id\":\"https:\\\/\\\/www.parmacalcio1913.com\\\/en\\\/#website\"},\"datePublished\":\"2023-10-07T15:17:19+00:00\",\"dateModified\":\"2023-10-07T16:36:19+00:00\",\"breadcrumb\":{\"@id\":\"https:\\\/\\\/www.parmacalcio1913.com\\\/en\\\/main-news\\\/primavera-2-reggiana-parma-0-1\\\/#breadcrumb\"},\"inLanguage\":\"en-US\",\"potentialAction\":[{\"@type\":\"ReadAction\",\"target\":[\"https:\\\/\\\/www.parmacalcio1913.com\\\/en\\\/main-news\\\/primavera-2-reggiana-parma-0-1\\\/\"]}]},{\"@type\":\"BreadcrumbList\",\"@id\":\"https:\\\/\\\/www.parmacalcio1913.com\\\/en\\\/main-news\\\/primavera-2-reggiana-parma-0-1\\\/#breadcrumb\",\"itemListElement\":[{\"@type\":\"ListItem\",\"position\":1,\"name\":\"Home\",\"item\":\"https:\\\/\\\/www.parmacalcio1913.com\\\/en\\\/\"},{\"@type\":\"ListItem\",\"position\":2,\"name\":\"News\",\"item\":\"https:\\\/\\\/www.parmacalcio1913.com\\\/en\\\/main-news\\\/\"},{\"@type\":\"ListItem\",\"position\":3,\"name\":\"PRIMAVERA 2, 4^ GIORNATA: REGGIANA-PARMA 0-1\"}]},{\"@type\":\"WebSite\",\"@id\":\"https:\\\/\\\/www.parmacalcio1913.com\\\/en\\\/#website\",\"url\":\"https:\\\/\\\/www.parmacalcio1913.com\\\/en\\\/\",\"name\":\"Parma Calcio 1913\",\"description\":\"\",\"publisher\":{\"@id\":\"https:\\\/\\\/www.parmacalcio1913.com\\\/en\\\/#organization\"},\"potentialAction\":[{\"@type\":\"SearchAction\",\"target\":{\"@type\":\"EntryPoint\",\"urlTemplate\":\"https:\\\/\\\/www.parmacalcio1913.com\\\/en\\\/?s={search_term_string}\"},\"query-input\":{\"@type\":\"PropertyValueSpecification\",\"valueRequired\":true,\"valueName\":\"search_term_string\"}}],\"inLanguage\":\"en-US\"},{\"@type\":\"Organization\",\"@id\":\"https:\\\/\\\/www.parmacalcio1913.com\\\/en\\\/#organization\",\"name\":\"Parma Calcio 1913\",\"url\":\"https:\\\/\\\/www.parmacalcio1913.com\\\/en\\\/\",\"logo\":{\"@type\":\"ImageObject\",\"inLanguage\":\"en-US\",\"@id\":\"https:\\\/\\\/www.parmacalcio1913.com\\\/en\\\/#\\\/schema\\\/logo\\\/image\\\/\",\"url\":\"https:\\\/\\\/www.parmacalcio1913.com\\\/wp-content\\\/uploads\\\/2023\\\/04\\\/parma_logo.svg\",\"contentUrl\":\"https:\\\/\\\/www.parmacalcio1913.com\\\/wp-content\\\/uploads\\\/2023\\\/04\\\/parma_logo.svg\",\"width\":67.255,\"height\":82.323,\"caption\":\"Parma Calcio 1913\"},\"image\":{\"@id\":\"https:\\\/\\\/www.parmacalcio1913.com\\\/en\\\/#\\\/schema\\\/logo\\\/image\\\/\"},\"sameAs\":[\"https:\\\/\\\/www.facebook.com\\\/parmacalcio1913\\\/yoast\",\"https:\\\/\\\/www.tiktok.com\\\/@parmacalcio1913\\\/yoast\",\"https:\\\/\\\/www.instagram.com\\\/parmacalcio1913\\\/yoast\",\"https:\\\/\\\/it.linkedin.com\\\/company\\\/parma-calcio-1913\\\/yoast\",\"https:\\\/\\\/www.youtube.com\\\/c\\\/ParmaCalcio1913\\\/yoast\",\"https:\\\/\\\/www.threads.net\\\/@parmacalcio1913\\\/yoast\"]}]}<\/script>\n<!-- \/ Yoast SEO plugin. -->","yoast_head_json":{"title":"PRIMAVERA 2, 4^ GIORNATA: REGGIANA-PARMA 0-1 - Parma Calcio 1913","robots":{"index":"index","follow":"follow","max-snippet":"max-snippet:-1","max-image-preview":"max-image-preview:large","max-video-preview":"max-video-preview:-1"},"canonical":"https:\/\/www.parmacalcio1913.com\/en\/main-news\/primavera-2-reggiana-parma-0-1\/","og_locale":"en_US","og_type":"article","og_title":"PRIMAVERA 2, 4^ GIORNATA: REGGIANA-PARMA 0-1 - Parma Calcio 1913","og_description":"[swp_content page_og_title=&#8221;PRIMAVERA 2, 4^ GIORNATA REGGIANA-PARMA 0-1&#8243; page_og_description=&#8221;null&#8221; page_og_type=&#8221;null&#8221; page_og_image=&#8221;https:\/\/www.parmacalcio1913.com\/wp-content\/uploads\/_ogs\/REG_PAR_primavera-20231007170030.jpg&#8221; page_keywords=&#8221;null&#8221; page_description=&#8221;null&#8221; page_on_app=&#8221;1&#8243; page_on_home=&#8221;1&#8243; news_cover=&#8221;https:\/\/www.parmacalcio1913.com\/wp-content\/uploads\/_news\/REG_PAR_primavera-20231007170030.png&#8221; ][swp_wrapper id=&#8221;id&#8221; order=&#8221;1&#8243; name=&#8221;blocco 1&#8243; option_wrapper_color=&#8221;1&#8243; option_wrapper_image=&#8221;1&#8243; ][swp_hero_mini id=&#8221;0&#8243; type=&#8221;hero_mini&#8221; order=&#8221;1&#8243; name=&#8221;hero_mini&#8221; option_header_mini=&#8221;1&#8243; option_component_anchor=&#8221;null&#8221; option_component_padding=&#8221;[]&#8221; data_hero_title=&#8221;PRIMAVERA 2, 4^ GIORNATA: REGGIANA-PARMA 0-1&#8243; data_hero_image=&#8221;https:\/\/www.parmacalcio1913.com\/wp-content\/uploads\/_heros\/REG_PAR_primavera-20231007170030.png&#8221; data_hero_image_responsive=&#8221;https:\/\/www.parmacalcio1913.com\/wp-content\/uploads\/_heros\/REG_PAR_primavera-20231007170030.png&#8221; data_icon_image_alt=&#8221;null&#8221; ][\/swp_hero_mini][swp_base_p id=&#8221;1&#8243; type=&#8221;base_p&#8221; order=&#8221;2&#8243; name=&#8221;base_p&#8221; option_component_anchor=&#8221;null&#8221; option_component_padding=&#8221;[]&#8221; data_box_title=&#8221;null&#8221; data_box_subtitle=&#8221;null&#8221; data_box_text=&#8221; Casalgrande (RE), 7 ottobre 2023&nbsp;&#8211;&nbsp;4^ Giornata [&hellip;]","og_url":"https:\/\/www.parmacalcio1913.com\/en\/main-news\/primavera-2-reggiana-parma-0-1\/","og_site_name":"Parma Calcio 1913","article_publisher":"https:\/\/www.facebook.com\/parmacalcio1913\/yoast","article_modified_time":"2023-10-07T16:36:19+00:00","twitter_card":"summary_large_image","twitter_misc":{"Est. reading time":"7 minutes"},"schema":{"@context":"https:\/\/schema.org","@graph":[{"@type":"WebPage","@id":"https:\/\/www.parmacalcio1913.com\/en\/main-news\/primavera-2-reggiana-parma-0-1\/","url":"https:\/\/www.parmacalcio1913.com\/en\/main-news\/primavera-2-reggiana-parma-0-1\/","name":"PRIMAVERA 2, 4^ GIORNATA: REGGIANA-PARMA 0-1 - Parma Calcio 1913","isPartOf":{"@id":"https:\/\/www.parmacalcio1913.com\/en\/#website"},"datePublished":"2023-10-07T15:17:19+00:00","dateModified":"2023-10-07T16:36:19+00:00","breadcrumb":{"@id":"https:\/\/www.parmacalcio1913.com\/en\/main-news\/primavera-2-reggiana-parma-0-1\/#breadcrumb"},"inLanguage":"en-US","potentialAction":[{"@type":"ReadAction","target":["https:\/\/www.parmacalcio1913.com\/en\/main-news\/primavera-2-reggiana-parma-0-1\/"]}]},{"@type":"BreadcrumbList","@id":"https:\/\/www.parmacalcio1913.com\/en\/main-news\/primavera-2-reggiana-parma-0-1\/#breadcrumb","itemListElement":[{"@type":"ListItem","position":1,"name":"Home","item":"https:\/\/www.parmacalcio1913.com\/en\/"},{"@type":"ListItem","position":2,"name":"News","item":"https:\/\/www.parmacalcio1913.com\/en\/main-news\/"},{"@type":"ListItem","position":3,"name":"PRIMAVERA 2, 4^ GIORNATA: REGGIANA-PARMA 0-1"}]},{"@type":"WebSite","@id":"https:\/\/www.parmacalcio1913.com\/en\/#website","url":"https:\/\/www.parmacalcio1913.com\/en\/","name":"Parma Calcio 1913","description":"","publisher":{"@id":"https:\/\/www.parmacalcio1913.com\/en\/#organization"},"potentialAction":[{"@type":"SearchAction","target":{"@type":"EntryPoint","urlTemplate":"https:\/\/www.parmacalcio1913.com\/en\/?s={search_term_string}"},"query-input":{"@type":"PropertyValueSpecification","valueRequired":true,"valueName":"search_term_string"}}],"inLanguage":"en-US"},{"@type":"Organization","@id":"https:\/\/www.parmacalcio1913.com\/en\/#organization","name":"Parma Calcio 1913","url":"https:\/\/www.parmacalcio1913.com\/en\/","logo":{"@type":"ImageObject","inLanguage":"en-US","@id":"https:\/\/www.parmacalcio1913.com\/en\/#\/schema\/logo\/image\/","url":"https:\/\/www.parmacalcio1913.com\/wp-content\/uploads\/2023\/04\/parma_logo.svg","contentUrl":"https:\/\/www.parmacalcio1913.com\/wp-content\/uploads\/2023\/04\/parma_logo.svg","width":67.255,"height":82.323,"caption":"Parma Calcio 1913"},"image":{"@id":"https:\/\/www.parmacalcio1913.com\/en\/#\/schema\/logo\/image\/"},"sameAs":["https:\/\/www.facebook.com\/parmacalcio1913\/yoast","https:\/\/www.tiktok.com\/@parmacalcio1913\/yoast","https:\/\/www.instagram.com\/parmacalcio1913\/yoast","https:\/\/it.linkedin.com\/company\/parma-calcio-1913\/yoast","https:\/\/www.youtube.com\/c\/ParmaCalcio1913\/yoast","https:\/\/www.threads.net\/@parmacalcio1913\/yoast"]}]}},"_links":{"self":[{"href":"https:\/\/www.parmacalcio1913.com\/en\/wp-json\/wp\/v2\/pr_news\/11406","targetHints":{"allow":["GET"]}}],"collection":[{"href":"https:\/\/www.parmacalcio1913.com\/en\/wp-json\/wp\/v2\/pr_news"}],"about":[{"href":"https:\/\/www.parmacalcio1913.com\/en\/wp-json\/wp\/v2\/types\/pr_news"}],"author":[{"embeddable":true,"href":"https:\/\/www.parmacalcio1913.com\/en\/wp-json\/wp\/v2\/users\/11"}],"version-history":[{"count":5,"href":"https:\/\/www.parmacalcio1913.com\/en\/wp-json\/wp\/v2\/pr_news\/11406\/revisions"}],"predecessor-version":[{"id":11489,"href":"https:\/\/www.parmacalcio1913.com\/en\/wp-json\/wp\/v2\/pr_news\/11406\/revisions\/11489"}],"wp:attachment":[{"href":"https:\/\/www.parmacalcio1913.com\/en\/wp-json\/wp\/v2\/media?parent=11406"}],"wp:term":[{"taxonomy":"category","embeddable":true,"href":"https:\/\/www.parmacalcio1913.com\/en\/wp-json\/wp\/v2\/categories?post=11406"},{"taxonomy":"post_tag","embeddable":true,"href":"https:\/\/www.parmacalcio1913.com\/en\/wp-json\/wp\/v2\/tags?post=11406"}],"curies":[{"name":"wp","href":"https:\/\/api.w.org\/{rel}","templated":true}]}}