{"id":10547,"date":"2023-10-02T16:25:33","date_gmt":"2023-10-02T14:25:33","guid":{"rendered":"https:\/\/www.parmacalcio1913.com\/?post_type=pr_news&#038;p=10547"},"modified":"2023-10-03T17:25:58","modified_gmt":"2023-10-03T15:25:58","slug":"under-17-4-andata-juventus-parma-1-0-fotogallery","status":"publish","type":"pr_news","link":"https:\/\/www.parmacalcio1913.com\/en\/main-news\/under-17-4-andata-juventus-parma-1-0-fotogallery\/","title":{"rendered":"UNDER 17, 4^ ANDATA: JUVENTUS-PARMA 1-0 (FOTOGALLERY)"},"content":{"rendered":"<p>[swp_content page_og_title=&#8221;UNDER 17, 4^ ANDATA: JUVENTUS-PARMA 1-0 (FOTOGALLERY)&#8221; page_og_description=&#8221;null&#8221; page_og_type=&#8221;null&#8221; page_og_image=&#8221;https:\/\/www.parmacalcio1913.com\/wp-content\/uploads\/_ogs\/Juve-vs-Par-01-20231003172417.jpg&#8221; page_keywords=&#8221;null&#8221; page_description=&#8221;null&#8221; page_on_app=&#8221;1&#8243; news_cover=&#8221;https:\/\/www.parmacalcio1913.com\/wp-content\/uploads\/_news\/Juve-vs-Par-01-20231003172417.png&#8221; ][swp_wrapper  id=&#8221;id&#8221;  order=&#8221;1&#8243;  name=&#8221;blocco 1&#8243; option_wrapper_color=&#8221;1&#8243; option_wrapper_image=&#8221;1&#8243; ][swp_hero_mini  id=&#8221;0&#8243;  type=&#8221;hero_mini&#8221;  order=&#8221;1&#8243;  name=&#8221;hero_mini&#8221; option_header_mini=&#8221;1&#8243; option_component_anchor=&#8221;null&#8221; option_component_padding=&#8221;[]&#8221; data_hero_title=&#8221;UNDER 17, 4^ ANDATA: JUVENTUS-PARMA 1-0 (FOTOGALLERY)&#8221; data_hero_image=&#8221;https:\/\/www.parmacalcio1913.com\/wp-content\/uploads\/_heros\/Juve-vs-Par-01-20231003172417.png&#8221; data_hero_image_responsive=&#8221;https:\/\/www.parmacalcio1913.com\/wp-content\/uploads\/_heros\/Juve-vs-Par-01-20231003172417.png&#8221; data_icon_image_alt=&#8221;null&#8221; ][\/swp_hero_mini][swp_base_p  id=&#8221;1&#8243;  type=&#8221;base_p&#8221;  order=&#8221;2&#8243;  name=&#8221;base_p&#8221; option_component_anchor=&#8221;null&#8221; option_component_padding=&#8221;[]&#8221; data_box_title=&#8221;null&#8221; data_box_subtitle=&#8221;null&#8221; data_box_text=&#8221;<\/p>\n<p><em>Vinovo (TO), 2 ottobre 2023<\/em>&nbsp;\u2013 4^ Giornata di andata del Campionato Nazionale Serie A &amp; B Under 17, domenica 1\u00b0 ottobre 2023, sul campo in sintetico&nbsp;\u201cAle &amp; Ricky\u201d&nbsp;dello&nbsp;Juventus Training Center, Vinovo, TO, <strong>Juventus-Parma termina 1-0.<\/strong><\/p>\n<p>Prima sconfitta stagionale per la squadra di mister Mattia Bernardi, ininfluente ai fini della classifica, essendo tutt&#8217;ora l&#8217;unica a guidare la classifica del torneo di categoria con i 9 punti raccolti nel percorso netto delle tre gare precedenti, anche se alle spalle, distanziate di due punti (7), ci sono ben sei squadre, tra cui i bianconeri, oltre a Genoa, Sampdoria, Spezia, Pisa, Cremonese.&nbsp;<\/p>\n<p>Giornata molto calda a Vinovo, con i padroni di casa che partono forte e gli ospiti che si chiudono bene, affidandosi alle&nbsp;ripartenze. A met\u00e0 del primo tempo i giallobl\u00f9 cominciano ad affacciarsi pi\u00f9 costantemente nella met\u00e0 campo avversaria, creando alcune occasioni, ma mai veramente pericolose. Al 36\u2019 l\u2019occasione pi\u00f9 grossa per il Parma che, dopo aver rubato palla a centrocampo, si trova addirittura in tre contro uno al limite dell\u2019area avversaria, ma Elia Plicco tira addosso al portiere Riccardo Adrian Radu e cos\u00ec la prima frazione termina a reti inviolate.<\/p>\n<p>All&#8217;inizio della ripresa (5&#8242; st) passano subito in vantaggio i bianconeri, grazie ad un tiro da fuori area di Francesco Leone sul secondo palo 1-0). Tre minuti (8&#8242; st) dopo la Juve avrebbe subito la possibilit\u00e0 di raddoppiare&nbsp;per via di un rigore concesso dall\u2019arbitro Sig. Fabrizio Marabese della Sezione A.I.A di Nichelino per un fallo di mano in area di Dominik Drobnic: si incarica del tentativo di trasformazione Claudio Giardino, ma Gabriele Casentini \u00e8 bravo ad intuire l\u2019angolo e a respingere la massima punizione in angolo. Sugli sviluppi del tiro dalla bandierina i bianconeri segnano, ma il direttore dell&#8217;incontro annulla per fuorigioco. Col passare dei minuti Mister Mattia Bernardi si affida a forze fresche e la partita cambia volto: ora \u00e8 il Parma a dettare il gioco, chiudendo gli avversari nella loro met\u00e0 campo, ma le varie azioni si infrangono&nbsp;contro la difesa della Juve che protegge il prezioso vantaggio di misura, La partita si chiude con ben sette minuti di recupero, con il Parma sempre proteso tutto in attacco, ma il risultato finale non cambier\u00e0 e sar\u00e0 la Juventus a festeggiare per i tre pesantissimi punti strappati ai giallobl\u00f9 che avrebbero meritato qualcosa in pi\u00f9.<\/p>\n<p><\/p>\n<p><strong>JUVENTUS-PARMA 1-0 (4^ GIORNATA DI ANDATA CAMPIONATO NAZIONALE SERIE A &amp; B UNDER 17)<\/strong><\/p>\n<p><strong>Marcatori<\/strong>: 5\u2032 st Leone<\/p>\n<p><\/p>\n<p><strong>JUVENTUS&nbsp;<\/strong>\u2013 1. Riccardo Adrian Radu; 2. Diego Zingone (38&#8242; st 13. Alfonso Montero Benia), 3. Josue Banewa Grelaud (29&#8242; st 15. Jacopo Montarini); 4. Edoardo Vallana (V. Cap.), 5. Francesco Verde (Cap.), 6. Manuel Dimitri; 7. Filippo Bellino (22&#8242; st 17. Matteo Lontani), 8. Patryk Mazur, 9. Claudio Giardino, 10. Adam Sosna (29&#8242; st 18. Enzo Keutgen), 11. Francesco Leone (38&#8242; st 19. Francesco Russo). Allenatore: Claudio RivaltaA disposizione: 12. Alessio Marcu, 25. Simone Cat Berro; 14. Niccol\u00f2 Rizzo, 16. Nicol\u00f2 Milia<\/p>\n<p><\/p>\n<p><strong>PARMA&nbsp;<\/strong>\u2013 1. Gabriele Casentini; 2. Giovanni De Simone (32&#8242; st 15. Giorgio Chimezie), 3. Filippo Montenet (32&#8242; st 13. Lorenzo Marchesi); 4. Dominik Drobnic, 5. Nicolas Trabucchi (Cap.), 6. Roberto Ozzano (40&#8242; st 20. Eirinaios Papadimitriou); 7. Filippo Alinovi (11&#8242; st 17. Luca Chris Marcellin), 8. Elia Plicco (V. Cap.), 9. Biagio Macr\u00ec (1&#8242; st 18. Leandro Ferrari), 10. Luca De Oliveira, 11. Giacomo Iuliani (11&#8242; st 19. Mattia Zamuner). Allenatore: Mattia BernardiA disposizione: 12. Leonardo Taina; 14. Giulio Baciocchi, 16. Cristian Lori<\/p>\n<p><strong>Arbitro<\/strong>: Sig. Fabrizio Marabese della Sezione A.I.A di Nichelino<\/p>\n<p><strong>Assistenti<\/strong>: Sigg. Marco Tuccillo e Luca Rizzo di Pinerolo<\/p>\n<p><strong>Ammoniti:&nbsp;<\/strong>Vallana, Grelaud, Mazur, Radu; Macr\u00ec, De Oliveira<\/p>\n<p><strong>Recupero<\/strong>: 1\u2019+7\u2032<\/p>\n<p><strong><em>Note:<\/em><\/strong><em>&nbsp;<\/em>all&#8217;8&#8242; st il portiere del Parma Gabriele Casentini para un calcio di rigore tirato da Claudio Giardino<\/p>\n<p>&#8221; ][\/swp_base_p][swp_gallery  id=&#8221;2&#8243;  type=&#8221;gallery&#8221;  order=&#8221;3&#8243;  name=&#8221;gallery&#8221; option_component_anchor=&#8221;null&#8221; option_component_padding=&#8221;[]&#8221; data_gallery_preview=&#8221;10403&#8243; data_gallery_title=&#8221;null&#8221; data_gallery_symbol=&#8221;0&#8243; data_gallery_medias=&#8221;null&#8221; ][\/swp_gallery][\/swp_wrapper][\/swp_content]<\/p>\n","protected":false},"excerpt":{"rendered":"<p>[swp_content page_og_title=&#8221;UNDER 17, 4^ ANDATA: JUVENTUS-PARMA 1-0 (FOTOGALLERY)&#8221; page_og_description=&#8221;null&#8221; page_og_type=&#8221;null&#8221; page_og_image=&#8221;https:\/\/www.parmacalcio1913.com\/wp-content\/uploads\/_ogs\/Juve-vs-Par-01-20231003172417.jpg&#8221; page_keywords=&#8221;null&#8221; page_description=&#8221;null&#8221; page_on_app=&#8221;1&#8243; news_cover=&#8221;https:\/\/www.parmacalcio1913.com\/wp-content\/uploads\/_news\/Juve-vs-Par-01-20231003172417.png&#8221; ][swp_wrapper id=&#8221;id&#8221; order=&#8221;1&#8243; name=&#8221;blocco 1&#8243; option_wrapper_color=&#8221;1&#8243; option_wrapper_image=&#8221;1&#8243; ][swp_hero_mini id=&#8221;0&#8243; type=&#8221;hero_mini&#8221; order=&#8221;1&#8243; name=&#8221;hero_mini&#8221; option_header_mini=&#8221;1&#8243; option_component_anchor=&#8221;null&#8221; option_component_padding=&#8221;[]&#8221; data_hero_title=&#8221;UNDER 17, 4^ ANDATA: JUVENTUS-PARMA 1-0 (FOTOGALLERY)&#8221; data_hero_image=&#8221;https:\/\/www.parmacalcio1913.com\/wp-content\/uploads\/_heros\/Juve-vs-Par-01-20231003172417.png&#8221; data_hero_image_responsive=&#8221;https:\/\/www.parmacalcio1913.com\/wp-content\/uploads\/_heros\/Juve-vs-Par-01-20231003172417.png&#8221; data_icon_image_alt=&#8221;null&#8221; ][\/swp_hero_mini][swp_base_p id=&#8221;1&#8243; type=&#8221;base_p&#8221; order=&#8221;2&#8243; name=&#8221;base_p&#8221; option_component_anchor=&#8221;null&#8221; option_component_padding=&#8221;[]&#8221; data_box_title=&#8221;null&#8221; data_box_subtitle=&#8221;null&#8221; data_box_text=&#8221; Vinovo (TO), 2 ottobre 2023&nbsp;\u2013 [&hellip;]<\/p>\n","protected":false},"author":11,"featured_media":0,"menu_order":0,"template":"","format":"standard","meta":{"footnotes":""},"categories":[65],"tags":[59],"class_list":["post-10547","pr_news","type-pr_news","status-publish","format-standard","hentry","category-giovanili","tag-giovanili"],"yoast_head":"<!-- This site is optimized with the Yoast SEO plugin v27.4 - https:\/\/yoast.com\/product\/yoast-seo-wordpress\/ -->\n<title>UNDER 17, 4^ ANDATA: JUVENTUS-PARMA 1-0 (FOTOGALLERY) - Parma Calcio 1913<\/title>\n<meta name=\"robots\" content=\"index, follow, max-snippet:-1, max-image-preview:large, max-video-preview:-1\" \/>\n<link rel=\"canonical\" href=\"https:\/\/www.parmacalcio1913.com\/en\/main-news\/under-17-4-andata-juventus-parma-1-0-fotogallery\/\" \/>\n<meta property=\"og:locale\" content=\"en_US\" \/>\n<meta property=\"og:type\" content=\"article\" \/>\n<meta property=\"og:title\" content=\"UNDER 17, 4^ ANDATA: JUVENTUS-PARMA 1-0 (FOTOGALLERY) - Parma Calcio 1913\" \/>\n<meta property=\"og:description\" content=\"[swp_content page_og_title=&#8221;UNDER 17, 4^ ANDATA: JUVENTUS-PARMA 1-0 (FOTOGALLERY)&#8221; page_og_description=&#8221;null&#8221; page_og_type=&#8221;null&#8221; page_og_image=&#8221;https:\/\/www.parmacalcio1913.com\/wp-content\/uploads\/_ogs\/Juve-vs-Par-01-20231003172417.jpg&#8221; page_keywords=&#8221;null&#8221; page_description=&#8221;null&#8221; page_on_app=&#8221;1&#8243; news_cover=&#8221;https:\/\/www.parmacalcio1913.com\/wp-content\/uploads\/_news\/Juve-vs-Par-01-20231003172417.png&#8221; ][swp_wrapper id=&#8221;id&#8221; order=&#8221;1&#8243; name=&#8221;blocco 1&#8243; option_wrapper_color=&#8221;1&#8243; option_wrapper_image=&#8221;1&#8243; ][swp_hero_mini id=&#8221;0&#8243; type=&#8221;hero_mini&#8221; order=&#8221;1&#8243; name=&#8221;hero_mini&#8221; option_header_mini=&#8221;1&#8243; option_component_anchor=&#8221;null&#8221; option_component_padding=&#8221;[]&#8221; data_hero_title=&#8221;UNDER 17, 4^ ANDATA: JUVENTUS-PARMA 1-0 (FOTOGALLERY)&#8221; data_hero_image=&#8221;https:\/\/www.parmacalcio1913.com\/wp-content\/uploads\/_heros\/Juve-vs-Par-01-20231003172417.png&#8221; data_hero_image_responsive=&#8221;https:\/\/www.parmacalcio1913.com\/wp-content\/uploads\/_heros\/Juve-vs-Par-01-20231003172417.png&#8221; data_icon_image_alt=&#8221;null&#8221; ][\/swp_hero_mini][swp_base_p id=&#8221;1&#8243; type=&#8221;base_p&#8221; order=&#8221;2&#8243; name=&#8221;base_p&#8221; option_component_anchor=&#8221;null&#8221; option_component_padding=&#8221;[]&#8221; data_box_title=&#8221;null&#8221; data_box_subtitle=&#8221;null&#8221; data_box_text=&#8221; Vinovo (TO), 2 ottobre 2023&nbsp;\u2013 [&hellip;]\" \/>\n<meta property=\"og:url\" content=\"https:\/\/www.parmacalcio1913.com\/en\/main-news\/under-17-4-andata-juventus-parma-1-0-fotogallery\/\" \/>\n<meta property=\"og:site_name\" content=\"Parma Calcio 1913\" \/>\n<meta property=\"article:publisher\" content=\"https:\/\/www.facebook.com\/parmacalcio1913\/yoast\" \/>\n<meta property=\"article:modified_time\" content=\"2023-10-03T15:25:58+00:00\" \/>\n<meta name=\"twitter:card\" content=\"summary_large_image\" \/>\n<meta name=\"twitter:label1\" content=\"Est. reading time\" \/>\n\t<meta name=\"twitter:data1\" content=\"4 minutes\" \/>\n<script type=\"application\/ld+json\" class=\"yoast-schema-graph\">{\"@context\":\"https:\\\/\\\/schema.org\",\"@graph\":[{\"@type\":\"WebPage\",\"@id\":\"https:\\\/\\\/www.parmacalcio1913.com\\\/en\\\/main-news\\\/under-17-4-andata-juventus-parma-1-0-fotogallery\\\/\",\"url\":\"https:\\\/\\\/www.parmacalcio1913.com\\\/en\\\/main-news\\\/under-17-4-andata-juventus-parma-1-0-fotogallery\\\/\",\"name\":\"UNDER 17, 4^ ANDATA: JUVENTUS-PARMA 1-0 (FOTOGALLERY) - Parma Calcio 1913\",\"isPartOf\":{\"@id\":\"https:\\\/\\\/www.parmacalcio1913.com\\\/en\\\/#website\"},\"datePublished\":\"2023-10-02T14:25:33+00:00\",\"dateModified\":\"2023-10-03T15:25:58+00:00\",\"breadcrumb\":{\"@id\":\"https:\\\/\\\/www.parmacalcio1913.com\\\/en\\\/main-news\\\/under-17-4-andata-juventus-parma-1-0-fotogallery\\\/#breadcrumb\"},\"inLanguage\":\"en-US\",\"potentialAction\":[{\"@type\":\"ReadAction\",\"target\":[\"https:\\\/\\\/www.parmacalcio1913.com\\\/en\\\/main-news\\\/under-17-4-andata-juventus-parma-1-0-fotogallery\\\/\"]}]},{\"@type\":\"BreadcrumbList\",\"@id\":\"https:\\\/\\\/www.parmacalcio1913.com\\\/en\\\/main-news\\\/under-17-4-andata-juventus-parma-1-0-fotogallery\\\/#breadcrumb\",\"itemListElement\":[{\"@type\":\"ListItem\",\"position\":1,\"name\":\"Home\",\"item\":\"https:\\\/\\\/www.parmacalcio1913.com\\\/en\\\/\"},{\"@type\":\"ListItem\",\"position\":2,\"name\":\"News\",\"item\":\"https:\\\/\\\/www.parmacalcio1913.com\\\/en\\\/main-news\\\/\"},{\"@type\":\"ListItem\",\"position\":3,\"name\":\"UNDER 17, 4^ ANDATA: JUVENTUS-PARMA 1-0 (FOTOGALLERY)\"}]},{\"@type\":\"WebSite\",\"@id\":\"https:\\\/\\\/www.parmacalcio1913.com\\\/en\\\/#website\",\"url\":\"https:\\\/\\\/www.parmacalcio1913.com\\\/en\\\/\",\"name\":\"Parma Calcio 1913\",\"description\":\"\",\"publisher\":{\"@id\":\"https:\\\/\\\/www.parmacalcio1913.com\\\/en\\\/#organization\"},\"potentialAction\":[{\"@type\":\"SearchAction\",\"target\":{\"@type\":\"EntryPoint\",\"urlTemplate\":\"https:\\\/\\\/www.parmacalcio1913.com\\\/en\\\/?s={search_term_string}\"},\"query-input\":{\"@type\":\"PropertyValueSpecification\",\"valueRequired\":true,\"valueName\":\"search_term_string\"}}],\"inLanguage\":\"en-US\"},{\"@type\":\"Organization\",\"@id\":\"https:\\\/\\\/www.parmacalcio1913.com\\\/en\\\/#organization\",\"name\":\"Parma Calcio 1913\",\"url\":\"https:\\\/\\\/www.parmacalcio1913.com\\\/en\\\/\",\"logo\":{\"@type\":\"ImageObject\",\"inLanguage\":\"en-US\",\"@id\":\"https:\\\/\\\/www.parmacalcio1913.com\\\/en\\\/#\\\/schema\\\/logo\\\/image\\\/\",\"url\":\"https:\\\/\\\/www.parmacalcio1913.com\\\/wp-content\\\/uploads\\\/2023\\\/04\\\/parma_logo.svg\",\"contentUrl\":\"https:\\\/\\\/www.parmacalcio1913.com\\\/wp-content\\\/uploads\\\/2023\\\/04\\\/parma_logo.svg\",\"width\":67.255,\"height\":82.323,\"caption\":\"Parma Calcio 1913\"},\"image\":{\"@id\":\"https:\\\/\\\/www.parmacalcio1913.com\\\/en\\\/#\\\/schema\\\/logo\\\/image\\\/\"},\"sameAs\":[\"https:\\\/\\\/www.facebook.com\\\/parmacalcio1913\\\/yoast\",\"https:\\\/\\\/www.tiktok.com\\\/@parmacalcio1913\\\/yoast\",\"https:\\\/\\\/www.instagram.com\\\/parmacalcio1913\\\/yoast\",\"https:\\\/\\\/it.linkedin.com\\\/company\\\/parma-calcio-1913\\\/yoast\",\"https:\\\/\\\/www.youtube.com\\\/c\\\/ParmaCalcio1913\\\/yoast\",\"https:\\\/\\\/www.threads.net\\\/@parmacalcio1913\\\/yoast\"]}]}<\/script>\n<!-- \/ Yoast SEO plugin. -->","yoast_head_json":{"title":"UNDER 17, 4^ ANDATA: JUVENTUS-PARMA 1-0 (FOTOGALLERY) - Parma Calcio 1913","robots":{"index":"index","follow":"follow","max-snippet":"max-snippet:-1","max-image-preview":"max-image-preview:large","max-video-preview":"max-video-preview:-1"},"canonical":"https:\/\/www.parmacalcio1913.com\/en\/main-news\/under-17-4-andata-juventus-parma-1-0-fotogallery\/","og_locale":"en_US","og_type":"article","og_title":"UNDER 17, 4^ ANDATA: JUVENTUS-PARMA 1-0 (FOTOGALLERY) - Parma Calcio 1913","og_description":"[swp_content page_og_title=&#8221;UNDER 17, 4^ ANDATA: JUVENTUS-PARMA 1-0 (FOTOGALLERY)&#8221; page_og_description=&#8221;null&#8221; page_og_type=&#8221;null&#8221; page_og_image=&#8221;https:\/\/www.parmacalcio1913.com\/wp-content\/uploads\/_ogs\/Juve-vs-Par-01-20231003172417.jpg&#8221; page_keywords=&#8221;null&#8221; page_description=&#8221;null&#8221; page_on_app=&#8221;1&#8243; news_cover=&#8221;https:\/\/www.parmacalcio1913.com\/wp-content\/uploads\/_news\/Juve-vs-Par-01-20231003172417.png&#8221; ][swp_wrapper id=&#8221;id&#8221; order=&#8221;1&#8243; name=&#8221;blocco 1&#8243; option_wrapper_color=&#8221;1&#8243; option_wrapper_image=&#8221;1&#8243; ][swp_hero_mini id=&#8221;0&#8243; type=&#8221;hero_mini&#8221; order=&#8221;1&#8243; name=&#8221;hero_mini&#8221; option_header_mini=&#8221;1&#8243; option_component_anchor=&#8221;null&#8221; option_component_padding=&#8221;[]&#8221; data_hero_title=&#8221;UNDER 17, 4^ ANDATA: JUVENTUS-PARMA 1-0 (FOTOGALLERY)&#8221; data_hero_image=&#8221;https:\/\/www.parmacalcio1913.com\/wp-content\/uploads\/_heros\/Juve-vs-Par-01-20231003172417.png&#8221; data_hero_image_responsive=&#8221;https:\/\/www.parmacalcio1913.com\/wp-content\/uploads\/_heros\/Juve-vs-Par-01-20231003172417.png&#8221; data_icon_image_alt=&#8221;null&#8221; ][\/swp_hero_mini][swp_base_p id=&#8221;1&#8243; type=&#8221;base_p&#8221; order=&#8221;2&#8243; name=&#8221;base_p&#8221; option_component_anchor=&#8221;null&#8221; option_component_padding=&#8221;[]&#8221; data_box_title=&#8221;null&#8221; data_box_subtitle=&#8221;null&#8221; data_box_text=&#8221; Vinovo (TO), 2 ottobre 2023&nbsp;\u2013 [&hellip;]","og_url":"https:\/\/www.parmacalcio1913.com\/en\/main-news\/under-17-4-andata-juventus-parma-1-0-fotogallery\/","og_site_name":"Parma Calcio 1913","article_publisher":"https:\/\/www.facebook.com\/parmacalcio1913\/yoast","article_modified_time":"2023-10-03T15:25:58+00:00","twitter_card":"summary_large_image","twitter_misc":{"Est. reading time":"4 minutes"},"schema":{"@context":"https:\/\/schema.org","@graph":[{"@type":"WebPage","@id":"https:\/\/www.parmacalcio1913.com\/en\/main-news\/under-17-4-andata-juventus-parma-1-0-fotogallery\/","url":"https:\/\/www.parmacalcio1913.com\/en\/main-news\/under-17-4-andata-juventus-parma-1-0-fotogallery\/","name":"UNDER 17, 4^ ANDATA: JUVENTUS-PARMA 1-0 (FOTOGALLERY) - Parma Calcio 1913","isPartOf":{"@id":"https:\/\/www.parmacalcio1913.com\/en\/#website"},"datePublished":"2023-10-02T14:25:33+00:00","dateModified":"2023-10-03T15:25:58+00:00","breadcrumb":{"@id":"https:\/\/www.parmacalcio1913.com\/en\/main-news\/under-17-4-andata-juventus-parma-1-0-fotogallery\/#breadcrumb"},"inLanguage":"en-US","potentialAction":[{"@type":"ReadAction","target":["https:\/\/www.parmacalcio1913.com\/en\/main-news\/under-17-4-andata-juventus-parma-1-0-fotogallery\/"]}]},{"@type":"BreadcrumbList","@id":"https:\/\/www.parmacalcio1913.com\/en\/main-news\/under-17-4-andata-juventus-parma-1-0-fotogallery\/#breadcrumb","itemListElement":[{"@type":"ListItem","position":1,"name":"Home","item":"https:\/\/www.parmacalcio1913.com\/en\/"},{"@type":"ListItem","position":2,"name":"News","item":"https:\/\/www.parmacalcio1913.com\/en\/main-news\/"},{"@type":"ListItem","position":3,"name":"UNDER 17, 4^ ANDATA: JUVENTUS-PARMA 1-0 (FOTOGALLERY)"}]},{"@type":"WebSite","@id":"https:\/\/www.parmacalcio1913.com\/en\/#website","url":"https:\/\/www.parmacalcio1913.com\/en\/","name":"Parma Calcio 1913","description":"","publisher":{"@id":"https:\/\/www.parmacalcio1913.com\/en\/#organization"},"potentialAction":[{"@type":"SearchAction","target":{"@type":"EntryPoint","urlTemplate":"https:\/\/www.parmacalcio1913.com\/en\/?s={search_term_string}"},"query-input":{"@type":"PropertyValueSpecification","valueRequired":true,"valueName":"search_term_string"}}],"inLanguage":"en-US"},{"@type":"Organization","@id":"https:\/\/www.parmacalcio1913.com\/en\/#organization","name":"Parma Calcio 1913","url":"https:\/\/www.parmacalcio1913.com\/en\/","logo":{"@type":"ImageObject","inLanguage":"en-US","@id":"https:\/\/www.parmacalcio1913.com\/en\/#\/schema\/logo\/image\/","url":"https:\/\/www.parmacalcio1913.com\/wp-content\/uploads\/2023\/04\/parma_logo.svg","contentUrl":"https:\/\/www.parmacalcio1913.com\/wp-content\/uploads\/2023\/04\/parma_logo.svg","width":67.255,"height":82.323,"caption":"Parma Calcio 1913"},"image":{"@id":"https:\/\/www.parmacalcio1913.com\/en\/#\/schema\/logo\/image\/"},"sameAs":["https:\/\/www.facebook.com\/parmacalcio1913\/yoast","https:\/\/www.tiktok.com\/@parmacalcio1913\/yoast","https:\/\/www.instagram.com\/parmacalcio1913\/yoast","https:\/\/it.linkedin.com\/company\/parma-calcio-1913\/yoast","https:\/\/www.youtube.com\/c\/ParmaCalcio1913\/yoast","https:\/\/www.threads.net\/@parmacalcio1913\/yoast"]}]}},"_links":{"self":[{"href":"https:\/\/www.parmacalcio1913.com\/en\/wp-json\/wp\/v2\/pr_news\/10547","targetHints":{"allow":["GET"]}}],"collection":[{"href":"https:\/\/www.parmacalcio1913.com\/en\/wp-json\/wp\/v2\/pr_news"}],"about":[{"href":"https:\/\/www.parmacalcio1913.com\/en\/wp-json\/wp\/v2\/types\/pr_news"}],"author":[{"embeddable":true,"href":"https:\/\/www.parmacalcio1913.com\/en\/wp-json\/wp\/v2\/users\/11"}],"version-history":[{"count":4,"href":"https:\/\/www.parmacalcio1913.com\/en\/wp-json\/wp\/v2\/pr_news\/10547\/revisions"}],"predecessor-version":[{"id":10594,"href":"https:\/\/www.parmacalcio1913.com\/en\/wp-json\/wp\/v2\/pr_news\/10547\/revisions\/10594"}],"wp:attachment":[{"href":"https:\/\/www.parmacalcio1913.com\/en\/wp-json\/wp\/v2\/media?parent=10547"}],"wp:term":[{"taxonomy":"category","embeddable":true,"href":"https:\/\/www.parmacalcio1913.com\/en\/wp-json\/wp\/v2\/categories?post=10547"},{"taxonomy":"post_tag","embeddable":true,"href":"https:\/\/www.parmacalcio1913.com\/en\/wp-json\/wp\/v2\/tags?post=10547"}],"curies":[{"name":"wp","href":"https:\/\/api.w.org\/{rel}","templated":true}]}}