{"id":42182,"date":"2024-08-30T12:38:43","date_gmt":"2024-08-30T10:38:43","guid":{"rendered":"https:\/\/www.parmacalcio1913.com\/?post_type=pr_flashnews&#038;p=42182"},"modified":"2024-08-30T12:38:43","modified_gmt":"2024-08-30T10:38:43","slug":"napoli-parma-viabilita-e-modalita-di-accesso-per-i-tifosi-gialloblu","status":"publish","type":"pr_flashnews","link":"https:\/\/www.parmacalcio1913.com\/en\/flash-news\/napoli-parma-viabilita-e-modalita-di-accesso-per-i-tifosi-gialloblu\/","title":{"rendered":"NAPOLI-PARMA: VIABILIT\u00c0 E MODALIT\u00c0 DI ACCESSO PER I TIFOSI GIALLOBLU"},"content":{"rendered":"<p>[swp_content page_og_title=&#8221;NAPOLI-PARMA: VIABILIT\u00c0 E MODALIT\u00c0 DI ACCESSO PER I TIFOSI GIALLOBLU&#8221; page_og_description=&#8221;null&#8221; page_og_type=&#8221;null&#8221; page_og_image=&#8221;null&#8221; page_keywords=&#8221;null&#8221; page_description=&#8221;null&#8221; ][swp_wrapper  id=&#8221;id&#8221;  order=&#8221;1&#8243;  name=&#8221;blocco 1&#8243; option_wrapper_color=&#8221;1&#8243; option_wrapper_image=&#8221;1&#8243; ][swp_flash  id=&#8221;0&#8243;  type=&#8221;flash&#8221;  order=&#8221;1&#8243;  name=&#8221;flash&#8221; option_component_anchor=&#8221;null&#8221; option_component_padding=&#8221;[]&#8221; data_news_title=&#8221;NAPOLI-PARMA: VIABILIT\u00c0 E MODALIT\u00c0 DI ACCESSO PER I TIFOSI GIALLOBLU&#8221; data_news_text=&#8221;<\/p>\n<p><em>Parma, 30 agosto 2024<\/em>&nbsp;&#8211; Parma Calcio comunica ai propri tifosi che in occasione della partita di Serie A Enilive Napoli-Parma, in programma sabato 31 agosto alle ore 20:45 allo stadio \u201cSan Paolo-Maradona\u201d di Napoli, l\u2019<strong>ingresso<\/strong>&nbsp;del&nbsp;<strong>Settore Ospiti Superiore<\/strong>, nella zona sud-ovest dell\u2019impianto, sar\u00e0 il Gate 26. L\u2019<strong>accesso<\/strong>&nbsp;al Settore Ospiti \u00e8 in&nbsp;<strong>Largo Barsanti Matteucci\/Via Marconi<\/strong>.<\/p>\n<p>&nbsp;<\/p>\n<p>IN PULLMAN, MINIVAN E AUTO<\/p>\n<p>Per tutti coloro che si muoveranno da Parma in&nbsp;<strong>pullman, minivan o auto<\/strong>, il punto di&nbsp;<strong>ritrovo<\/strong>&nbsp;\u00e8 la&nbsp;<strong>sottosezione&nbsp;<\/strong>della&nbsp;<strong>Polizia Stradale<\/strong>&nbsp;<strong>Napoli Nord<\/strong>&nbsp;(lungo l\u2019autostrada&nbsp;<strong>A1<\/strong>, poco dopo Afragola). Da l\u00ec, con i propri mezzi, i sostenitori gialloblu verranno accompagnati al Settore Ospiti.<\/p>\n<p>&nbsp;<\/p>\n<p>IN TRENO<\/p>\n<p>Per chi giunge a Napoli in treno, la stazione&nbsp;<strong>metro<\/strong>&nbsp;pi\u00f9 vicina \u00e8&nbsp;<strong>\u201cCampi Flegrei\u201d,<\/strong>&nbsp;raggiungibile dalla stazione Centrale Garibaldi con la&nbsp;<strong>linea 2<\/strong>.<\/p>\n<p>&nbsp;<\/p>\n<p>&#8221; ][\/swp_flash][\/swp_wrapper][\/swp_content]<\/p>\n","protected":false},"excerpt":{"rendered":"<p>[swp_content page_og_title=&#8221;NAPOLI-PARMA: VIABILIT\u00c0 E MODALIT\u00c0 DI ACCESSO PER I TIFOSI GIALLOBLU&#8221; page_og_description=&#8221;null&#8221; page_og_type=&#8221;null&#8221; page_og_image=&#8221;null&#8221; page_keywords=&#8221;null&#8221; page_description=&#8221;null&#8221; ][swp_wrapper id=&#8221;id&#8221; order=&#8221;1&#8243; name=&#8221;blocco 1&#8243; option_wrapper_color=&#8221;1&#8243; option_wrapper_image=&#8221;1&#8243; ][swp_flash id=&#8221;0&#8243; type=&#8221;flash&#8221; order=&#8221;1&#8243; name=&#8221;flash&#8221; option_component_anchor=&#8221;null&#8221; option_component_padding=&#8221;[]&#8221; data_news_title=&#8221;NAPOLI-PARMA: VIABILIT\u00c0 E MODALIT\u00c0 DI ACCESSO PER I TIFOSI GIALLOBLU&#8221; data_news_text=&#8221; Parma, 30 agosto 2024&nbsp;&#8211; Parma Calcio comunica ai propri tifosi che in occasione della [&hellip;]<\/p>\n","protected":false},"author":21,"featured_media":0,"menu_order":0,"template":"","format":"standard","meta":{"footnotes":""},"categories":[62],"tags":[129,84],"class_list":["post-42182","pr_flashnews","type-pr_flashnews","status-publish","format-standard","hentry","category-prima-squadra-maschile","tag-biglietteria","tag-tifosi"],"yoast_head":"<!-- This site is optimized with the Yoast SEO plugin v27.4 - https:\/\/yoast.com\/product\/yoast-seo-wordpress\/ -->\n<title>NAPOLI-PARMA: VIABILIT\u00c0 E MODALIT\u00c0 DI ACCESSO PER I TIFOSI GIALLOBLU - Parma Calcio 1913<\/title>\n<meta name=\"robots\" content=\"index, follow, max-snippet:-1, max-image-preview:large, max-video-preview:-1\" \/>\n<link rel=\"canonical\" href=\"https:\/\/www.parmacalcio1913.com\/en\/flash-news\/napoli-parma-viabilita-e-modalita-di-accesso-per-i-tifosi-gialloblu\/\" \/>\n<meta property=\"og:locale\" content=\"en_US\" \/>\n<meta property=\"og:type\" content=\"article\" \/>\n<meta property=\"og:title\" content=\"NAPOLI-PARMA: VIABILIT\u00c0 E MODALIT\u00c0 DI ACCESSO PER I TIFOSI GIALLOBLU - Parma Calcio 1913\" \/>\n<meta property=\"og:description\" content=\"[swp_content page_og_title=&#8221;NAPOLI-PARMA: VIABILIT\u00c0 E MODALIT\u00c0 DI ACCESSO PER I TIFOSI GIALLOBLU&#8221; page_og_description=&#8221;null&#8221; page_og_type=&#8221;null&#8221; page_og_image=&#8221;null&#8221; page_keywords=&#8221;null&#8221; page_description=&#8221;null&#8221; ][swp_wrapper id=&#8221;id&#8221; order=&#8221;1&#8243; name=&#8221;blocco 1&#8243; option_wrapper_color=&#8221;1&#8243; option_wrapper_image=&#8221;1&#8243; ][swp_flash id=&#8221;0&#8243; type=&#8221;flash&#8221; order=&#8221;1&#8243; name=&#8221;flash&#8221; option_component_anchor=&#8221;null&#8221; option_component_padding=&#8221;[]&#8221; data_news_title=&#8221;NAPOLI-PARMA: VIABILIT\u00c0 E MODALIT\u00c0 DI ACCESSO PER I TIFOSI GIALLOBLU&#8221; data_news_text=&#8221; Parma, 30 agosto 2024&nbsp;&#8211; Parma Calcio comunica ai propri tifosi che in occasione della [&hellip;]\" \/>\n<meta property=\"og:url\" content=\"https:\/\/www.parmacalcio1913.com\/en\/flash-news\/napoli-parma-viabilita-e-modalita-di-accesso-per-i-tifosi-gialloblu\/\" \/>\n<meta property=\"og:site_name\" content=\"Parma Calcio 1913\" \/>\n<meta property=\"article:publisher\" content=\"https:\/\/www.facebook.com\/parmacalcio1913\/yoast\" \/>\n<meta name=\"twitter:card\" content=\"summary_large_image\" \/>\n<script type=\"application\/ld+json\" class=\"yoast-schema-graph\">{\"@context\":\"https:\\\/\\\/schema.org\",\"@graph\":[{\"@type\":\"WebPage\",\"@id\":\"https:\\\/\\\/www.parmacalcio1913.com\\\/en\\\/flash-news\\\/napoli-parma-viabilita-e-modalita-di-accesso-per-i-tifosi-gialloblu\\\/\",\"url\":\"https:\\\/\\\/www.parmacalcio1913.com\\\/en\\\/flash-news\\\/napoli-parma-viabilita-e-modalita-di-accesso-per-i-tifosi-gialloblu\\\/\",\"name\":\"NAPOLI-PARMA: VIABILIT\u00c0 E MODALIT\u00c0 DI ACCESSO PER I TIFOSI GIALLOBLU - Parma Calcio 1913\",\"isPartOf\":{\"@id\":\"https:\\\/\\\/www.parmacalcio1913.com\\\/en\\\/#website\"},\"datePublished\":\"2024-08-30T10:38:43+00:00\",\"breadcrumb\":{\"@id\":\"https:\\\/\\\/www.parmacalcio1913.com\\\/en\\\/flash-news\\\/napoli-parma-viabilita-e-modalita-di-accesso-per-i-tifosi-gialloblu\\\/#breadcrumb\"},\"inLanguage\":\"en-US\",\"potentialAction\":[{\"@type\":\"ReadAction\",\"target\":[\"https:\\\/\\\/www.parmacalcio1913.com\\\/en\\\/flash-news\\\/napoli-parma-viabilita-e-modalita-di-accesso-per-i-tifosi-gialloblu\\\/\"]}]},{\"@type\":\"BreadcrumbList\",\"@id\":\"https:\\\/\\\/www.parmacalcio1913.com\\\/en\\\/flash-news\\\/napoli-parma-viabilita-e-modalita-di-accesso-per-i-tifosi-gialloblu\\\/#breadcrumb\",\"itemListElement\":[{\"@type\":\"ListItem\",\"position\":1,\"name\":\"Home\",\"item\":\"https:\\\/\\\/www.parmacalcio1913.com\\\/en\\\/\"},{\"@type\":\"ListItem\",\"position\":2,\"name\":\"Flash News\",\"item\":\"https:\\\/\\\/www.parmacalcio1913.com\\\/en\\\/flash-news\\\/\"},{\"@type\":\"ListItem\",\"position\":3,\"name\":\"NAPOLI-PARMA: VIABILIT\u00c0 E MODALIT\u00c0 DI ACCESSO PER I TIFOSI GIALLOBLU\"}]},{\"@type\":\"WebSite\",\"@id\":\"https:\\\/\\\/www.parmacalcio1913.com\\\/en\\\/#website\",\"url\":\"https:\\\/\\\/www.parmacalcio1913.com\\\/en\\\/\",\"name\":\"Parma Calcio 1913\",\"description\":\"\",\"publisher\":{\"@id\":\"https:\\\/\\\/www.parmacalcio1913.com\\\/en\\\/#organization\"},\"potentialAction\":[{\"@type\":\"SearchAction\",\"target\":{\"@type\":\"EntryPoint\",\"urlTemplate\":\"https:\\\/\\\/www.parmacalcio1913.com\\\/en\\\/?s={search_term_string}\"},\"query-input\":{\"@type\":\"PropertyValueSpecification\",\"valueRequired\":true,\"valueName\":\"search_term_string\"}}],\"inLanguage\":\"en-US\"},{\"@type\":\"Organization\",\"@id\":\"https:\\\/\\\/www.parmacalcio1913.com\\\/en\\\/#organization\",\"name\":\"Parma Calcio 1913\",\"url\":\"https:\\\/\\\/www.parmacalcio1913.com\\\/en\\\/\",\"logo\":{\"@type\":\"ImageObject\",\"inLanguage\":\"en-US\",\"@id\":\"https:\\\/\\\/www.parmacalcio1913.com\\\/en\\\/#\\\/schema\\\/logo\\\/image\\\/\",\"url\":\"https:\\\/\\\/www.parmacalcio1913.com\\\/wp-content\\\/uploads\\\/2023\\\/04\\\/parma_logo.svg\",\"contentUrl\":\"https:\\\/\\\/www.parmacalcio1913.com\\\/wp-content\\\/uploads\\\/2023\\\/04\\\/parma_logo.svg\",\"width\":67.255,\"height\":82.323,\"caption\":\"Parma Calcio 1913\"},\"image\":{\"@id\":\"https:\\\/\\\/www.parmacalcio1913.com\\\/en\\\/#\\\/schema\\\/logo\\\/image\\\/\"},\"sameAs\":[\"https:\\\/\\\/www.facebook.com\\\/parmacalcio1913\\\/yoast\",\"https:\\\/\\\/www.tiktok.com\\\/@parmacalcio1913\\\/yoast\",\"https:\\\/\\\/www.instagram.com\\\/parmacalcio1913\\\/yoast\",\"https:\\\/\\\/it.linkedin.com\\\/company\\\/parma-calcio-1913\\\/yoast\",\"https:\\\/\\\/www.youtube.com\\\/c\\\/ParmaCalcio1913\\\/yoast\",\"https:\\\/\\\/www.threads.net\\\/@parmacalcio1913\\\/yoast\"]}]}<\/script>\n<!-- \/ Yoast SEO plugin. -->","yoast_head_json":{"title":"NAPOLI-PARMA: VIABILIT\u00c0 E MODALIT\u00c0 DI ACCESSO PER I TIFOSI GIALLOBLU - Parma Calcio 1913","robots":{"index":"index","follow":"follow","max-snippet":"max-snippet:-1","max-image-preview":"max-image-preview:large","max-video-preview":"max-video-preview:-1"},"canonical":"https:\/\/www.parmacalcio1913.com\/en\/flash-news\/napoli-parma-viabilita-e-modalita-di-accesso-per-i-tifosi-gialloblu\/","og_locale":"en_US","og_type":"article","og_title":"NAPOLI-PARMA: VIABILIT\u00c0 E MODALIT\u00c0 DI ACCESSO PER I TIFOSI GIALLOBLU - Parma Calcio 1913","og_description":"[swp_content page_og_title=&#8221;NAPOLI-PARMA: VIABILIT\u00c0 E MODALIT\u00c0 DI ACCESSO PER I TIFOSI GIALLOBLU&#8221; page_og_description=&#8221;null&#8221; page_og_type=&#8221;null&#8221; page_og_image=&#8221;null&#8221; page_keywords=&#8221;null&#8221; page_description=&#8221;null&#8221; ][swp_wrapper id=&#8221;id&#8221; order=&#8221;1&#8243; name=&#8221;blocco 1&#8243; option_wrapper_color=&#8221;1&#8243; option_wrapper_image=&#8221;1&#8243; ][swp_flash id=&#8221;0&#8243; type=&#8221;flash&#8221; order=&#8221;1&#8243; name=&#8221;flash&#8221; option_component_anchor=&#8221;null&#8221; option_component_padding=&#8221;[]&#8221; data_news_title=&#8221;NAPOLI-PARMA: VIABILIT\u00c0 E MODALIT\u00c0 DI ACCESSO PER I TIFOSI GIALLOBLU&#8221; data_news_text=&#8221; Parma, 30 agosto 2024&nbsp;&#8211; Parma Calcio comunica ai propri tifosi che in occasione della [&hellip;]","og_url":"https:\/\/www.parmacalcio1913.com\/en\/flash-news\/napoli-parma-viabilita-e-modalita-di-accesso-per-i-tifosi-gialloblu\/","og_site_name":"Parma Calcio 1913","article_publisher":"https:\/\/www.facebook.com\/parmacalcio1913\/yoast","twitter_card":"summary_large_image","schema":{"@context":"https:\/\/schema.org","@graph":[{"@type":"WebPage","@id":"https:\/\/www.parmacalcio1913.com\/en\/flash-news\/napoli-parma-viabilita-e-modalita-di-accesso-per-i-tifosi-gialloblu\/","url":"https:\/\/www.parmacalcio1913.com\/en\/flash-news\/napoli-parma-viabilita-e-modalita-di-accesso-per-i-tifosi-gialloblu\/","name":"NAPOLI-PARMA: VIABILIT\u00c0 E MODALIT\u00c0 DI ACCESSO PER I TIFOSI GIALLOBLU - Parma Calcio 1913","isPartOf":{"@id":"https:\/\/www.parmacalcio1913.com\/en\/#website"},"datePublished":"2024-08-30T10:38:43+00:00","breadcrumb":{"@id":"https:\/\/www.parmacalcio1913.com\/en\/flash-news\/napoli-parma-viabilita-e-modalita-di-accesso-per-i-tifosi-gialloblu\/#breadcrumb"},"inLanguage":"en-US","potentialAction":[{"@type":"ReadAction","target":["https:\/\/www.parmacalcio1913.com\/en\/flash-news\/napoli-parma-viabilita-e-modalita-di-accesso-per-i-tifosi-gialloblu\/"]}]},{"@type":"BreadcrumbList","@id":"https:\/\/www.parmacalcio1913.com\/en\/flash-news\/napoli-parma-viabilita-e-modalita-di-accesso-per-i-tifosi-gialloblu\/#breadcrumb","itemListElement":[{"@type":"ListItem","position":1,"name":"Home","item":"https:\/\/www.parmacalcio1913.com\/en\/"},{"@type":"ListItem","position":2,"name":"Flash News","item":"https:\/\/www.parmacalcio1913.com\/en\/flash-news\/"},{"@type":"ListItem","position":3,"name":"NAPOLI-PARMA: VIABILIT\u00c0 E MODALIT\u00c0 DI ACCESSO PER I TIFOSI GIALLOBLU"}]},{"@type":"WebSite","@id":"https:\/\/www.parmacalcio1913.com\/en\/#website","url":"https:\/\/www.parmacalcio1913.com\/en\/","name":"Parma Calcio 1913","description":"","publisher":{"@id":"https:\/\/www.parmacalcio1913.com\/en\/#organization"},"potentialAction":[{"@type":"SearchAction","target":{"@type":"EntryPoint","urlTemplate":"https:\/\/www.parmacalcio1913.com\/en\/?s={search_term_string}"},"query-input":{"@type":"PropertyValueSpecification","valueRequired":true,"valueName":"search_term_string"}}],"inLanguage":"en-US"},{"@type":"Organization","@id":"https:\/\/www.parmacalcio1913.com\/en\/#organization","name":"Parma Calcio 1913","url":"https:\/\/www.parmacalcio1913.com\/en\/","logo":{"@type":"ImageObject","inLanguage":"en-US","@id":"https:\/\/www.parmacalcio1913.com\/en\/#\/schema\/logo\/image\/","url":"https:\/\/www.parmacalcio1913.com\/wp-content\/uploads\/2023\/04\/parma_logo.svg","contentUrl":"https:\/\/www.parmacalcio1913.com\/wp-content\/uploads\/2023\/04\/parma_logo.svg","width":67.255,"height":82.323,"caption":"Parma Calcio 1913"},"image":{"@id":"https:\/\/www.parmacalcio1913.com\/en\/#\/schema\/logo\/image\/"},"sameAs":["https:\/\/www.facebook.com\/parmacalcio1913\/yoast","https:\/\/www.tiktok.com\/@parmacalcio1913\/yoast","https:\/\/www.instagram.com\/parmacalcio1913\/yoast","https:\/\/it.linkedin.com\/company\/parma-calcio-1913\/yoast","https:\/\/www.youtube.com\/c\/ParmaCalcio1913\/yoast","https:\/\/www.threads.net\/@parmacalcio1913\/yoast"]}]}},"_links":{"self":[{"href":"https:\/\/www.parmacalcio1913.com\/en\/wp-json\/wp\/v2\/pr_flashnews\/42182","targetHints":{"allow":["GET"]}}],"collection":[{"href":"https:\/\/www.parmacalcio1913.com\/en\/wp-json\/wp\/v2\/pr_flashnews"}],"about":[{"href":"https:\/\/www.parmacalcio1913.com\/en\/wp-json\/wp\/v2\/types\/pr_flashnews"}],"author":[{"embeddable":true,"href":"https:\/\/www.parmacalcio1913.com\/en\/wp-json\/wp\/v2\/users\/21"}],"version-history":[{"count":1,"href":"https:\/\/www.parmacalcio1913.com\/en\/wp-json\/wp\/v2\/pr_flashnews\/42182\/revisions"}],"predecessor-version":[{"id":42183,"href":"https:\/\/www.parmacalcio1913.com\/en\/wp-json\/wp\/v2\/pr_flashnews\/42182\/revisions\/42183"}],"wp:attachment":[{"href":"https:\/\/www.parmacalcio1913.com\/en\/wp-json\/wp\/v2\/media?parent=42182"}],"wp:term":[{"taxonomy":"category","embeddable":true,"href":"https:\/\/www.parmacalcio1913.com\/en\/wp-json\/wp\/v2\/categories?post=42182"},{"taxonomy":"post_tag","embeddable":true,"href":"https:\/\/www.parmacalcio1913.com\/en\/wp-json\/wp\/v2\/tags?post=42182"}],"curies":[{"name":"wp","href":"https:\/\/api.w.org\/{rel}","templated":true}]}}